{"id":85737,"date":"2025-05-12T06:36:09","date_gmt":"2025-05-12T09:36:09","guid":{"rendered":"https:\/\/noticiasbahia360.com.br\/?p=85737"},"modified":"2025-05-12T06:36:09","modified_gmt":"2025-05-12T09:36:09","slug":"mutirao-gratuito-de-exames-atendera-pacientes-com-historico-de-avc-infarto-ou-diabetes-veja-como-agendar","status":"publish","type":"post","link":"https:\/\/noticiasbahia360.com.br\/?p=85737","title":{"rendered":"Mutir\u00e3o gratuito de exames atender\u00e1 pacientes com hist\u00f3rico de AVC, infarto ou diabetes; veja como agendar"},"content":{"rendered":"<div>\n<div>\n<figure><img decoding=\"async\" src=\"http:\/\/noticiasbahia360.com.br\/wp-content\/uploads\/2025\/05\/plano-de-saude-medico-consulta-freepik.jpg\" alt=\"plano de sa\u00fade\"><figcaption>Foto: Racool_studio\/Freepik<\/figcaption><\/figure>\n<\/div>\n<p>A Escola de Ecocardiografia da Bahia realiza, entre os dias 16 e 18 de maio, um curso voltado para m\u00e9dicos com foco em Doppler de Car\u00f3tidas e Vertebrais. Como parte da forma\u00e7\u00e3o pr\u00e1tica dos profissionais, ser\u00e1 promovido um mutir\u00e3o de exames gratuitos para pacientes com fatores de risco cardiovascular, como<a href=\"https:\/\/www.acordacidade.com.br\/tag\/diabetes\/\"> diabetes<\/a>, <a href=\"https:\/\/www.acordacidade.com.br\/tag\/infarto\/\">infarto<\/a> do mioc\u00e1rdio ou <a href=\"https:\/\/www.acordacidade.com.br\/tag\/avc\/\">AVC<\/a>.<\/p>\n<p><strong>Para participar, os interessados devem entrar em contato pelo telefone (75) 98369-1001 e garantir o agendamento. Como forma de colabora\u00e7\u00e3o solid\u00e1ria, \u00e9 solicitada a doa\u00e7\u00e3o de 2 kg de alimento n\u00e3o perec\u00edvel, que ser\u00e3o destinados ao Dispens\u00e1rio Santana.<\/strong><\/p>\n<p><strong>A a\u00e7\u00e3o busca beneficiar especialmente pessoas com idade acima de 50 anos, de ambos os sexos. Os exames gratuitos acontecer\u00e3o nos dias 17 e 18 de maio e ser\u00e3o realizados por m\u00e9dicos em treinamento, com revis\u00e3o e valida\u00e7\u00e3o dos resultados feita por professores especializados. Os laudos estar\u00e3o dispon\u00edveis para retirada a partir de 6 de junho.<\/strong><\/p>\n<p>\u201cEsse tipo de exame \u00e9 fundamental para a detec\u00e7\u00e3o precoce de doen\u00e7as cerebrovasculares. A popula\u00e7\u00e3o com hist\u00f3rico de doen\u00e7as card\u00edacas ou metab\u00f3licas precisa estar atenta e se cuidar. O mutir\u00e3o \u00e9 uma oportunidade de acesso gratuito a um procedimento muito importante para o diagn\u00f3stico\u201d, destaca o cardiologista Andr\u00e9 Almeida, coordenador da Escola de Ecocardiografia da Bahia.<\/p>\n<p>A parte te\u00f3rica do curso ser\u00e1 realizada no dia 16 de maio, enquanto os exames acontecem nos dias 17 e 18. A participa\u00e7\u00e3o no mutir\u00e3o \u00e9 restrita aos pacientes previamente selecionados e agendados.<\/p>\n<p><em>Siga o Acorda Cidade no<\/em><a href=\"https:\/\/news.google.com\/search?q=acorda%20cidade&amp;hl=pt-BR&amp;gl=BR&amp;ceid=BR%3Apt-419\"><strong><em>\u00a0Google Not\u00edcias<\/em><\/strong><\/a><em>\u00a0e receba os principais destaques do dia. Participe tamb\u00e9m dos nossos canais no\u00a0<\/em><a href=\"https:\/\/www.whatsapp.com\/channel\/0029Va6Rb4v3WHTNnsh8WI3N\"><strong><em>WhatsApp<\/em><\/strong><\/a><em>\u00a0e\u00a0<\/em><a href=\"https:\/\/www.youtube.com\/@acordacidadenoticias\/videos\"><strong>Youtube<\/strong><\/a><em>\u00a0e grupo de\u00a0<\/em><a href=\"https:\/\/t.me\/+sSz0khrgARA0ZmRh\"><strong><em>Telegram<\/em><\/strong><\/a><em>.<\/em><\/p>\n<\/div>\n","protected":false},"excerpt":{"rendered":"<div>\n<div>\n<figure><img decoding=\"async\" src=\"https:\/\/uploads.acordacidade.com.br\/wp-content\/uploads\/2024\/03\/02220829\/plano-de-saude-medico-consulta-freepik.jpg\" alt=\"plano de sa\u00fade\"><figcaption>Foto: Racool_studio\/Freepik<\/figcaption><\/figure>\n<\/div>\n<p>Os exames acontecer\u00e3o nos dias 17 e 18 de maio e ser\u00e3o realizados por m\u00e9dicos em treinamento, com revis\u00e3o de professores especializados.<\/p><\/div>\n","protected":false},"author":1,"featured_media":85738,"comment_status":"closed","ping_status":"closed","sticky":false,"template":"","format":"gallery","meta":{"footnotes":""},"categories":[8,9,6,57,56,10],"tags":[],"class_list":["post-85737","post","type-post","status-publish","format-gallery","has-post-thumbnail","hentry","category-bahia","category-brasil","category-feira-de-santana","category-mundo","category-policia","category-politica","post_format-post-format-gallery"],"featured_image_urls":{"full":["https:\/\/noticiasbahia360.com.br\/wp-content\/uploads\/2025\/05\/plano-de-saude-medico-consulta-freepik.jpg",640,399,false],"thumbnail":["https:\/\/noticiasbahia360.com.br\/wp-content\/uploads\/2025\/05\/plano-de-saude-medico-consulta-freepik-150x150.jpg",150,150,true],"medium":["https:\/\/noticiasbahia360.com.br\/wp-content\/uploads\/2025\/05\/plano-de-saude-medico-consulta-freepik-300x187.jpg",300,187,true],"medium_large":["https:\/\/noticiasbahia360.com.br\/wp-content\/uploads\/2025\/05\/plano-de-saude-medico-consulta-freepik.jpg",640,399,false],"large":["https:\/\/noticiasbahia360.com.br\/wp-content\/uploads\/2025\/05\/plano-de-saude-medico-consulta-freepik.jpg",640,399,false],"1536x1536":["https:\/\/noticiasbahia360.com.br\/wp-content\/uploads\/2025\/05\/plano-de-saude-medico-consulta-freepik.jpg",640,399,false],"2048x2048":["https:\/\/noticiasbahia360.com.br\/wp-content\/uploads\/2025\/05\/plano-de-saude-medico-consulta-freepik.jpg",640,399,false],"chromenews-featured":["https:\/\/noticiasbahia360.com.br\/wp-content\/uploads\/2025\/05\/plano-de-saude-medico-consulta-freepik.jpg",640,399,false],"chromenews-large":["https:\/\/noticiasbahia360.com.br\/wp-content\/uploads\/2025\/05\/plano-de-saude-medico-consulta-freepik.jpg",640,399,false],"chromenews-medium":["https:\/\/noticiasbahia360.com.br\/wp-content\/uploads\/2025\/05\/plano-de-saude-medico-consulta-freepik-590x399.jpg",590,399,true]},"author_info":{"display_name":"noticiasbahia360.com.br","author_link":"https:\/\/noticiasbahia360.com.br\/?author=1"},"category_info":"<a href=\"https:\/\/noticiasbahia360.com.br\/?cat=8\" rel=\"category\">Bahia<\/a> <a href=\"https:\/\/noticiasbahia360.com.br\/?cat=9\" rel=\"category\">Brasil<\/a> <a href=\"https:\/\/noticiasbahia360.com.br\/?cat=6\" rel=\"category\">Feira de Santana<\/a> <a href=\"https:\/\/noticiasbahia360.com.br\/?cat=57\" rel=\"category\">Mundo<\/a> <a href=\"https:\/\/noticiasbahia360.com.br\/?cat=56\" rel=\"category\">Pol\u00edcia<\/a> <a href=\"https:\/\/noticiasbahia360.com.br\/?cat=10\" rel=\"category\">Pol\u00edtica<\/a>","tag_info":"Pol\u00edtica","comment_count":"0","_links":{"self":[{"href":"https:\/\/noticiasbahia360.com.br\/index.php?rest_route=\/wp\/v2\/posts\/85737","targetHints":{"allow":["GET"]}}],"collection":[{"href":"https:\/\/noticiasbahia360.com.br\/index.php?rest_route=\/wp\/v2\/posts"}],"about":[{"href":"https:\/\/noticiasbahia360.com.br\/index.php?rest_route=\/wp\/v2\/types\/post"}],"author":[{"embeddable":true,"href":"https:\/\/noticiasbahia360.com.br\/index.php?rest_route=\/wp\/v2\/users\/1"}],"replies":[{"embeddable":true,"href":"https:\/\/noticiasbahia360.com.br\/index.php?rest_route=%2Fwp%2Fv2%2Fcomments&post=85737"}],"version-history":[{"count":0,"href":"https:\/\/noticiasbahia360.com.br\/index.php?rest_route=\/wp\/v2\/posts\/85737\/revisions"}],"wp:featuredmedia":[{"embeddable":true,"href":"https:\/\/noticiasbahia360.com.br\/index.php?rest_route=\/wp\/v2\/media\/85738"}],"wp:attachment":[{"href":"https:\/\/noticiasbahia360.com.br\/index.php?rest_route=%2Fwp%2Fv2%2Fmedia&parent=85737"}],"wp:term":[{"taxonomy":"category","embeddable":true,"href":"https:\/\/noticiasbahia360.com.br\/index.php?rest_route=%2Fwp%2Fv2%2Fcategories&post=85737"},{"taxonomy":"post_tag","embeddable":true,"href":"https:\/\/noticiasbahia360.com.br\/index.php?rest_route=%2Fwp%2Fv2%2Ftags&post=85737"}],"curies":[{"name":"wp","href":"https:\/\/api.w.org\/{rel}","templated":true}]}} 