{"id":85746,"date":"2025-05-12T08:09:10","date_gmt":"2025-05-12T11:09:10","guid":{"rendered":"https:\/\/noticiasbahia360.com.br\/?p=85746"},"modified":"2025-05-12T08:09:10","modified_gmt":"2025-05-12T11:09:10","slug":"com-gol-nos-acrescimos-palmeiras-vence-o-sao-paulo-e-assume-lideranca","status":"publish","type":"post","link":"https:\/\/noticiasbahia360.com.br\/?p=85746","title":{"rendered":"Com gol nos acr\u00e9scimos, Palmeiras vence o S\u00e3o Paulo e assume lideran\u00e7a"},"content":{"rendered":"<div>\n<div>\n<figure><img decoding=\"async\" src=\"http:\/\/noticiasbahia360.com.br\/wp-content\/uploads\/2025\/05\/palmeiras_foto_cesargreco_poweredby.jpg\" alt=\"Palmeiras\"><figcaption>Foto: Cesar Greco<\/figcaption><\/figure>\n<\/div>\n<p>Ag\u00eancia Brasil \u2013 Com um gol do atacante Vitor Roque j\u00e1 nos acr\u00e9scimos do segundo tempo, o Palmeiras arrancou uma vit\u00f3ria de 1 a 0 sobre o S\u00e3o Paulo, na noite deste domingo (11) na Arena Barueri, para permanecer na lideran\u00e7a isolada da S\u00e9rie A do <a href=\"https:\/\/www.acordacidade.com.br\/tag\/campeonato-brasileiro\/\">Campeonato Brasileiro<\/a>.<\/p>\n<p>Gra\u00e7as a esta vit\u00f3ria, o Palmeiras chegou aos 19 pontos, dois a mais do que vice-l\u00edder Flamengo, que derrotou o Bahia por 1 a 0 no \u00faltimo s\u00e1bado (10) no est\u00e1dio do Maracan\u00e3. J\u00e1 o S\u00e3o Paulo ocupa a 16\u00aa coloca\u00e7\u00e3o da classifica\u00e7\u00e3o com nove pontos conquistados.<\/p>\n<p>Em um confronto muito parelho, a equipe comandada pelo t\u00e9cnico portugu\u00eas Abel Ferreira s\u00f3 conseguiu chegar \u00e0 vit\u00f3ria nos acr\u00e9scimos, quando o atacante Vitor Roque aproveitou rebote dado pelo goleiro Rafael ap\u00f3s finaliza\u00e7\u00e3o de Felipe Anderson para fazer o gol da vit\u00f3ria.<\/p>\n<p><strong>Galo vitorioso<\/strong><\/p>\n<p>Em partida transmitida ao vivo pela R\u00e1dio Nacional, o Atl\u00e9tico-MG derrotou o Fluminense por 3 a 2 em um confronto muito movimentado em Belo Horizonte. Igor Gomes, J\u00fanior Santos e Rubens marcaram para o Galo, enquanto Serna e Canobbio descontaram para o Tricolor das Laranjeiras.<\/p>\n<p>A vit\u00f3ria levou o Atl\u00e9tico-MG para a 6\u00aa coloca\u00e7\u00e3o da classifica\u00e7\u00e3o com 12 pontos. J\u00e1 o Fluminense aparece em uma posi\u00e7\u00e3o acima, com 13 pontos.<\/p>\n<p><strong>Outros resultados:<\/strong><\/p>\n<p>Sport 0 x 4 Cruzeiro<br \/>Botafogo 4 x 0 Internacional<\/p>\n<p><em>Siga o Acorda Cidade no<\/em><a href=\"https:\/\/news.google.com\/search?q=acorda%20cidade&amp;hl=pt-BR&amp;gl=BR&amp;ceid=BR%3Apt-419\"><strong><em> Google Not\u00edcias<\/em><\/strong><\/a><em> e receba os principais destaques do dia. Participe tamb\u00e9m dos nossos canais no <\/em><a href=\"https:\/\/whatsapp.com\/channel\/0029Va6Rb4v3WHTNnsh8WI3N\"><strong><em>WhatsApp<\/em><\/strong><\/a><em> e <\/em><a href=\"https:\/\/www.youtube.com\/@acordacidadenoticias\/videos\"><strong>Youtube<\/strong><\/a><em> e grupo de <\/em><a href=\"https:\/\/t.me\/+sSz0khrgARA0ZmRh\"><strong><em>Telegram<\/em><\/strong><\/a><em>.<\/em><\/p>\n<\/div>\n","protected":false},"excerpt":{"rendered":"<div>\n<div>\n<figure><img decoding=\"async\" src=\"https:\/\/uploads.acordacidade.com.br\/2025\/05\/palmeiras_foto_cesargreco_poweredby.jpg\" alt=\"Palmeiras\"><figcaption>Foto: Cesar Greco<\/figcaption><\/figure>\n<\/div>\n<p>O Palmeiras chegou aos 19 pontos, dois a mais do que vice-l\u00edder Flamengo, que derrotou o Bahia por 1 a 0 no \u00faltimo s\u00e1bado (10).<\/p><\/div>\n","protected":false},"author":1,"featured_media":85747,"comment_status":"closed","ping_status":"closed","sticky":false,"template":"","format":"gallery","meta":{"footnotes":""},"categories":[8,9,6,57,56,10],"tags":[],"class_list":["post-85746","post","type-post","status-publish","format-gallery","has-post-thumbnail","hentry","category-bahia","category-brasil","category-feira-de-santana","category-mundo","category-policia","category-politica","post_format-post-format-gallery"],"featured_image_urls":{"full":["https:\/\/noticiasbahia360.com.br\/wp-content\/uploads\/2025\/05\/palmeiras_foto_cesargreco_poweredby.jpg",647,429,false],"thumbnail":["https:\/\/noticiasbahia360.com.br\/wp-content\/uploads\/2025\/05\/palmeiras_foto_cesargreco_poweredby-150x150.jpg",150,150,true],"medium":["https:\/\/noticiasbahia360.com.br\/wp-content\/uploads\/2025\/05\/palmeiras_foto_cesargreco_poweredby-300x199.jpg",300,199,true],"medium_large":["https:\/\/noticiasbahia360.com.br\/wp-content\/uploads\/2025\/05\/palmeiras_foto_cesargreco_poweredby.jpg",640,424,false],"large":["https:\/\/noticiasbahia360.com.br\/wp-content\/uploads\/2025\/05\/palmeiras_foto_cesargreco_poweredby.jpg",640,424,false],"1536x1536":["https:\/\/noticiasbahia360.com.br\/wp-content\/uploads\/2025\/05\/palmeiras_foto_cesargreco_poweredby.jpg",647,429,false],"2048x2048":["https:\/\/noticiasbahia360.com.br\/wp-content\/uploads\/2025\/05\/palmeiras_foto_cesargreco_poweredby.jpg",647,429,false],"chromenews-featured":["https:\/\/noticiasbahia360.com.br\/wp-content\/uploads\/2025\/05\/palmeiras_foto_cesargreco_poweredby.jpg",647,429,false],"chromenews-large":["https:\/\/noticiasbahia360.com.br\/wp-content\/uploads\/2025\/05\/palmeiras_foto_cesargreco_poweredby.jpg",647,429,false],"chromenews-medium":["https:\/\/noticiasbahia360.com.br\/wp-content\/uploads\/2025\/05\/palmeiras_foto_cesargreco_poweredby-590x410.jpg",590,410,true]},"author_info":{"display_name":"noticiasbahia360.com.br","author_link":"https:\/\/noticiasbahia360.com.br\/?author=1"},"category_info":"<a href=\"https:\/\/noticiasbahia360.com.br\/?cat=8\" rel=\"category\">Bahia<\/a> <a href=\"https:\/\/noticiasbahia360.com.br\/?cat=9\" rel=\"category\">Brasil<\/a> <a href=\"https:\/\/noticiasbahia360.com.br\/?cat=6\" rel=\"category\">Feira de Santana<\/a> <a href=\"https:\/\/noticiasbahia360.com.br\/?cat=57\" rel=\"category\">Mundo<\/a> <a href=\"https:\/\/noticiasbahia360.com.br\/?cat=56\" rel=\"category\">Pol\u00edcia<\/a> <a href=\"https:\/\/noticiasbahia360.com.br\/?cat=10\" rel=\"category\">Pol\u00edtica<\/a>","tag_info":"Pol\u00edtica","comment_count":"0","_links":{"self":[{"href":"https:\/\/noticiasbahia360.com.br\/index.php?rest_route=\/wp\/v2\/posts\/85746","targetHints":{"allow":["GET"]}}],"collection":[{"href":"https:\/\/noticiasbahia360.com.br\/index.php?rest_route=\/wp\/v2\/posts"}],"about":[{"href":"https:\/\/noticiasbahia360.com.br\/index.php?rest_route=\/wp\/v2\/types\/post"}],"author":[{"embeddable":true,"href":"https:\/\/noticiasbahia360.com.br\/index.php?rest_route=\/wp\/v2\/users\/1"}],"replies":[{"embeddable":true,"href":"https:\/\/noticiasbahia360.com.br\/index.php?rest_route=%2Fwp%2Fv2%2Fcomments&post=85746"}],"version-history":[{"count":0,"href":"https:\/\/noticiasbahia360.com.br\/index.php?rest_route=\/wp\/v2\/posts\/85746\/revisions"}],"wp:featuredmedia":[{"embeddable":true,"href":"https:\/\/noticiasbahia360.com.br\/index.php?rest_route=\/wp\/v2\/media\/85747"}],"wp:attachment":[{"href":"https:\/\/noticiasbahia360.com.br\/index.php?rest_route=%2Fwp%2Fv2%2Fmedia&parent=85746"}],"wp:term":[{"taxonomy":"category","embeddable":true,"href":"https:\/\/noticiasbahia360.com.br\/index.php?rest_route=%2Fwp%2Fv2%2Fcategories&post=85746"},{"taxonomy":"post_tag","embeddable":true,"href":"https:\/\/noticiasbahia360.com.br\/index.php?rest_route=%2Fwp%2Fv2%2Ftags&post=85746"}],"curies":[{"name":"wp","href":"https:\/\/api.w.org\/{rel}","templated":true}]}}