{"id":85748,"date":"2025-05-12T08:16:23","date_gmt":"2025-05-12T11:16:23","guid":{"rendered":"https:\/\/noticiasbahia360.com.br\/?p=85748"},"modified":"2025-05-12T08:16:23","modified_gmt":"2025-05-12T11:16:23","slug":"brasil-fecha-etapa-da-copa-do-mundo-com-tres-ouros-na-ginastica-ritmica","status":"publish","type":"post","link":"https:\/\/noticiasbahia360.com.br\/?p=85748","title":{"rendered":"Brasil fecha etapa da Copa do Mundo com tr\u00eas ouros na Gin\u00e1stica R\u00edtmica"},"content":{"rendered":"<div>\n<div>\n<figure><img decoding=\"async\" src=\"http:\/\/noticiasbahia360.com.br\/wp-content\/uploads\/2025\/05\/foto_cbg_divulgacao.jpg\" alt=\"Equipe do Brasil\"><figcaption>Foto; CBG\/Divulga\u00e7\u00e3o<\/figcaption><\/figure>\n<\/div>\n<p>Ag\u00eancia Brasil \u2013 O Brasil fechou a participa\u00e7\u00e3o na etapa de Portim\u00e3o (<a href=\"https:\/\/www.acordacidade.com.br\/tag\/portugal\/\">Portugal<\/a>) da Copa do Mundo de gin\u00e1stica r\u00edtmica com a conquista de tr\u00eas medalhas de ouro. A primeira medalha dourada do conjunto formado por Maria Eduarda Arakaki, Nicole Pircio, B\u00e1rbara Galv\u00e3o, Mariana Gon\u00e7alves, Maria Paula Caminha e Ana Luiza Franceschi veio no \u00faltimo s\u00e1bado (10) no all-around, que consiste na soma das notas das s\u00e9ries mista e simples de uma competi\u00e7\u00e3o.<\/p>\n<p>Na s\u00e9rie mista, que neste ciclo ol\u00edmpico \u00e9 disputada com tr\u00eas bolas e dois arcos, o Brasil exibiu, pela primeira vez, sua coreografia ao som de \u201cEvid\u00eancias\u201d, m\u00fasica que alcan\u00e7ou grande sucesso nas vozes de Chit\u00e3ozinho e Xoror\u00f3. A performance da equipe comandada por Camila Ferezin valeu 26.150 pontos. Na sexta-feira, a s\u00e9rie simples havia rendido 25.200 pontos. Desta forma, na soma o conjunto verde-amarelo atingiu 51.350 pontos.<\/p>\n<p>Neste domingo (11) o Brasil garantiu outros dois ouros. O primeiro veio nas cinco fitas, aparelho no qual o conjunto brasileiro somou 26.700. Superando a Espanha (prata com 23.050 pontos) e os Estados Unidos (bronze com 20.150 pontos).<\/p>\n<p>A \u00faltima medalha dourada brasileira veio na s\u00e9rie mista (tr\u00eas bolas e dois arcos), novamente ao som de \u201cEvid\u00eancias\u201d. Esta performance valeu \u00e0s brasileiras 26.150 pontos, superando os Estados Unidos (prata com 22.300 pontos) e a Espanha (bronze com 22.200 pontos).<\/p>\n<p>\u201cEstamos felizes com nossos resultados em Portim\u00e3o, trabalhamos duro quando retomamos os treinamentos ap\u00f3s os Jogos Ol\u00edmpicos de Paris. Em nenhum momento desanimamos, pelo contr\u00e1rio. O primeiro Campeonato Mundial no nosso pa\u00eds [que ser\u00e1 disputado em agosto de 2025] \u00e9 motivo de inspira\u00e7\u00e3o para seguirmos confiantes e continuarmos lutando em busca de grandes resultados para o nosso pa\u00eds. Nossa estreia n\u00e3o poderia ter sido melhor: tr\u00eas ouros. Uau!\u201d, declarou a t\u00e9cnica Camila Ferezin.<\/p>\n<p><em>Siga o Acorda Cidade no<\/em><a href=\"https:\/\/news.google.com\/search?q=acorda%20cidade&amp;hl=pt-BR&amp;gl=BR&amp;ceid=BR%3Apt-419\"><strong><em> Google Not\u00edcias<\/em><\/strong><\/a><em> e receba os principais destaques do dia. Participe tamb\u00e9m dos nossos canais no <\/em><a href=\"https:\/\/whatsapp.com\/channel\/0029Va6Rb4v3WHTNnsh8WI3N\"><strong><em>WhatsApp<\/em><\/strong><\/a><em> e <\/em><a href=\"https:\/\/www.youtube.com\/@acordacidadenoticias\/videos\"><strong>Youtube<\/strong><\/a><em> e grupo de <\/em><a href=\"https:\/\/t.me\/+sSz0khrgARA0ZmRh\"><strong><em>Telegram<\/em><\/strong><\/a><em>.<\/em><\/p>\n<\/div>\n","protected":false},"excerpt":{"rendered":"<div>\n<div>\n<figure><img decoding=\"async\" src=\"https:\/\/uploads.acordacidade.com.br\/2025\/05\/foto_cbg_divulgacao.jpg\" alt=\"Equipe do Brasil\"><figcaption>Foto; CBG\/Divulga\u00e7\u00e3o<\/figcaption><\/figure>\n<\/div>\n<p>Conquistas do Brasil foram alcan\u00e7adas em Portim\u00e3o (Portugal).<\/p><\/div>\n","protected":false},"author":1,"featured_media":85749,"comment_status":"closed","ping_status":"closed","sticky":false,"template":"","format":"gallery","meta":{"footnotes":""},"categories":[8,9,6,57,56,10],"tags":[],"class_list":["post-85748","post","type-post","status-publish","format-gallery","has-post-thumbnail","hentry","category-bahia","category-brasil","category-feira-de-santana","category-mundo","category-policia","category-politica","post_format-post-format-gallery"],"featured_image_urls":{"full":["https:\/\/noticiasbahia360.com.br\/wp-content\/uploads\/2025\/05\/foto_cbg_divulgacao.jpg",1200,718,false],"thumbnail":["https:\/\/noticiasbahia360.com.br\/wp-content\/uploads\/2025\/05\/foto_cbg_divulgacao-150x150.jpg",150,150,true],"medium":["https:\/\/noticiasbahia360.com.br\/wp-content\/uploads\/2025\/05\/foto_cbg_divulgacao-300x180.jpg",300,180,true],"medium_large":["https:\/\/noticiasbahia360.com.br\/wp-content\/uploads\/2025\/05\/foto_cbg_divulgacao-768x460.jpg",640,383,true],"large":["https:\/\/noticiasbahia360.com.br\/wp-content\/uploads\/2025\/05\/foto_cbg_divulgacao-1024x613.jpg",640,383,true],"1536x1536":["https:\/\/noticiasbahia360.com.br\/wp-content\/uploads\/2025\/05\/foto_cbg_divulgacao.jpg",1200,718,false],"2048x2048":["https:\/\/noticiasbahia360.com.br\/wp-content\/uploads\/2025\/05\/foto_cbg_divulgacao.jpg",1200,718,false],"chromenews-featured":["https:\/\/noticiasbahia360.com.br\/wp-content\/uploads\/2025\/05\/foto_cbg_divulgacao-1024x613.jpg",1024,613,true],"chromenews-large":["https:\/\/noticiasbahia360.com.br\/wp-content\/uploads\/2025\/05\/foto_cbg_divulgacao-825x575.jpg",825,575,true],"chromenews-medium":["https:\/\/noticiasbahia360.com.br\/wp-content\/uploads\/2025\/05\/foto_cbg_divulgacao-590x410.jpg",590,410,true]},"author_info":{"display_name":"noticiasbahia360.com.br","author_link":"https:\/\/noticiasbahia360.com.br\/?author=1"},"category_info":"<a href=\"https:\/\/noticiasbahia360.com.br\/?cat=8\" rel=\"category\">Bahia<\/a> <a href=\"https:\/\/noticiasbahia360.com.br\/?cat=9\" rel=\"category\">Brasil<\/a> <a href=\"https:\/\/noticiasbahia360.com.br\/?cat=6\" rel=\"category\">Feira de Santana<\/a> <a href=\"https:\/\/noticiasbahia360.com.br\/?cat=57\" rel=\"category\">Mundo<\/a> <a href=\"https:\/\/noticiasbahia360.com.br\/?cat=56\" rel=\"category\">Pol\u00edcia<\/a> <a href=\"https:\/\/noticiasbahia360.com.br\/?cat=10\" rel=\"category\">Pol\u00edtica<\/a>","tag_info":"Pol\u00edtica","comment_count":"0","_links":{"self":[{"href":"https:\/\/noticiasbahia360.com.br\/index.php?rest_route=\/wp\/v2\/posts\/85748","targetHints":{"allow":["GET"]}}],"collection":[{"href":"https:\/\/noticiasbahia360.com.br\/index.php?rest_route=\/wp\/v2\/posts"}],"about":[{"href":"https:\/\/noticiasbahia360.com.br\/index.php?rest_route=\/wp\/v2\/types\/post"}],"author":[{"embeddable":true,"href":"https:\/\/noticiasbahia360.com.br\/index.php?rest_route=\/wp\/v2\/users\/1"}],"replies":[{"embeddable":true,"href":"https:\/\/noticiasbahia360.com.br\/index.php?rest_route=%2Fwp%2Fv2%2Fcomments&post=85748"}],"version-history":[{"count":0,"href":"https:\/\/noticiasbahia360.com.br\/index.php?rest_route=\/wp\/v2\/posts\/85748\/revisions"}],"wp:featuredmedia":[{"embeddable":true,"href":"https:\/\/noticiasbahia360.com.br\/index.php?rest_route=\/wp\/v2\/media\/85749"}],"wp:attachment":[{"href":"https:\/\/noticiasbahia360.com.br\/index.php?rest_route=%2Fwp%2Fv2%2Fmedia&parent=85748"}],"wp:term":[{"taxonomy":"category","embeddable":true,"href":"https:\/\/noticiasbahia360.com.br\/index.php?rest_route=%2Fwp%2Fv2%2Fcategories&post=85748"},{"taxonomy":"post_tag","embeddable":true,"href":"https:\/\/noticiasbahia360.com.br\/index.php?rest_route=%2Fwp%2Fv2%2Ftags&post=85748"}],"curies":[{"name":"wp","href":"https:\/\/api.w.org\/{rel}","templated":true}]}}