{"id":85753,"date":"2025-05-12T08:32:16","date_gmt":"2025-05-12T11:32:16","guid":{"rendered":"https:\/\/noticiasbahia360.com.br\/?p=85753"},"modified":"2025-05-12T08:32:16","modified_gmt":"2025-05-12T11:32:16","slug":"show-de-livia-mattos-e-a-primeira-apresentacao-confirmada-no-festival-de-sanfoneiros-do-cuca","status":"publish","type":"post","link":"https:\/\/noticiasbahia360.com.br\/?p=85753","title":{"rendered":"Show de L\u00edvia Mattos \u00e9 a primeira apresenta\u00e7\u00e3o confirmada no Festival de Sanfoneiros do Cuca"},"content":{"rendered":"<div>\n<div>\n<figure><img decoding=\"async\" src=\"http:\/\/noticiasbahia360.com.br\/wp-content\/uploads\/2025\/05\/1p042rie-EstudioApneia_TiagoLima-0955.webp\" alt=\"L\u00edvia Mattos\"><figcaption>Foto: Divulga\u00e7\u00e3o<\/figcaption><\/figure>\n<\/div>\n<p>A 14\u00aa edi\u00e7\u00e3o do Festival de Sanfoneiros de Feira de Santana j\u00e1 tem o seu primeiro show confirmado: ser\u00e1 a apresenta\u00e7\u00e3o de L\u00edvia Mattos, sanfoneira, cantora e compositora soteropolitana que j\u00e1 tocou em diferentes palcos pelo mundo. O <a href=\"https:\/\/www.acordacidade.com.br\/tag\/festival-de-sanfoneiros\/\">Festival<\/a>, promovido pelo Cuca\/Uefs, ser\u00e1 no dia 23 de maio de 2025, \u00e0s 18h30, no novo Centro de Conven\u00e7\u00f5es de Feira de Santana. A entrada \u00e9 gratuita, com entrega opcional de 1kg de alimento n\u00e3o perec\u00edvel.<\/p>\n<p>L\u00edvia Mattos \u00e9 uma sanfoneira, cantora e compositora de Salvador-BA que j\u00e1 passou por festivais em pa\u00edses como \u00c1ustria, China, Espanha e Estados Unidos. Em 2020, ganhou o Festival da Can\u00e7\u00e3o com a m\u00fasica Apneia. Tendo a inventividade como marca, a sua m\u00fasica tem a influ\u00eancia de ritmos nordestinos e o gosto pela m\u00fasica de vanguarda. Al\u00e9m de ser considerada uma carism\u00e1tica frontwoman, L\u00edvia transita constantemente por cria\u00e7\u00f5es de outras linguagens \u2013 como a dan\u00e7a, o circo, o audiovisual e o teatro.<\/p>\n<figure class=\"wp-block-image size-large\"><img fetchpriority=\"high\" data-dominant-color=\"332015\" data-has-transparency=\"false\" style=\"--dominant-color: #332015;\" fetchpriority=\"high\" decoding=\"async\" width=\"1024\" height=\"881\" sizes=\"(max-width: 1024px) 100vw, 1024px\" src=\"http:\/\/noticiasbahia360.com.br\/wp-content\/uploads\/2025\/05\/XTwQ8UOM-LiviaMattosApneia_SescSorocaba_TiagoLima-2593-1024x881-1.webp\" alt=\"L\u00edvia Mattos\" class=\"wp-image-552163 not-transparent\" srcset=\"https:\/\/uploads.acordacidade.com.br\/2025\/05\/XTwQ8UOM-LiviaMattosApneia_SescSorocaba_TiagoLima-2593-300x258.webp 300w, http:\/\/noticiasbahia360.com.br\/wp-content\/uploads\/2025\/05\/XTwQ8UOM-LiviaMattosApneia_SescSorocaba_TiagoLima-2593-1024x881-1.webp 1024w, https:\/\/uploads.acordacidade.com.br\/2025\/05\/XTwQ8UOM-LiviaMattosApneia_SescSorocaba_TiagoLima-2593-768x661.webp 768w, https:\/\/uploads.acordacidade.com.br\/2025\/05\/XTwQ8UOM-LiviaMattosApneia_SescSorocaba_TiagoLima-2593-150x129.webp 150w, https:\/\/uploads.acordacidade.com.br\/2025\/05\/XTwQ8UOM-LiviaMattosApneia_SescSorocaba_TiagoLima-2593.webp 1200w\"><figcaption class=\"wp-element-caption\">Foto: Divulga\u00e7\u00e3o<\/figcaption><\/figure>\n<p>Em sua primeira apresenta\u00e7\u00e3o em Feira de Santana, L\u00edvia vir\u00e1 em quarteto para o Festival de Sanfoneiros com o show \u201cApneia\u201d, baseado no aclamado \u00e1lbum hom\u00f4nimo de 2022.<\/p>\n<p>Al\u00e9m do show de L\u00edvia Mattos, o Festival de Sanfoneiros tamb\u00e9m contar\u00e1 com \u00a0dos 9 sanfoneiros selecionados em concurso. Com o tema \u201cFus\u00f5es Sonoras\u201d, o festival trar\u00e1 a rela\u00e7\u00e3o da sanfona com outros instrumentos musicais e possibilidades inusitadas de instrumenta\u00e7\u00e3o junto ao acordeon. Acompanhe a p\u00e1gina do festival no Instagram para ter acesso \u00e0 lista completa de atra\u00e7\u00f5es:\u00a0<a href=\"https:\/\/www.instagram.com\/festival.sanfoneiros\/\" target=\"_blank\" rel=\"noreferrer noopener\">https:\/\/www.instagram.com\/festival.sanfoneiros\/<\/a>.<\/p>\n<p>O XIV Festival de Sanfoneiros de Feira de Santana 2025 \u00e9 realizado pelo Cuca\/Uefs com apoio do Governo do Estado da Bahia, atrav\u00e9s da Secretaria de Desenvolvimento Econ\u00f4mico (SDE), da Secretaria de Cultura (Secult), da Secretaria de Educa\u00e7\u00e3o (SEC) e da Secretaria de Turismo (Setur), do Sesc Feira de Santana, da TVE Bahia e de outros setores da Uefs, como a TV Olhos D\u2019\u00c1gua, a Ascom, a Proad, Uninfra e a Feira de Saberes e Sabores da Uefs, promovida pela Incubadora de Iniciativas de Economia Solid\u00e1ria da Uefs.<\/p>\n<p><strong>Evento: XIV Festival de Sanfoneiros de Feira de Santana 2025<br \/>Local: Centro de Conven\u00e7\u00f5es de Feira de Santana<br \/>Endere\u00e7o:<br \/>Data: 23\/05\/2025<br \/>Hor\u00e1rio: 18:30h<br \/>Entrada: 1 kg de alimento n\u00e3o perec\u00edvel (opcional)<\/strong><\/p>\n<p><em>Siga o Acorda Cidade no<\/em><a href=\"https:\/\/news.google.com\/search?q=acorda%20cidade&amp;hl=pt-BR&amp;gl=BR&amp;ceid=BR%3Apt-419\"><strong><em>\u00a0Google Not\u00edcias<\/em><\/strong><\/a><em>\u00a0e receba os principais destaques do dia. Participe tamb\u00e9m dos nossos canais no\u00a0<\/em><a href=\"https:\/\/www.whatsapp.com\/channel\/0029Va6Rb4v3WHTNnsh8WI3N\"><strong><em>WhatsApp<\/em><\/strong><\/a><em>\u00a0e\u00a0<\/em><a href=\"https:\/\/www.youtube.com\/@acordacidadenoticias\/videos\"><strong>Youtube<\/strong><\/a><em>\u00a0e grupo de\u00a0<\/em><a href=\"https:\/\/t.me\/+sSz0khrgARA0ZmRh\"><strong><em>Telegram<\/em><\/strong><\/a><em>.<\/em><\/p>\n<\/div>\n","protected":false},"excerpt":{"rendered":"<div>\n<div>\n<figure><img decoding=\"async\" src=\"https:\/\/uploads.acordacidade.com.br\/2025\/05\/1p042rie-EstudioApneia_TiagoLima-0955.webp\" alt=\"L\u00edvia Mattos\"><figcaption>Foto: Divulga\u00e7\u00e3o<\/figcaption><\/figure>\n<\/div>\n<p>L\u00edvia Mattos \u00e9 uma sanfoneira, cantora e compositora de Salvador-BA que j\u00e1 passou por festivais em pa\u00edses como \u00c1ustria, China, Espanha e Estados Unidos.<\/p><\/div>\n","protected":false},"author":1,"featured_media":85754,"comment_status":"closed","ping_status":"closed","sticky":false,"template":"","format":"gallery","meta":{"footnotes":""},"categories":[8,9,6,57,56,10],"tags":[],"class_list":["post-85753","post","type-post","status-publish","format-gallery","has-post-thumbnail","hentry","category-bahia","category-brasil","category-feira-de-santana","category-mundo","category-policia","category-politica","post_format-post-format-gallery"],"featured_image_urls":{"full":["https:\/\/noticiasbahia360.com.br\/wp-content\/uploads\/2025\/05\/1p042rie-EstudioApneia_TiagoLima-0955.webp",1200,1051,false],"thumbnail":["https:\/\/noticiasbahia360.com.br\/wp-content\/uploads\/2025\/05\/1p042rie-EstudioApneia_TiagoLima-0955-150x150.webp",150,150,true],"medium":["https:\/\/noticiasbahia360.com.br\/wp-content\/uploads\/2025\/05\/1p042rie-EstudioApneia_TiagoLima-0955-300x263.webp",300,263,true],"medium_large":["https:\/\/noticiasbahia360.com.br\/wp-content\/uploads\/2025\/05\/1p042rie-EstudioApneia_TiagoLima-0955-768x673.webp",640,561,true],"large":["https:\/\/noticiasbahia360.com.br\/wp-content\/uploads\/2025\/05\/1p042rie-EstudioApneia_TiagoLima-0955-1024x897.webp",640,561,true],"1536x1536":["https:\/\/noticiasbahia360.com.br\/wp-content\/uploads\/2025\/05\/1p042rie-EstudioApneia_TiagoLima-0955.webp",1200,1051,false],"2048x2048":["https:\/\/noticiasbahia360.com.br\/wp-content\/uploads\/2025\/05\/1p042rie-EstudioApneia_TiagoLima-0955.webp",1200,1051,false],"chromenews-featured":["https:\/\/noticiasbahia360.com.br\/wp-content\/uploads\/2025\/05\/1p042rie-EstudioApneia_TiagoLima-0955-1024x897.webp",1024,897,true],"chromenews-large":["https:\/\/noticiasbahia360.com.br\/wp-content\/uploads\/2025\/05\/1p042rie-EstudioApneia_TiagoLima-0955-825x575.webp",825,575,true],"chromenews-medium":["https:\/\/noticiasbahia360.com.br\/wp-content\/uploads\/2025\/05\/1p042rie-EstudioApneia_TiagoLima-0955-590x410.webp",590,410,true]},"author_info":{"display_name":"noticiasbahia360.com.br","author_link":"https:\/\/noticiasbahia360.com.br\/?author=1"},"category_info":"<a href=\"https:\/\/noticiasbahia360.com.br\/?cat=8\" rel=\"category\">Bahia<\/a> <a href=\"https:\/\/noticiasbahia360.com.br\/?cat=9\" rel=\"category\">Brasil<\/a> <a href=\"https:\/\/noticiasbahia360.com.br\/?cat=6\" rel=\"category\">Feira de Santana<\/a> <a href=\"https:\/\/noticiasbahia360.com.br\/?cat=57\" rel=\"category\">Mundo<\/a> <a href=\"https:\/\/noticiasbahia360.com.br\/?cat=56\" rel=\"category\">Pol\u00edcia<\/a> <a href=\"https:\/\/noticiasbahia360.com.br\/?cat=10\" rel=\"category\">Pol\u00edtica<\/a>","tag_info":"Pol\u00edtica","comment_count":"0","_links":{"self":[{"href":"https:\/\/noticiasbahia360.com.br\/index.php?rest_route=\/wp\/v2\/posts\/85753","targetHints":{"allow":["GET"]}}],"collection":[{"href":"https:\/\/noticiasbahia360.com.br\/index.php?rest_route=\/wp\/v2\/posts"}],"about":[{"href":"https:\/\/noticiasbahia360.com.br\/index.php?rest_route=\/wp\/v2\/types\/post"}],"author":[{"embeddable":true,"href":"https:\/\/noticiasbahia360.com.br\/index.php?rest_route=\/wp\/v2\/users\/1"}],"replies":[{"embeddable":true,"href":"https:\/\/noticiasbahia360.com.br\/index.php?rest_route=%2Fwp%2Fv2%2Fcomments&post=85753"}],"version-history":[{"count":0,"href":"https:\/\/noticiasbahia360.com.br\/index.php?rest_route=\/wp\/v2\/posts\/85753\/revisions"}],"wp:featuredmedia":[{"embeddable":true,"href":"https:\/\/noticiasbahia360.com.br\/index.php?rest_route=\/wp\/v2\/media\/85754"}],"wp:attachment":[{"href":"https:\/\/noticiasbahia360.com.br\/index.php?rest_route=%2Fwp%2Fv2%2Fmedia&parent=85753"}],"wp:term":[{"taxonomy":"category","embeddable":true,"href":"https:\/\/noticiasbahia360.com.br\/index.php?rest_route=%2Fwp%2Fv2%2Fcategories&post=85753"},{"taxonomy":"post_tag","embeddable":true,"href":"https:\/\/noticiasbahia360.com.br\/index.php?rest_route=%2Fwp%2Fv2%2Ftags&post=85753"}],"curies":[{"name":"wp","href":"https:\/\/api.w.org\/{rel}","templated":true}]}}