{"id":85760,"date":"2025-05-12T08:45:05","date_gmt":"2025-05-12T11:45:05","guid":{"rendered":"https:\/\/noticiasbahia360.com.br\/?p=85760"},"modified":"2025-05-12T08:45:05","modified_gmt":"2025-05-12T11:45:05","slug":"inscricoes-abertas-para-a-semana-juridica-em-feira-de-santana","status":"publish","type":"post","link":"https:\/\/noticiasbahia360.com.br\/?p=85760","title":{"rendered":"Inscri\u00e7\u00f5es abertas para a Semana Jur\u00eddica em Feira de Santana"},"content":{"rendered":"<div>\n<div>\n<figure><img decoding=\"async\" src=\"http:\/\/noticiasbahia360.com.br\/wp-content\/uploads\/2025\/05\/Justica-direitos.jpg\" alt=\"Justi\u00e7a - direitos\"><figcaption>Foto: Freepik<\/figcaption><\/figure>\n<\/div>\n<p>As inscri\u00e7\u00f5es para a Semana Jur\u00eddica da Unifacs est\u00e3o abertas. O evento acontecer\u00e1 nos dias 13 e 14 de maio no Campus Santa M\u00f4nica em Feira de Santana. Com 20 horas de carga hor\u00e1ria complementar e uma programa\u00e7\u00e3o voltada para temas atuais e relevantes, o evento \u00e9 aberto para o p\u00fablico.\u00a0\u00a0<\/p>\n<p>A tradicional semana jur\u00eddica \u00e9 organizada pelos alunos do curso de Direito da Institui\u00e7\u00e3o, que assumem todas as etapas do planejamento e execu\u00e7\u00e3o do evento. A coordenadora do curso, Ticiana Sampaio, destaca o valor formativo da experi\u00eancia.\u00a0<\/p>\n<p>\u201c\u00c9 um evento idealizado e realizado pelos alunos. Al\u00e9m do compartilhamento de informa\u00e7\u00f5es com temas importantes, eles desenvolvem habilidade como planejar, executar\u201d.\u00a0<\/p>\n<p>A edi\u00e7\u00e3o 2025 conta com temas estrat\u00e9gicos e de grande impacto para os profissionais e estudantes da \u00e1rea jur\u00eddica. A programa\u00e7\u00e3o do dia 13 conta com os seguintes temas: Jovens no Direito Penal e Mercado, Carreira e Estrat\u00e9gias. J\u00e1 no dia 14, os temas abordados ser\u00e3o a teoria do link e a atua\u00e7\u00e3o do Sistema \u00danico de Sa\u00fade (SUS) na efetiva\u00e7\u00e3o do direito constitucional \u00e0 sa\u00fade e o papel da advocacia na sua promo\u00e7\u00e3o e defesa.<\/p>\n<p>As inscri\u00e7\u00f5es podem ser realizadas atrav\u00e9s do <a href=\"https:\/\/www.even3.com.br\/semana-juridica-unifacs-2025-1-545670\/\" target=\"_blank\" rel=\"noreferrer noopener\">link<\/a>.<\/p>\n<p><em>Siga o Acorda Cidade no<\/em><a href=\"https:\/\/news.google.com\/search?q=acorda%20cidade&amp;hl=pt-BR&amp;gl=BR&amp;ceid=BR%3Apt-419\"><strong><em>\u00a0Google Not\u00edcias<\/em><\/strong><\/a><em>\u00a0e receba os principais destaques do dia. Participe tamb\u00e9m dos nossos canais no\u00a0<\/em><a href=\"https:\/\/www.whatsapp.com\/channel\/0029Va6Rb4v3WHTNnsh8WI3N\"><strong><em>WhatsApp<\/em><\/strong><\/a><em>\u00a0e\u00a0<\/em><a href=\"https:\/\/www.youtube.com\/@acordacidadenoticias\/videos\"><strong>YouTube<\/strong><\/a><em>\u00a0e do grupo no\u00a0<\/em><a href=\"https:\/\/t.me\/+sSz0khrgARA0ZmRh\"><strong><em>Telegram<\/em><\/strong><\/a><\/p>\n<\/div>\n","protected":false},"excerpt":{"rendered":"<div>\n<div>\n<figure><img decoding=\"async\" src=\"https:\/\/www.acordacidade.com.br\/wp-content\/uploads\/2024\/07\/Justica-direitos.jpg\" alt=\"Justi\u00e7a - direitos\"><figcaption>Foto: Freepik<\/figcaption><\/figure>\n<\/div>\n<p>Com 20 horas de carga hor\u00e1ria complementar e uma programa\u00e7\u00e3o voltada para temas atuais e relevantes, o evento \u00e9 aberto para o p\u00fablico.\u00a0\u00a0<\/p><\/div>\n","protected":false},"author":1,"featured_media":85761,"comment_status":"closed","ping_status":"closed","sticky":false,"template":"","format":"gallery","meta":{"footnotes":""},"categories":[8,9,6,57,56,10],"tags":[],"class_list":["post-85760","post","type-post","status-publish","format-gallery","has-post-thumbnail","hentry","category-bahia","category-brasil","category-feira-de-santana","category-mundo","category-policia","category-politica","post_format-post-format-gallery"],"featured_image_urls":{"full":["https:\/\/noticiasbahia360.com.br\/wp-content\/uploads\/2025\/05\/Justica-direitos.jpg",640,426,false],"thumbnail":["https:\/\/noticiasbahia360.com.br\/wp-content\/uploads\/2025\/05\/Justica-direitos-150x150.jpg",150,150,true],"medium":["https:\/\/noticiasbahia360.com.br\/wp-content\/uploads\/2025\/05\/Justica-direitos-300x200.jpg",300,200,true],"medium_large":["https:\/\/noticiasbahia360.com.br\/wp-content\/uploads\/2025\/05\/Justica-direitos.jpg",640,426,false],"large":["https:\/\/noticiasbahia360.com.br\/wp-content\/uploads\/2025\/05\/Justica-direitos.jpg",640,426,false],"1536x1536":["https:\/\/noticiasbahia360.com.br\/wp-content\/uploads\/2025\/05\/Justica-direitos.jpg",640,426,false],"2048x2048":["https:\/\/noticiasbahia360.com.br\/wp-content\/uploads\/2025\/05\/Justica-direitos.jpg",640,426,false],"chromenews-featured":["https:\/\/noticiasbahia360.com.br\/wp-content\/uploads\/2025\/05\/Justica-direitos.jpg",640,426,false],"chromenews-large":["https:\/\/noticiasbahia360.com.br\/wp-content\/uploads\/2025\/05\/Justica-direitos.jpg",640,426,false],"chromenews-medium":["https:\/\/noticiasbahia360.com.br\/wp-content\/uploads\/2025\/05\/Justica-direitos-590x410.jpg",590,410,true]},"author_info":{"display_name":"noticiasbahia360.com.br","author_link":"https:\/\/noticiasbahia360.com.br\/?author=1"},"category_info":"<a href=\"https:\/\/noticiasbahia360.com.br\/?cat=8\" rel=\"category\">Bahia<\/a> <a href=\"https:\/\/noticiasbahia360.com.br\/?cat=9\" rel=\"category\">Brasil<\/a> <a href=\"https:\/\/noticiasbahia360.com.br\/?cat=6\" rel=\"category\">Feira de Santana<\/a> <a href=\"https:\/\/noticiasbahia360.com.br\/?cat=57\" rel=\"category\">Mundo<\/a> <a href=\"https:\/\/noticiasbahia360.com.br\/?cat=56\" rel=\"category\">Pol\u00edcia<\/a> <a href=\"https:\/\/noticiasbahia360.com.br\/?cat=10\" rel=\"category\">Pol\u00edtica<\/a>","tag_info":"Pol\u00edtica","comment_count":"0","_links":{"self":[{"href":"https:\/\/noticiasbahia360.com.br\/index.php?rest_route=\/wp\/v2\/posts\/85760","targetHints":{"allow":["GET"]}}],"collection":[{"href":"https:\/\/noticiasbahia360.com.br\/index.php?rest_route=\/wp\/v2\/posts"}],"about":[{"href":"https:\/\/noticiasbahia360.com.br\/index.php?rest_route=\/wp\/v2\/types\/post"}],"author":[{"embeddable":true,"href":"https:\/\/noticiasbahia360.com.br\/index.php?rest_route=\/wp\/v2\/users\/1"}],"replies":[{"embeddable":true,"href":"https:\/\/noticiasbahia360.com.br\/index.php?rest_route=%2Fwp%2Fv2%2Fcomments&post=85760"}],"version-history":[{"count":0,"href":"https:\/\/noticiasbahia360.com.br\/index.php?rest_route=\/wp\/v2\/posts\/85760\/revisions"}],"wp:featuredmedia":[{"embeddable":true,"href":"https:\/\/noticiasbahia360.com.br\/index.php?rest_route=\/wp\/v2\/media\/85761"}],"wp:attachment":[{"href":"https:\/\/noticiasbahia360.com.br\/index.php?rest_route=%2Fwp%2Fv2%2Fmedia&parent=85760"}],"wp:term":[{"taxonomy":"category","embeddable":true,"href":"https:\/\/noticiasbahia360.com.br\/index.php?rest_route=%2Fwp%2Fv2%2Fcategories&post=85760"},{"taxonomy":"post_tag","embeddable":true,"href":"https:\/\/noticiasbahia360.com.br\/index.php?rest_route=%2Fwp%2Fv2%2Ftags&post=85760"}],"curies":[{"name":"wp","href":"https:\/\/api.w.org\/{rel}","templated":true}]}}