{"id":85762,"date":"2025-05-12T08:54:55","date_gmt":"2025-05-12T11:54:55","guid":{"rendered":"https:\/\/noticiasbahia360.com.br\/?p=85762"},"modified":"2025-05-12T08:54:55","modified_gmt":"2025-05-12T11:54:55","slug":"maio-registra-chuvas-duas-vezes-acima-da-media","status":"publish","type":"post","link":"https:\/\/noticiasbahia360.com.br\/?p=85762","title":{"rendered":"Maio registra chuvas duas vezes acima da m\u00e9dia"},"content":{"rendered":"<div>\n<div>\n<figure><img decoding=\"async\" src=\"http:\/\/noticiasbahia360.com.br\/wp-content\/uploads\/2025\/05\/Chuvas-no-Distrito-de-Jaiba-foto-Jorge-Magalhaes-3.jpg\" alt=\"Chuva no distrito de Ja\u00edba\"><figcaption>Foto: Jorge Magalh\u00e3es\/Secom<\/figcaption><\/figure>\n<\/div>\n<p>O acumulado da quantidade de chuva que caiu na regi\u00e3o de <a href=\"https:\/\/www.acordacidade.com.br\/tag\/feira-de-santana\/\">Feira de Santana<\/a> neste m\u00eas, 157 mil\u00edmetros, \u00e9 mais do que o dobro da m\u00e9dia hist\u00f3rica registrada em maio, que \u00e9 de 68 mil\u00edmetros.<\/p>\n<p>Tradicionalmente, este m\u00eas \u00e9 o mais chuvoso, com 12 dias de precipita\u00e7\u00f5es, segundo o site Clima Tempo \u2013 outubro \u00e9 o que menos chove.<\/p>\n<p>A quantidade de chuvas bem maior do que a comumente registrada em maio n\u00e3o causou impacto ambiental porque foi bem distribu\u00edda.<\/p>\n<p>N\u00e3o houve precipita\u00e7\u00f5es volumosas em curto espa\u00e7o de tempo que provocassem alagamentos de ruas ou outros problemas urbanos.<\/p>\n<p>As chuvas favorecem o plantio e a manuten\u00e7\u00e3o das safras de milho e de feij\u00e3o, cujas colheitas s\u00e3o feitas entre os meses de junho, julho e agosto.<\/p>\n<p>Contribuem, tamb\u00e9m, para aumentar a produtividade de outras culturas, como a mandioca. A previs\u00e3o para a pr\u00f3xima semana \u00e9 de pancadas de chuvas fracas.<\/p>\n<p><em>As informa\u00e7\u00f5es s\u00e3o da Secretaria de Comunica\u00e7\u00e3o Social<\/em><\/p>\n<p><em>Siga o Acorda Cidade no<\/em><a href=\"https:\/\/news.google.com\/search?q=acorda%20cidade&amp;hl=pt-BR&amp;gl=BR&amp;ceid=BR%3Apt-419\"><strong><em> Google Not\u00edcias<\/em><\/strong><\/a><em> e receba os principais destaques do dia. Participe tamb\u00e9m dos nossos canais no <\/em><a href=\"https:\/\/whatsapp.com\/channel\/0029Va6Rb4v3WHTNnsh8WI3N\"><strong><em>WhatsApp<\/em><\/strong><\/a><em> e <\/em><a href=\"https:\/\/www.youtube.com\/@acordacidadenoticias\/videos\"><strong>Youtube<\/strong><\/a><em> e grupo de <\/em><a href=\"https:\/\/t.me\/+sSz0khrgARA0ZmRh\"><strong><em>Telegram<\/em><\/strong><\/a><em>.<\/em><\/p>\n<\/div>\n","protected":false},"excerpt":{"rendered":"<div>\n<div>\n<figure><img decoding=\"async\" src=\"https:\/\/uploads.acordacidade.com.br\/2025\/05\/Chuvas-no-Distrito-de-Jaiba-foto-Jorge-Magalhaes-3.jpg\" alt=\"Chuva no distrito de Ja\u00edba\"><figcaption>Foto: Jorge Magalh\u00e3es\/Secom<\/figcaption><\/figure>\n<\/div>\n<p>Tradicionalmente, este m\u00eas \u00e9 o mais chuvoso, com 12 dias de precipita\u00e7\u00f5es, segundo o site Clima Tempo.<\/p><\/div>\n","protected":false},"author":1,"featured_media":85763,"comment_status":"closed","ping_status":"closed","sticky":false,"template":"","format":"gallery","meta":{"footnotes":""},"categories":[8,9,6,57,56,10],"tags":[],"class_list":["post-85762","post","type-post","status-publish","format-gallery","has-post-thumbnail","hentry","category-bahia","category-brasil","category-feira-de-santana","category-mundo","category-policia","category-politica","post_format-post-format-gallery"],"featured_image_urls":{"full":["https:\/\/noticiasbahia360.com.br\/wp-content\/uploads\/2025\/05\/Chuvas-no-Distrito-de-Jaiba-foto-Jorge-Magalhaes-3.jpg",1200,800,false],"thumbnail":["https:\/\/noticiasbahia360.com.br\/wp-content\/uploads\/2025\/05\/Chuvas-no-Distrito-de-Jaiba-foto-Jorge-Magalhaes-3-150x150.jpg",150,150,true],"medium":["https:\/\/noticiasbahia360.com.br\/wp-content\/uploads\/2025\/05\/Chuvas-no-Distrito-de-Jaiba-foto-Jorge-Magalhaes-3-300x200.jpg",300,200,true],"medium_large":["https:\/\/noticiasbahia360.com.br\/wp-content\/uploads\/2025\/05\/Chuvas-no-Distrito-de-Jaiba-foto-Jorge-Magalhaes-3-768x512.jpg",640,427,true],"large":["https:\/\/noticiasbahia360.com.br\/wp-content\/uploads\/2025\/05\/Chuvas-no-Distrito-de-Jaiba-foto-Jorge-Magalhaes-3-1024x683.jpg",640,427,true],"1536x1536":["https:\/\/noticiasbahia360.com.br\/wp-content\/uploads\/2025\/05\/Chuvas-no-Distrito-de-Jaiba-foto-Jorge-Magalhaes-3.jpg",1200,800,false],"2048x2048":["https:\/\/noticiasbahia360.com.br\/wp-content\/uploads\/2025\/05\/Chuvas-no-Distrito-de-Jaiba-foto-Jorge-Magalhaes-3.jpg",1200,800,false],"chromenews-featured":["https:\/\/noticiasbahia360.com.br\/wp-content\/uploads\/2025\/05\/Chuvas-no-Distrito-de-Jaiba-foto-Jorge-Magalhaes-3-1024x683.jpg",1024,683,true],"chromenews-large":["https:\/\/noticiasbahia360.com.br\/wp-content\/uploads\/2025\/05\/Chuvas-no-Distrito-de-Jaiba-foto-Jorge-Magalhaes-3-825x575.jpg",825,575,true],"chromenews-medium":["https:\/\/noticiasbahia360.com.br\/wp-content\/uploads\/2025\/05\/Chuvas-no-Distrito-de-Jaiba-foto-Jorge-Magalhaes-3-590x410.jpg",590,410,true]},"author_info":{"display_name":"noticiasbahia360.com.br","author_link":"https:\/\/noticiasbahia360.com.br\/?author=1"},"category_info":"<a href=\"https:\/\/noticiasbahia360.com.br\/?cat=8\" rel=\"category\">Bahia<\/a> <a href=\"https:\/\/noticiasbahia360.com.br\/?cat=9\" rel=\"category\">Brasil<\/a> <a href=\"https:\/\/noticiasbahia360.com.br\/?cat=6\" rel=\"category\">Feira de Santana<\/a> <a href=\"https:\/\/noticiasbahia360.com.br\/?cat=57\" rel=\"category\">Mundo<\/a> <a href=\"https:\/\/noticiasbahia360.com.br\/?cat=56\" rel=\"category\">Pol\u00edcia<\/a> <a href=\"https:\/\/noticiasbahia360.com.br\/?cat=10\" rel=\"category\">Pol\u00edtica<\/a>","tag_info":"Pol\u00edtica","comment_count":"0","_links":{"self":[{"href":"https:\/\/noticiasbahia360.com.br\/index.php?rest_route=\/wp\/v2\/posts\/85762","targetHints":{"allow":["GET"]}}],"collection":[{"href":"https:\/\/noticiasbahia360.com.br\/index.php?rest_route=\/wp\/v2\/posts"}],"about":[{"href":"https:\/\/noticiasbahia360.com.br\/index.php?rest_route=\/wp\/v2\/types\/post"}],"author":[{"embeddable":true,"href":"https:\/\/noticiasbahia360.com.br\/index.php?rest_route=\/wp\/v2\/users\/1"}],"replies":[{"embeddable":true,"href":"https:\/\/noticiasbahia360.com.br\/index.php?rest_route=%2Fwp%2Fv2%2Fcomments&post=85762"}],"version-history":[{"count":0,"href":"https:\/\/noticiasbahia360.com.br\/index.php?rest_route=\/wp\/v2\/posts\/85762\/revisions"}],"wp:featuredmedia":[{"embeddable":true,"href":"https:\/\/noticiasbahia360.com.br\/index.php?rest_route=\/wp\/v2\/media\/85763"}],"wp:attachment":[{"href":"https:\/\/noticiasbahia360.com.br\/index.php?rest_route=%2Fwp%2Fv2%2Fmedia&parent=85762"}],"wp:term":[{"taxonomy":"category","embeddable":true,"href":"https:\/\/noticiasbahia360.com.br\/index.php?rest_route=%2Fwp%2Fv2%2Fcategories&post=85762"},{"taxonomy":"post_tag","embeddable":true,"href":"https:\/\/noticiasbahia360.com.br\/index.php?rest_route=%2Fwp%2Fv2%2Ftags&post=85762"}],"curies":[{"name":"wp","href":"https:\/\/api.w.org\/{rel}","templated":true}]}}