{"id":85764,"date":"2025-05-12T08:54:58","date_gmt":"2025-05-12T11:54:58","guid":{"rendered":"https:\/\/noticiasbahia360.com.br\/?p=85764"},"modified":"2025-05-12T08:54:58","modified_gmt":"2025-05-12T11:54:58","slug":"ze-neto-participa-de-encontro-sobre-inovacao-tecnologica-desenvolvimento-sustentavel-e-empreendedorismo-nos-estados-unidos","status":"publish","type":"post","link":"https:\/\/noticiasbahia360.com.br\/?p=85764","title":{"rendered":"Z\u00e9 Neto participa de encontro sobre inova\u00e7\u00e3o tecnol\u00f3gica, desenvolvimento sustent\u00e1vel e empreendedorismo nos Estados Unidos"},"content":{"rendered":"<div>\n<div>\n<figure><img decoding=\"async\" src=\"http:\/\/noticiasbahia360.com.br\/wp-content\/uploads\/2025\/05\/WJ0CQ10w-Ze-Neto-nos-EUA.webp\" alt=\"Z\u00e9 Neto nos EUA\"><figcaption>Foto: Ascom\/Z\u00e9 Neto<\/figcaption><\/figure>\n<\/div>\n<p>O deputado federal <a href=\"https:\/\/www.acordacidade.com.br\/tag\/ze-neto\/\">Z\u00e9 Neto (PT)<\/a> embarcou, no domingo (11), no Aeroporto Internacional de Guarulhos, em S\u00e3o Paulo, com destino \u00e0 Washington, nos Estados Unidos, onde participa de uma miss\u00e3o internacional representando a C\u00e2mara dos Deputados e o Brasil. O encontro, que acontece entre os dias 12 e 15 de maio (sexta-feira), re\u00fane parlamentares brasileiros em uma s\u00e9rie de agendas voltadas ao fortalecimento do Congresso Nacional no cen\u00e1rio internacional.<\/p>\n<p>A miss\u00e3o, organizada por uma coaliz\u00e3o suprapartid\u00e1ria de Frentes Parlamentares, tem como foco o interc\u00e2mbio de experi\u00eancias e conhecimentos sobre temas estrat\u00e9gicos para o desenvolvimento do pa\u00eds, como empreendedorismo, inova\u00e7\u00e3o tecnol\u00f3gica com \u00eanfase na intelig\u00eancia artificial e desenvolvimento econ\u00f4mico sustent\u00e1vel.<\/p>\n<p>Durante a programa\u00e7\u00e3o, Z\u00e9 Neto participar\u00e1 de encontros com representantes do governo norte-americano, entidades empresariais, think tanks \u2014 institui\u00e7\u00f5es que fazem a ponte entre o conhecimento acad\u00eamico\/cient\u00edfico e as pol\u00edticas p\u00fablicas, universidades e organismos multilaterais. \u201cSer\u00e3o dias de muito aprendizado e troca de experi\u00eancias, tratando de temas emergentes e fundamentais para o futuro do Brasil e do planeta\u201d, destacou o parlamentar.<\/p>\n<p><em>Siga o Acorda Cidade no<\/em><a href=\"https:\/\/news.google.com\/search?q=acorda%20cidade&amp;hl=pt-BR&amp;gl=BR&amp;ceid=BR%3Apt-419\"><strong><em>\u00a0Google Not\u00edcias<\/em><\/strong><\/a><em>\u00a0e receba os principais destaques do dia. Participe tamb\u00e9m dos nossos canais no\u00a0<\/em><a href=\"https:\/\/www.whatsapp.com\/channel\/0029Va6Rb4v3WHTNnsh8WI3N\"><strong><em>WhatsApp<\/em><\/strong><\/a><em>\u00a0e\u00a0<\/em><a href=\"https:\/\/www.youtube.com\/@acordacidadenoticias\/videos\"><strong>Youtube<\/strong><\/a><em>\u00a0e grupo de\u00a0<\/em><a href=\"https:\/\/t.me\/+sSz0khrgARA0ZmRh\"><strong><em>Telegram<\/em><\/strong><\/a><em>.<\/em><\/p>\n<\/div>\n","protected":false},"excerpt":{"rendered":"<div>\n<div>\n<figure><img decoding=\"async\" src=\"https:\/\/uploads.acordacidade.com.br\/2025\/05\/WJ0CQ10w-Ze-Neto-nos-EUA.webp\" alt=\"Z\u00e9 Neto nos EUA\"><figcaption>Foto: Ascom\/Z\u00e9 Neto<\/figcaption><\/figure>\n<\/div>\n<p>Durante a programa\u00e7\u00e3o, Z\u00e9 Neto participar\u00e1 de encontros com representantes do governo norte-americano, entidades empresariais e think tanks.<\/p><\/div>\n","protected":false},"author":1,"featured_media":85765,"comment_status":"closed","ping_status":"closed","sticky":false,"template":"","format":"gallery","meta":{"footnotes":""},"categories":[8,9,6,57,56,10],"tags":[],"class_list":["post-85764","post","type-post","status-publish","format-gallery","has-post-thumbnail","hentry","category-bahia","category-brasil","category-feira-de-santana","category-mundo","category-policia","category-politica","post_format-post-format-gallery"],"featured_image_urls":{"full":["https:\/\/noticiasbahia360.com.br\/wp-content\/uploads\/2025\/05\/WJ0CQ10w-Ze-Neto-nos-EUA.webp",1200,984,false],"thumbnail":["https:\/\/noticiasbahia360.com.br\/wp-content\/uploads\/2025\/05\/WJ0CQ10w-Ze-Neto-nos-EUA-150x150.webp",150,150,true],"medium":["https:\/\/noticiasbahia360.com.br\/wp-content\/uploads\/2025\/05\/WJ0CQ10w-Ze-Neto-nos-EUA-300x246.webp",300,246,true],"medium_large":["https:\/\/noticiasbahia360.com.br\/wp-content\/uploads\/2025\/05\/WJ0CQ10w-Ze-Neto-nos-EUA-768x630.webp",640,525,true],"large":["https:\/\/noticiasbahia360.com.br\/wp-content\/uploads\/2025\/05\/WJ0CQ10w-Ze-Neto-nos-EUA-1024x840.webp",640,525,true],"1536x1536":["https:\/\/noticiasbahia360.com.br\/wp-content\/uploads\/2025\/05\/WJ0CQ10w-Ze-Neto-nos-EUA.webp",1200,984,false],"2048x2048":["https:\/\/noticiasbahia360.com.br\/wp-content\/uploads\/2025\/05\/WJ0CQ10w-Ze-Neto-nos-EUA.webp",1200,984,false],"chromenews-featured":["https:\/\/noticiasbahia360.com.br\/wp-content\/uploads\/2025\/05\/WJ0CQ10w-Ze-Neto-nos-EUA-1024x840.webp",1024,840,true],"chromenews-large":["https:\/\/noticiasbahia360.com.br\/wp-content\/uploads\/2025\/05\/WJ0CQ10w-Ze-Neto-nos-EUA-825x575.webp",825,575,true],"chromenews-medium":["https:\/\/noticiasbahia360.com.br\/wp-content\/uploads\/2025\/05\/WJ0CQ10w-Ze-Neto-nos-EUA-590x410.webp",590,410,true]},"author_info":{"display_name":"noticiasbahia360.com.br","author_link":"https:\/\/noticiasbahia360.com.br\/?author=1"},"category_info":"<a href=\"https:\/\/noticiasbahia360.com.br\/?cat=8\" rel=\"category\">Bahia<\/a> <a href=\"https:\/\/noticiasbahia360.com.br\/?cat=9\" rel=\"category\">Brasil<\/a> <a href=\"https:\/\/noticiasbahia360.com.br\/?cat=6\" rel=\"category\">Feira de Santana<\/a> <a href=\"https:\/\/noticiasbahia360.com.br\/?cat=57\" rel=\"category\">Mundo<\/a> <a href=\"https:\/\/noticiasbahia360.com.br\/?cat=56\" rel=\"category\">Pol\u00edcia<\/a> <a href=\"https:\/\/noticiasbahia360.com.br\/?cat=10\" rel=\"category\">Pol\u00edtica<\/a>","tag_info":"Pol\u00edtica","comment_count":"0","_links":{"self":[{"href":"https:\/\/noticiasbahia360.com.br\/index.php?rest_route=\/wp\/v2\/posts\/85764","targetHints":{"allow":["GET"]}}],"collection":[{"href":"https:\/\/noticiasbahia360.com.br\/index.php?rest_route=\/wp\/v2\/posts"}],"about":[{"href":"https:\/\/noticiasbahia360.com.br\/index.php?rest_route=\/wp\/v2\/types\/post"}],"author":[{"embeddable":true,"href":"https:\/\/noticiasbahia360.com.br\/index.php?rest_route=\/wp\/v2\/users\/1"}],"replies":[{"embeddable":true,"href":"https:\/\/noticiasbahia360.com.br\/index.php?rest_route=%2Fwp%2Fv2%2Fcomments&post=85764"}],"version-history":[{"count":0,"href":"https:\/\/noticiasbahia360.com.br\/index.php?rest_route=\/wp\/v2\/posts\/85764\/revisions"}],"wp:featuredmedia":[{"embeddable":true,"href":"https:\/\/noticiasbahia360.com.br\/index.php?rest_route=\/wp\/v2\/media\/85765"}],"wp:attachment":[{"href":"https:\/\/noticiasbahia360.com.br\/index.php?rest_route=%2Fwp%2Fv2%2Fmedia&parent=85764"}],"wp:term":[{"taxonomy":"category","embeddable":true,"href":"https:\/\/noticiasbahia360.com.br\/index.php?rest_route=%2Fwp%2Fv2%2Fcategories&post=85764"},{"taxonomy":"post_tag","embeddable":true,"href":"https:\/\/noticiasbahia360.com.br\/index.php?rest_route=%2Fwp%2Fv2%2Ftags&post=85764"}],"curies":[{"name":"wp","href":"https:\/\/api.w.org\/{rel}","templated":true}]}}