{"id":85766,"date":"2025-05-12T09:09:10","date_gmt":"2025-05-12T12:09:10","guid":{"rendered":"https:\/\/noticiasbahia360.com.br\/?p=85766"},"modified":"2025-05-12T09:09:10","modified_gmt":"2025-05-12T12:09:10","slug":"ralo-oculto-a-discricao-que-deixa-o-banheiro-mais-elegante","status":"publish","type":"post","link":"https:\/\/noticiasbahia360.com.br\/?p=85766","title":{"rendered":"Ralo oculto: a discri\u00e7\u00e3o que deixa o banheiro mais elegante\u00a0"},"content":{"rendered":"<div>\n<div>\n<figure><img decoding=\"async\" src=\"http:\/\/noticiasbahia360.com.br\/wp-content\/uploads\/2025\/05\/tipos-de-ralos-para-banheiro-foto-5.jpg\" alt=\"\"><figcaption>Nos banheiros, os ralos invis\u00edveis s\u00e3o executados nos sistemas linear e square, cada um com suas min\u00facias que complementam a sobriedade que entregam aos ambientes. Nesse projeto, a arquiteta Isabella Nalon adotou o ralo, tamb\u00e9m considerado como invis\u00edvel, no box e do lado de fora | Foto: Julia Herman <\/figcaption><\/figure>\n<\/div>\n<p>Geralmente ele \u00e9 notado apenas quando apresenta algum problema, mas todos temos consci\u00eancia sobre a relev\u00e2ncia dos ralos para garantir o escoamento eficiente da \u00e1gua e preservar a durabilidade do piso aplicado nos banheiros. Para muitos, o elemento \u00e9 lembrado no formato antigo \u2013 redondo com a grelha aparente \u2013, e considerado \u2018feio\u2019 por n\u00e3o combinar com a beleza pretendida ao ambiente.<\/p>\n<p>Mas com a evolu\u00e7\u00e3o da arquitetura, esse estigma ficou no passado. Conhecido como ralo oculto, os sistemas do tipo linear e square asseguram sua camuflagem pelo pr\u00f3prio revestimento. \u201cO \u2018pulo\u2019 do gato est\u00e1 em n\u00e3o interferir no visual do piso. Por meio do recorte, sabemos que ali existe um ralo, mas de uma forma muito sutil e contundente\u201d, afirma a arquiteta Isabella Nalon, respons\u00e1vel por seu escrit\u00f3rio hom\u00f4nimo.<\/p>\n<h2 class=\"wp-block-heading\" id=\"h-ralo-linear-no-box\">Ralo linear no box<\/h2>\n<figure class=\"wp-block-image size-large\"><img fetchpriority=\"high\" data-dominant-color=\"928980\" data-has-transparency=\"false\" style=\"--dominant-color: #928980;\" fetchpriority=\"high\" decoding=\"async\" width=\"1024\" height=\"576\" sizes=\"(max-width: 1024px) 100vw, 1024px\" src=\"http:\/\/noticiasbahia360.com.br\/wp-content\/uploads\/2025\/05\/SEeqN4XH-tipos-de-ralos-para-banheiro-foto-1-1024x576-1.webp\" alt=\"\" class=\"wp-image-552193 not-transparent\" srcset=\"https:\/\/uploads.acordacidade.com.br\/2025\/05\/SEeqN4XH-tipos-de-ralos-para-banheiro-foto-1-300x169.webp 300w, http:\/\/noticiasbahia360.com.br\/wp-content\/uploads\/2025\/05\/SEeqN4XH-tipos-de-ralos-para-banheiro-foto-1-1024x576-1.webp 1024w, https:\/\/uploads.acordacidade.com.br\/2025\/05\/SEeqN4XH-tipos-de-ralos-para-banheiro-foto-1-768x432.webp 768w, https:\/\/uploads.acordacidade.com.br\/2025\/05\/SEeqN4XH-tipos-de-ralos-para-banheiro-foto-1-1536x864.webp 1536w, https:\/\/uploads.acordacidade.com.br\/2025\/05\/SEeqN4XH-tipos-de-ralos-para-banheiro-foto-1-150x84.webp 150w, https:\/\/uploads.acordacidade.com.br\/2025\/05\/SEeqN4XH-tipos-de-ralos-para-banheiro-foto-1.webp 1920w\"><figcaption class=\"wp-element-caption\">Para a arquiteta Isabella Nalon, o ralo oculto linear \u00e9 perfeito para o box,<\/p>\n<p>considerando que se trata do ambiente com maior vaz\u00e3o de \u00e1gua e sua usabilidade evita<\/p>\n<p>a forma\u00e7\u00e3o de po\u00e7as. Na imagem \u00e0 direita, ela aponta o trabalho realizado no piso para a coloca\u00e7\u00e3o do elemento | Foto: Julia Herman <\/figcaption><\/figure>\n<p>O ralo linear \u00e9 altamente recomendado em projetos que utilizam pe\u00e7as grandes de porcelanato ou cer\u00e2mica e a profissional destaca que um dos principais desafios nesse tipo de instala\u00e7\u00e3o est\u00e1 no direcionamento correto do caimento da \u00e1gua.<\/p>\n<p>No comparativo com o ralo tradicional \u2013 geralmente nas dimens\u00f5es de 10 x 10 cm ou 15 x 15 cm na vers\u00e3o quadrada e de 9,7 cm ou 15 cm de di\u00e2metro para os redondos \u2013, \u00e9 preciso cortar a pe\u00e7a em formato diamante, dividindo-a em tr\u00eas ou quatro partes, para garantir o escoamento. J\u00e1 com o ralo linear, com medidas a partir de 60 cm, chegando a 1,20 m, al\u00e9m da possibilidade de ser encomendado sob medida, a pe\u00e7a pode ser instalada sem recortes, valorizando o acabamento.<\/p>\n<h2 class=\"wp-block-heading\" id=\"h-ralo-square-essencial-para-a-limpeza-do-banheiro\">Ralo square: essencial para a limpeza do banheiro\u00a0<\/h2>\n<figure class=\"wp-block-image size-large\"><img data-dominant-color=\"8c7f74\" data-has-transparency=\"false\" style=\"--dominant-color: #8c7f74;\" decoding=\"async\" width=\"1024\" height=\"683\" sizes=\"(max-width: 1024px) 100vw, 1024px\" src=\"http:\/\/noticiasbahia360.com.br\/wp-content\/uploads\/2025\/05\/FYSJYTCy-tipos-de-ralos-para-banheiro-foto-2-1024x683-1.webp\" alt=\"\" class=\"wp-image-552192 not-transparent\" srcset=\"https:\/\/uploads.acordacidade.com.br\/2025\/05\/FYSJYTCy-tipos-de-ralos-para-banheiro-foto-2-300x200.webp 300w, http:\/\/noticiasbahia360.com.br\/wp-content\/uploads\/2025\/05\/FYSJYTCy-tipos-de-ralos-para-banheiro-foto-2-1024x683-1.webp 1024w, https:\/\/uploads.acordacidade.com.br\/2025\/05\/FYSJYTCy-tipos-de-ralos-para-banheiro-foto-2-768x512.webp 768w, https:\/\/uploads.acordacidade.com.br\/2025\/05\/FYSJYTCy-tipos-de-ralos-para-banheiro-foto-2-150x100.webp 150w, https:\/\/uploads.acordacidade.com.br\/2025\/05\/FYSJYTCy-tipos-de-ralos-para-banheiro-foto-2.webp 1200w\"><figcaption class=\"wp-element-caption\">No detalhe da foto, o ralo square ao lado da bacia sanit\u00e1ria |<\/p>\n<p>Projeto Isabella Nalon Arquitetura | Foto: Julia Herman <\/figcaption><\/figure>\n<p>\u201cO ralo linear \u00e9 uma solu\u00e7\u00e3o elegante e muito pr\u00e1tica para grandes formatos de porcelanato, pois permite manter a unidade visual, simplificando a sa\u00edda da \u00e1gua. Com ele, n\u00e3o precisamos de a\u00e7\u00f5es mais complexas\u201d, explica Isabella.<\/p>\n<p>Discreto tal qual o linear, o ralo square tamb\u00e9m cumpre a fun\u00e7\u00e3o de camuflar a caixa receptora que leva a \u00e1gua para a tubula\u00e7\u00e3o de esgoto. Recoberto pelo revestimento instalado no banheiro, a arquiteta explica que o modelo \u00e9 indicado para \u00e1rea onde est\u00e1 a bancada e a bacia sanit\u00e1ria. \u201c<em>Diferente da cultura de outros pa\u00edses, o brasileiro n\u00e3o abre m\u00e3o de lavar o banheiro. Por isso a relev\u00e2ncia de t\u00ea-lo em um ponto estrat\u00e9gico para mandar embora \u00e1gua utilizada para a limpeza<\/em>\u201d, afirma.<\/p>\n<figure class=\"wp-block-image size-full\"><img data-dominant-color=\"afaca9\" data-has-transparency=\"false\" style=\"--dominant-color: #afaca9;\" decoding=\"async\" width=\"600\" height=\"400\" sizes=\"(max-width: 600px) 100vw, 600px\" src=\"http:\/\/noticiasbahia360.com.br\/wp-content\/uploads\/2025\/05\/2iuufXv3-tipos-de-ralos-para-banheiro-foto-3.webp\" alt=\"\" class=\"wp-image-552191 not-transparent\" srcset=\"https:\/\/uploads.acordacidade.com.br\/2025\/05\/2iuufXv3-tipos-de-ralos-para-banheiro-foto-3-300x200.webp 300w, https:\/\/uploads.acordacidade.com.br\/2025\/05\/2iuufXv3-tipos-de-ralos-para-banheiro-foto-3-150x100.webp 150w, http:\/\/noticiasbahia360.com.br\/wp-content\/uploads\/2025\/05\/2iuufXv3-tipos-de-ralos-para-banheiro-foto-3.webp 600w\"><figcaption class=\"wp-element-caption\">Al\u00e9m de executar a ca\u00edda d\u2019\u00e1gua, a arquiteta Isabella Nalon tamb\u00e9m considera<\/p>\n<p>as dimens\u00f5es que permitem a retirada da \u00e1gua com um rodo. \u201cEscondidinho ao lado da bacia sanit\u00e1ria, assim como realizamos nesse projeto de banheiro, o morador consegue realizar suas fun\u00e7\u00f5es de limpeza, pois sempre considero o espa\u00e7amento necess\u00e1rio para encaixar o item sem desconforto\u201d | Foto: Julia Herman <\/figcaption><\/figure>\n<p>Independentemente do modelo escolhido, a Isabella aponta que \u00e9 essencial dimensionar o ralo, levando em considera\u00e7\u00e3o a \u00e1rea do banheiro. \u201c<em>Isso evita o ac\u00famulo de \u00e1gua por conta de uma vaz\u00e3o desproporcional \u00e0 vaz\u00e3o do item<\/em>\u201d, orienta.\u00a0<\/p>\n<h2 class=\"wp-block-heading\" id=\"h-e-a-manutencao-do-ralo-oculto\">E a manuten\u00e7\u00e3o do ralo oculto?\u00a0<\/h2>\n<p>Na rotina de um banheiro, especialmente no interior do box, convivemos com os cabelos, outras sujeiras e pequenos res\u00edduos que caem no ch\u00e3o. E por mais impercept\u00edvel que o ralo invis\u00edvel se torne, Isabella recomenda n\u00e3o se esquecer que a aus\u00eancia de manuten\u00e7\u00e3o preventiva gerar\u00e1 transtornos.<\/p>\n<p>\u201cNo ralo comum enxergamos os cabelos que ficam retidos na grelha, sendo que o mesmo n\u00e3o acontece com o oculto\u201d, correlaciona. Por isso, seu conselho \u00e9 simples: estabelecer a rotina semanal de abrir o interior para a retirada daquilo que est\u00e1 contido no seu interior. \u201cEsse senso de despreocupa\u00e7\u00e3o \u00e9 danoso, pois o ac\u00famulo gerar\u00e1, invariavelmente, o entupimento que n\u00e3o tem jeito: \u00e9 inc\u00f4modo\u201d, pontua. Al\u00e9m desse cuidado, o mercado tem ofertado dispositivos que auxiliam no processo.<\/p>\n<p><em>Siga o Acorda Cidade no<\/em><a href=\"https:\/\/news.google.com\/search?q=acorda%20cidade&amp;hl=pt-BR&amp;gl=BR&amp;ceid=BR%3Apt-419\"><strong><em>\u00a0Google Not\u00edcias<\/em><\/strong><\/a><em>\u00a0e receba os principais destaques do dia. Participe tamb\u00e9m dos nossos canais no\u00a0<\/em><a href=\"https:\/\/www.whatsapp.com\/channel\/0029Va6Rb4v3WHTNnsh8WI3N\"><strong><em>WhatsApp<\/em><\/strong><\/a><em>\u00a0e\u00a0<\/em><a href=\"https:\/\/www.youtube.com\/@acordacidadenoticias\/videos\"><strong>YouTube<\/strong><\/a><em>\u00a0e do grupo no\u00a0<\/em><a href=\"https:\/\/t.me\/+sSz0khrgARA0ZmRh\"><strong><em>Telegram<\/em><\/strong><\/a><\/p>\n<\/div>\n","protected":false},"excerpt":{"rendered":"<div>\n<div>\n<figure><img decoding=\"async\" src=\"https:\/\/uploads.acordacidade.com.br\/2025\/05\/tipos-de-ralos-para-banheiro-foto-5.jpg\" alt=\"\"><figcaption>Nos banheiros, os ralos invis\u00edveis s\u00e3o executados nos sistemas linear e square, cada um com suas min\u00facias que complementam a sobriedade que entregam aos ambientes. Nesse projeto, a arquiteta Isabella Nalon adotou o ralo, tamb\u00e9m considerado como invis\u00edvel, no box e do lado de fora | Foto: Julia Herman <\/figcaption><\/figure>\n<\/div>\n<p>Uma especialista em projetos residenciais explica como a escolha do ralo oculto combina efici\u00eancia e uma est\u00e9tica ainda melhor ao banheiro.<\/p><\/div>\n","protected":false},"author":1,"featured_media":85767,"comment_status":"closed","ping_status":"closed","sticky":false,"template":"","format":"gallery","meta":{"footnotes":""},"categories":[8,9,6,57,56,10],"tags":[],"class_list":["post-85766","post","type-post","status-publish","format-gallery","has-post-thumbnail","hentry","category-bahia","category-brasil","category-feira-de-santana","category-mundo","category-policia","category-politica","post_format-post-format-gallery"],"featured_image_urls":{"full":["https:\/\/noticiasbahia360.com.br\/wp-content\/uploads\/2025\/05\/tipos-de-ralos-para-banheiro-foto-5.jpg",600,400,false],"thumbnail":["https:\/\/noticiasbahia360.com.br\/wp-content\/uploads\/2025\/05\/tipos-de-ralos-para-banheiro-foto-5-150x150.jpg",150,150,true],"medium":["https:\/\/noticiasbahia360.com.br\/wp-content\/uploads\/2025\/05\/tipos-de-ralos-para-banheiro-foto-5-300x200.jpg",300,200,true],"medium_large":["https:\/\/noticiasbahia360.com.br\/wp-content\/uploads\/2025\/05\/tipos-de-ralos-para-banheiro-foto-5.jpg",600,400,false],"large":["https:\/\/noticiasbahia360.com.br\/wp-content\/uploads\/2025\/05\/tipos-de-ralos-para-banheiro-foto-5.jpg",600,400,false],"1536x1536":["https:\/\/noticiasbahia360.com.br\/wp-content\/uploads\/2025\/05\/tipos-de-ralos-para-banheiro-foto-5.jpg",600,400,false],"2048x2048":["https:\/\/noticiasbahia360.com.br\/wp-content\/uploads\/2025\/05\/tipos-de-ralos-para-banheiro-foto-5.jpg",600,400,false],"chromenews-featured":["https:\/\/noticiasbahia360.com.br\/wp-content\/uploads\/2025\/05\/tipos-de-ralos-para-banheiro-foto-5.jpg",600,400,false],"chromenews-large":["https:\/\/noticiasbahia360.com.br\/wp-content\/uploads\/2025\/05\/tipos-de-ralos-para-banheiro-foto-5.jpg",600,400,false],"chromenews-medium":["https:\/\/noticiasbahia360.com.br\/wp-content\/uploads\/2025\/05\/tipos-de-ralos-para-banheiro-foto-5-590x400.jpg",590,400,true]},"author_info":{"display_name":"noticiasbahia360.com.br","author_link":"https:\/\/noticiasbahia360.com.br\/?author=1"},"category_info":"<a href=\"https:\/\/noticiasbahia360.com.br\/?cat=8\" rel=\"category\">Bahia<\/a> <a href=\"https:\/\/noticiasbahia360.com.br\/?cat=9\" rel=\"category\">Brasil<\/a> <a href=\"https:\/\/noticiasbahia360.com.br\/?cat=6\" rel=\"category\">Feira de Santana<\/a> <a href=\"https:\/\/noticiasbahia360.com.br\/?cat=57\" rel=\"category\">Mundo<\/a> <a href=\"https:\/\/noticiasbahia360.com.br\/?cat=56\" rel=\"category\">Pol\u00edcia<\/a> <a href=\"https:\/\/noticiasbahia360.com.br\/?cat=10\" rel=\"category\">Pol\u00edtica<\/a>","tag_info":"Pol\u00edtica","comment_count":"0","_links":{"self":[{"href":"https:\/\/noticiasbahia360.com.br\/index.php?rest_route=\/wp\/v2\/posts\/85766","targetHints":{"allow":["GET"]}}],"collection":[{"href":"https:\/\/noticiasbahia360.com.br\/index.php?rest_route=\/wp\/v2\/posts"}],"about":[{"href":"https:\/\/noticiasbahia360.com.br\/index.php?rest_route=\/wp\/v2\/types\/post"}],"author":[{"embeddable":true,"href":"https:\/\/noticiasbahia360.com.br\/index.php?rest_route=\/wp\/v2\/users\/1"}],"replies":[{"embeddable":true,"href":"https:\/\/noticiasbahia360.com.br\/index.php?rest_route=%2Fwp%2Fv2%2Fcomments&post=85766"}],"version-history":[{"count":0,"href":"https:\/\/noticiasbahia360.com.br\/index.php?rest_route=\/wp\/v2\/posts\/85766\/revisions"}],"wp:featuredmedia":[{"embeddable":true,"href":"https:\/\/noticiasbahia360.com.br\/index.php?rest_route=\/wp\/v2\/media\/85767"}],"wp:attachment":[{"href":"https:\/\/noticiasbahia360.com.br\/index.php?rest_route=%2Fwp%2Fv2%2Fmedia&parent=85766"}],"wp:term":[{"taxonomy":"category","embeddable":true,"href":"https:\/\/noticiasbahia360.com.br\/index.php?rest_route=%2Fwp%2Fv2%2Fcategories&post=85766"},{"taxonomy":"post_tag","embeddable":true,"href":"https:\/\/noticiasbahia360.com.br\/index.php?rest_route=%2Fwp%2Fv2%2Ftags&post=85766"}],"curies":[{"name":"wp","href":"https:\/\/api.w.org\/{rel}","templated":true}]}}