{"id":85775,"date":"2025-05-12T09:46:30","date_gmt":"2025-05-12T12:46:30","guid":{"rendered":"https:\/\/noticiasbahia360.com.br\/?p=85775"},"modified":"2025-05-12T09:46:30","modified_gmt":"2025-05-12T12:46:30","slug":"semana-de-saude-faculdade-promove-acao-com-vacinacao-gratuita-avaliacao-nutricional-e-palestras","status":"publish","type":"post","link":"https:\/\/noticiasbahia360.com.br\/?p=85775","title":{"rendered":"Semana de Sa\u00fade: faculdade promove a\u00e7\u00e3o com vacina\u00e7\u00e3o gratuita, avalia\u00e7\u00e3o nutricional e palestras"},"content":{"rendered":"<div>\n<div>\n<figure><img decoding=\"async\" src=\"http:\/\/noticiasbahia360.com.br\/wp-content\/uploads\/2025\/05\/0JsRrPEN-Vacinacao-contra-gripe-e-ampliada-para-publico-acima-de-6-meses-foto-Thiago-Paixao-22.webp\" alt=\"Secretaria de Sa\u00fade orienta foli\u00f5es a atualizar a caderneta de vacina vacina\u00e7\u00e3o\"><figcaption>Foto: Thiago Paix\u00e3o<\/figcaption><\/figure>\n<\/div>\n<p>A Est\u00e1cio <a href=\"https:\/\/www.acordacidade.com.br\/feira-de-santana\/\">Feira de Santana<\/a> vai promover a Semana Nacional de Sa\u00fade, com vacina\u00e7\u00e3o gratuita aberta para a popula\u00e7\u00e3o, avalia\u00e7\u00e3o nutricional e diversas palestras voltadas para os estudantes e profissionais de enfermagem, durante a Semana de Enfermagem, em comemora\u00e7\u00e3o ao Dia Internacional da Enfermagem, dia 12 de maio.<\/p>\n<p>As atividades ser\u00e3o iniciadas na segunda (12) pela manh\u00e3 com palestras sobre Dopamina e Antropometria, a partir das 9h20, al\u00e9m da a\u00e7\u00e3o para atualiza\u00e7\u00e3o da caderneta de vacina\u00e7\u00e3o, que ser\u00e1 das 10h \u00e0s 12h. A programa\u00e7\u00e3o segue \u00e0 noite, a partir das 19h, com a realiza\u00e7\u00e3o de uma oficina de exame cardiorrespirat\u00f3rio.<\/p>\n<p>Na ter\u00e7a, dia 13, pela manh\u00e3, ser\u00e3o realizadas palestras sobre t\u00e9cnicas de autorregula\u00e7\u00e3o no dia a dia, a partir das 8h30, e ter\u00e1 um momento de massoterapia. No per\u00edodo da tarde, ser\u00e3o realizadas oficinas de injet\u00e1veis, a partir das 14h.<\/p>\n<p>\u00c0 noite, a partir das 19h, a programa\u00e7\u00e3o contar\u00e1 com palestra sobre Enfermagem e Empreendedorismo, seguida de Pr\u00e1ticas Integrativas e complementares em sa\u00fade.<\/p>\n<h2 class=\"wp-block-heading\" id=\"h-campanha-de-vacinacao\">Campanha de vacina\u00e7\u00e3o<\/h2>\n<p>A campanha de vacina\u00e7\u00e3o promovida pela Est\u00e1cio tem apoio da Secretaria Municipal de Sa\u00fade (SMS). Diversas vacinas estar\u00e3o dispon\u00edveis e quem quiser participar deve levar documento de identidade, cart\u00e3o do SUS e a caderneta de vacina\u00e7\u00e3o. Crian\u00e7as e adolescentes devem estar acompanhados dos pais ou respons\u00e1veis.<\/p>\n<p><em>Siga o Acorda Cidade no<\/em><a href=\"https:\/\/news.google.com\/search?q=acorda%20cidade&amp;hl=pt-BR&amp;gl=BR&amp;ceid=BR%3Apt-419\"><strong><em>\u00a0Google Not\u00edcias<\/em><\/strong><\/a><em>\u00a0e receba os principais destaques do dia. Participe tamb\u00e9m dos nossos canais no\u00a0<\/em><a href=\"https:\/\/www.whatsapp.com\/channel\/0029Va6Rb4v3WHTNnsh8WI3N\"><strong><em>WhatsApp<\/em><\/strong><\/a><em>\u00a0e\u00a0<\/em><a href=\"https:\/\/www.youtube.com\/@acordacidadenoticias\/videos\"><strong>YouTube<\/strong><\/a><em>\u00a0e grupo de\u00a0<\/em><a href=\"https:\/\/t.me\/+sSz0khrgARA0ZmRh\"><strong><em>Telegram<\/em><\/strong><\/a><em>.<\/em><\/p>\n<\/div>\n","protected":false},"excerpt":{"rendered":"<div>\n<div>\n<figure><img decoding=\"async\" src=\"https:\/\/uploads.acordacidade.com.br\/2025\/04\/0JsRrPEN-Vacinacao-contra-gripe-e-ampliada-para-publico-acima-de-6-meses-foto-Thiago-Paixao-22.webp\" alt=\"Secretaria de Sa\u00fade orienta foli\u00f5es a atualizar a caderneta de vacina vacina\u00e7\u00e3o\"><figcaption>Foto: Thiago Paix\u00e3o<\/figcaption><\/figure>\n<\/div>\n<p>As atividades ser\u00e3o iniciadas na segunda (12) pela manh\u00e3 com palestras sobre Dopamina e Antropometria.<\/p><\/div>\n","protected":false},"author":1,"featured_media":85776,"comment_status":"closed","ping_status":"closed","sticky":false,"template":"","format":"gallery","meta":{"footnotes":""},"categories":[8,9,6,57,56,10],"tags":[],"class_list":["post-85775","post","type-post","status-publish","format-gallery","has-post-thumbnail","hentry","category-bahia","category-brasil","category-feira-de-santana","category-mundo","category-policia","category-politica","post_format-post-format-gallery"],"featured_image_urls":{"full":["https:\/\/noticiasbahia360.com.br\/wp-content\/uploads\/2025\/05\/0JsRrPEN-Vacinacao-contra-gripe-e-ampliada-para-publico-acima-de-6-meses-foto-Thiago-Paixao-22.webp",1200,719,false],"thumbnail":["https:\/\/noticiasbahia360.com.br\/wp-content\/uploads\/2025\/05\/0JsRrPEN-Vacinacao-contra-gripe-e-ampliada-para-publico-acima-de-6-meses-foto-Thiago-Paixao-22-150x150.webp",150,150,true],"medium":["https:\/\/noticiasbahia360.com.br\/wp-content\/uploads\/2025\/05\/0JsRrPEN-Vacinacao-contra-gripe-e-ampliada-para-publico-acima-de-6-meses-foto-Thiago-Paixao-22-300x180.webp",300,180,true],"medium_large":["https:\/\/noticiasbahia360.com.br\/wp-content\/uploads\/2025\/05\/0JsRrPEN-Vacinacao-contra-gripe-e-ampliada-para-publico-acima-de-6-meses-foto-Thiago-Paixao-22-768x460.webp",640,383,true],"large":["https:\/\/noticiasbahia360.com.br\/wp-content\/uploads\/2025\/05\/0JsRrPEN-Vacinacao-contra-gripe-e-ampliada-para-publico-acima-de-6-meses-foto-Thiago-Paixao-22-1024x614.webp",640,384,true],"1536x1536":["https:\/\/noticiasbahia360.com.br\/wp-content\/uploads\/2025\/05\/0JsRrPEN-Vacinacao-contra-gripe-e-ampliada-para-publico-acima-de-6-meses-foto-Thiago-Paixao-22.webp",1200,719,false],"2048x2048":["https:\/\/noticiasbahia360.com.br\/wp-content\/uploads\/2025\/05\/0JsRrPEN-Vacinacao-contra-gripe-e-ampliada-para-publico-acima-de-6-meses-foto-Thiago-Paixao-22.webp",1200,719,false],"chromenews-featured":["https:\/\/noticiasbahia360.com.br\/wp-content\/uploads\/2025\/05\/0JsRrPEN-Vacinacao-contra-gripe-e-ampliada-para-publico-acima-de-6-meses-foto-Thiago-Paixao-22-1024x614.webp",1024,614,true],"chromenews-large":["https:\/\/noticiasbahia360.com.br\/wp-content\/uploads\/2025\/05\/0JsRrPEN-Vacinacao-contra-gripe-e-ampliada-para-publico-acima-de-6-meses-foto-Thiago-Paixao-22-825x575.webp",825,575,true],"chromenews-medium":["https:\/\/noticiasbahia360.com.br\/wp-content\/uploads\/2025\/05\/0JsRrPEN-Vacinacao-contra-gripe-e-ampliada-para-publico-acima-de-6-meses-foto-Thiago-Paixao-22-590x410.webp",590,410,true]},"author_info":{"display_name":"noticiasbahia360.com.br","author_link":"https:\/\/noticiasbahia360.com.br\/?author=1"},"category_info":"<a href=\"https:\/\/noticiasbahia360.com.br\/?cat=8\" rel=\"category\">Bahia<\/a> <a href=\"https:\/\/noticiasbahia360.com.br\/?cat=9\" rel=\"category\">Brasil<\/a> <a href=\"https:\/\/noticiasbahia360.com.br\/?cat=6\" rel=\"category\">Feira de Santana<\/a> <a href=\"https:\/\/noticiasbahia360.com.br\/?cat=57\" rel=\"category\">Mundo<\/a> <a href=\"https:\/\/noticiasbahia360.com.br\/?cat=56\" rel=\"category\">Pol\u00edcia<\/a> <a href=\"https:\/\/noticiasbahia360.com.br\/?cat=10\" rel=\"category\">Pol\u00edtica<\/a>","tag_info":"Pol\u00edtica","comment_count":"0","_links":{"self":[{"href":"https:\/\/noticiasbahia360.com.br\/index.php?rest_route=\/wp\/v2\/posts\/85775","targetHints":{"allow":["GET"]}}],"collection":[{"href":"https:\/\/noticiasbahia360.com.br\/index.php?rest_route=\/wp\/v2\/posts"}],"about":[{"href":"https:\/\/noticiasbahia360.com.br\/index.php?rest_route=\/wp\/v2\/types\/post"}],"author":[{"embeddable":true,"href":"https:\/\/noticiasbahia360.com.br\/index.php?rest_route=\/wp\/v2\/users\/1"}],"replies":[{"embeddable":true,"href":"https:\/\/noticiasbahia360.com.br\/index.php?rest_route=%2Fwp%2Fv2%2Fcomments&post=85775"}],"version-history":[{"count":0,"href":"https:\/\/noticiasbahia360.com.br\/index.php?rest_route=\/wp\/v2\/posts\/85775\/revisions"}],"wp:featuredmedia":[{"embeddable":true,"href":"https:\/\/noticiasbahia360.com.br\/index.php?rest_route=\/wp\/v2\/media\/85776"}],"wp:attachment":[{"href":"https:\/\/noticiasbahia360.com.br\/index.php?rest_route=%2Fwp%2Fv2%2Fmedia&parent=85775"}],"wp:term":[{"taxonomy":"category","embeddable":true,"href":"https:\/\/noticiasbahia360.com.br\/index.php?rest_route=%2Fwp%2Fv2%2Fcategories&post=85775"},{"taxonomy":"post_tag","embeddable":true,"href":"https:\/\/noticiasbahia360.com.br\/index.php?rest_route=%2Fwp%2Fv2%2Ftags&post=85775"}],"curies":[{"name":"wp","href":"https:\/\/api.w.org\/{rel}","templated":true}]}} 