{"id":85777,"date":"2025-05-12T09:57:38","date_gmt":"2025-05-12T12:57:38","guid":{"rendered":"https:\/\/noticiasbahia360.com.br\/?p=85777"},"modified":"2025-05-12T09:57:38","modified_gmt":"2025-05-12T12:57:38","slug":"moradores-reclamam-de-abandono-de-campo-de-futebol-no-bairro-conceicao-prefeitura-afirma-que-vai-revitalizar-espaco","status":"publish","type":"post","link":"https:\/\/noticiasbahia360.com.br\/?p=85777","title":{"rendered":"Moradores reclamam de abandono de campo de futebol no bairro Concei\u00e7\u00e3o; prefeitura afirma que vai revitalizar espa\u00e7o"},"content":{"rendered":"<div>\n<div>\n<figure><img decoding=\"async\" src=\"http:\/\/noticiasbahia360.com.br\/wp-content\/uploads\/2025\/05\/OUCcUzNt-Campo-de-futebol-no-bairro-Conceicao-ft-paulo-jose-acorda-cidade7.webp\" alt=\"Campo de futebol no bairro Concei\u00e7\u00e3o\"><figcaption>Foto: Paulo Jos\u00e9\/Acorda Cidade<\/figcaption><\/figure>\n<\/div>\n<p>Um campo de futebol localizado na Avenida <strong>Heitor Villa Lobos<\/strong>, no bairro Concei\u00e7\u00e3o ll, em Feira de Santana est\u00e1 precisando de aten\u00e7\u00e3o por parte das autoridades municipais. A reclama\u00e7\u00e3o foi feita no Programa Acorda Cidade, da R\u00e1dio Sociedade News FM, na manh\u00e3 desta segunda-feira (12). Segundo os moradores, o campinho est\u00e1 alagado precisando de manuten\u00e7\u00e3o, al\u00e9m de outros problemas como drenagem mal feita, falta de limpeza e equipamentos danificados.<\/p>\n<p>De acordo com as informa\u00e7\u00f5es, o equipamento esportivo foi constru\u00eddo com verba parlamentar do ex-deputado, <a href=\"https:\/\/www.acordacidade.com.br\/tag\/irmao-lazaro\/\"><strong>Irm\u00e3o L\u00e1zaro<\/strong><\/a>, que faleceu durante a pandemia. Um valor de R$ 441.395,70 foi investido.<\/p>\n<figure class=\"wp-block-image size-large\"><img fetchpriority=\"high\" data-dominant-color=\"7e8771\" data-has-transparency=\"false\" style=\"--dominant-color: #7e8771;\" fetchpriority=\"high\" decoding=\"async\" width=\"1024\" height=\"473\" sizes=\"(max-width: 1024px) 100vw, 1024px\" src=\"http:\/\/noticiasbahia360.com.br\/wp-content\/uploads\/2025\/05\/XtUZi8Mr-Campo-de-futebol-no-bairro-Conceicao-ft-paulo-jose-acorda-cidade6-1024x473-1.webp\" alt=\"Campo de futebol no bairro Concei\u00e7\u00e3o\" class=\"wp-image-552221 not-transparent\" srcset=\"https:\/\/uploads.acordacidade.com.br\/2025\/05\/XtUZi8Mr-Campo-de-futebol-no-bairro-Conceicao-ft-paulo-jose-acorda-cidade6-300x139.webp 300w, http:\/\/noticiasbahia360.com.br\/wp-content\/uploads\/2025\/05\/XtUZi8Mr-Campo-de-futebol-no-bairro-Conceicao-ft-paulo-jose-acorda-cidade6-1024x473-1.webp 1024w, https:\/\/uploads.acordacidade.com.br\/2025\/05\/XtUZi8Mr-Campo-de-futebol-no-bairro-Conceicao-ft-paulo-jose-acorda-cidade6-768x355.webp 768w, https:\/\/uploads.acordacidade.com.br\/2025\/05\/XtUZi8Mr-Campo-de-futebol-no-bairro-Conceicao-ft-paulo-jose-acorda-cidade6-150x69.webp 150w, https:\/\/uploads.acordacidade.com.br\/2025\/05\/XtUZi8Mr-Campo-de-futebol-no-bairro-Conceicao-ft-paulo-jose-acorda-cidade6.webp 1200w\"><figcaption class=\"wp-element-caption\">Foto: Paulo Jos\u00e9\/Acorda Cidade<\/figcaption><\/figure>\n<p>\u201cA gente j\u00e1 tem quase tr\u00eas anos j\u00e1 sem poder jogar nosso <a href=\"https:\/\/www.acordacidade.com.br\/tag\/futebol\/\"><strong>futebol<\/strong><\/a> aqui na nossa \u00e1rea. Da \u00faltima vez que tiveram aqui o pessoal da prefeitura, fizeram uma raspagem com a m\u00e1quina, ficou aparentemente em condi\u00e7\u00f5es de jogo, mas foi s\u00f3 a primeira chuva cair para os problemas aparecerem. N\u00e3o ligaram a luz ainda. N\u00e3o ligaram a \u00e1gua. O vesti\u00e1rio est\u00e1 fechado. Esse campo custou quase meio milh\u00e3o de reais. A gente quer uma solu\u00e7\u00e3o\u201d, disse o morador <strong>Eric Matos<\/strong>.<\/p>\n<figure class=\"wp-block-image size-large\"><img data-dominant-color=\"7a7972\" data-has-transparency=\"false\" style=\"--dominant-color: #7a7972;\" decoding=\"async\" width=\"1024\" height=\"473\" sizes=\"(max-width: 1024px) 100vw, 1024px\" src=\"http:\/\/noticiasbahia360.com.br\/wp-content\/uploads\/2025\/05\/qpHcoYll-Campo-de-futebol-no-bairro-Conceicao-ft-paulo-jose-acorda-cidade5-1024x473-1.webp\" alt=\"Campo de futebol no bairro Concei\u00e7\u00e3o\" class=\"wp-image-552222 not-transparent\" srcset=\"https:\/\/uploads.acordacidade.com.br\/2025\/05\/qpHcoYll-Campo-de-futebol-no-bairro-Conceicao-ft-paulo-jose-acorda-cidade5-300x139.webp 300w, http:\/\/noticiasbahia360.com.br\/wp-content\/uploads\/2025\/05\/qpHcoYll-Campo-de-futebol-no-bairro-Conceicao-ft-paulo-jose-acorda-cidade5-1024x473-1.webp 1024w, https:\/\/uploads.acordacidade.com.br\/2025\/05\/qpHcoYll-Campo-de-futebol-no-bairro-Conceicao-ft-paulo-jose-acorda-cidade5-768x355.webp 768w, https:\/\/uploads.acordacidade.com.br\/2025\/05\/qpHcoYll-Campo-de-futebol-no-bairro-Conceicao-ft-paulo-jose-acorda-cidade5-150x69.webp 150w, https:\/\/uploads.acordacidade.com.br\/2025\/05\/qpHcoYll-Campo-de-futebol-no-bairro-Conceicao-ft-paulo-jose-acorda-cidade5.webp 1200w\"><figcaption class=\"wp-element-caption\">Foto: Paulo Jos\u00e9\/Acorda Cidade<\/figcaption><\/figure>\n<p>De acordo com ele, a drenagem realizada n\u00e3o funciona e o campo permanece alagado por conta das \u00faltimas chuvas que ca\u00edram na cidade. At\u00e9 mesmo as redes do gol est\u00e3o danificadas. <\/p>\n<p>\u201cA <a href=\"https:\/\/www.acordacidade.com.br\/tag\/drenagem\/\"><strong>drenagem<\/strong><\/a>, disseram que fizeram, cavaram um buraco no meio do campo atravessaram um tubo, por\u00e9m esse tubo n\u00e3o tem sa\u00edda no fundo do campo. Ent\u00e3o a gente n\u00e3o entende, parece at\u00e9 que essa drenagem s\u00f3 foi feita mesmo, para dizer que foi feita, mas ela n\u00e3o funciona\u201d, alertou Eric.<\/p>\n<figure class=\"wp-block-image size-large\"><img data-dominant-color=\"7f7d72\" data-has-transparency=\"false\" style=\"--dominant-color: #7f7d72;\" decoding=\"async\" width=\"1024\" height=\"473\" sizes=\"(max-width: 1024px) 100vw, 1024px\" src=\"http:\/\/noticiasbahia360.com.br\/wp-content\/uploads\/2025\/05\/fSmmAgUe-Campo-de-futebol-no-bairro-Conceicao-ft-paulo-jose-acorda-cidade4-1024x473-1.webp\" alt=\"Campo de futebol no bairro Concei\u00e7\u00e3o\" class=\"wp-image-552223 not-transparent\" srcset=\"https:\/\/uploads.acordacidade.com.br\/2025\/05\/fSmmAgUe-Campo-de-futebol-no-bairro-Conceicao-ft-paulo-jose-acorda-cidade4-300x139.webp 300w, http:\/\/noticiasbahia360.com.br\/wp-content\/uploads\/2025\/05\/fSmmAgUe-Campo-de-futebol-no-bairro-Conceicao-ft-paulo-jose-acorda-cidade4-1024x473-1.webp 1024w, https:\/\/uploads.acordacidade.com.br\/2025\/05\/fSmmAgUe-Campo-de-futebol-no-bairro-Conceicao-ft-paulo-jose-acorda-cidade4-768x355.webp 768w, https:\/\/uploads.acordacidade.com.br\/2025\/05\/fSmmAgUe-Campo-de-futebol-no-bairro-Conceicao-ft-paulo-jose-acorda-cidade4-150x69.webp 150w, https:\/\/uploads.acordacidade.com.br\/2025\/05\/fSmmAgUe-Campo-de-futebol-no-bairro-Conceicao-ft-paulo-jose-acorda-cidade4.webp 1200w\"><figcaption class=\"wp-element-caption\">Foto: Paulo Jos\u00e9\/Acorda Cidade<\/figcaption><\/figure>\n<p><strong>Alessandro dos Santos<\/strong> tamb\u00e9m falou ao Acorda Cidade. Ele criticou o abandono da \u00e1rea de lazer que \u00e9 utilizada por crian\u00e7as, jovens e adultos. \u201cToda vez \u00e9 isso, quando a elei\u00e7\u00e3o passa, somos abandonados como sempre. Eu n\u00e3o sei nem o que vai fazer mais. Eles v\u00eam aqui, fazem uma capeada, tiram a gente de tempo e v\u00e3o embora. Depois \u00e9 virar as costas mesmo e deixar a gente assim. A gente tem que estar correndo para outro bairro para brincar com futebol que aqui no nosso bairro a gente n\u00e3o pode se divertir\u201d.<\/p>\n<figure class=\"wp-block-image size-large\"><img data-dominant-color=\"838280\" data-has-transparency=\"false\" style=\"--dominant-color: #838280;\" decoding=\"async\" width=\"1024\" height=\"473\" sizes=\"(max-width: 1024px) 100vw, 1024px\" src=\"http:\/\/noticiasbahia360.com.br\/wp-content\/uploads\/2025\/05\/eJpvzmWv-Campo-de-futebol-no-bairro-Conceicao-ft-paulo-jose-acorda-cidade3-1024x473-1.webp\" alt=\"Campo de futebol no bairro Concei\u00e7\u00e3o\" class=\"wp-image-552224 not-transparent\" srcset=\"https:\/\/uploads.acordacidade.com.br\/2025\/05\/eJpvzmWv-Campo-de-futebol-no-bairro-Conceicao-ft-paulo-jose-acorda-cidade3-300x139.webp 300w, http:\/\/noticiasbahia360.com.br\/wp-content\/uploads\/2025\/05\/eJpvzmWv-Campo-de-futebol-no-bairro-Conceicao-ft-paulo-jose-acorda-cidade3-1024x473-1.webp 1024w, https:\/\/uploads.acordacidade.com.br\/2025\/05\/eJpvzmWv-Campo-de-futebol-no-bairro-Conceicao-ft-paulo-jose-acorda-cidade3-768x355.webp 768w, https:\/\/uploads.acordacidade.com.br\/2025\/05\/eJpvzmWv-Campo-de-futebol-no-bairro-Conceicao-ft-paulo-jose-acorda-cidade3-150x69.webp 150w, https:\/\/uploads.acordacidade.com.br\/2025\/05\/eJpvzmWv-Campo-de-futebol-no-bairro-Conceicao-ft-paulo-jose-acorda-cidade3.webp 1200w\"><figcaption class=\"wp-element-caption\">Foto: Paulo Jos\u00e9\/Acorda Cidade<\/figcaption><\/figure>\n<p>Alessandro ainda reclamou que o bairro \u00e9 uma das localidades da cidade que possui uma grande avenida que n\u00e3o \u00e9 asfaltada.<\/p>\n<figure class=\"wp-block-image size-large\"><img loading=\"lazy\" data-dominant-color=\"7a906b\" data-has-transparency=\"false\" style=\"--dominant-color: #7a906b;\" decoding=\"async\" width=\"1024\" height=\"473\" sizes=\"(max-width: 1024px) 100vw, 1024px\" src=\"http:\/\/noticiasbahia360.com.br\/wp-content\/uploads\/2025\/05\/PGHOR1q9-Campo-de-futebol-no-bairro-Conceicao-ft-paulo-jose-acorda-cidade2-1024x473-1.webp\" alt=\"Campo de futebol no bairro Concei\u00e7\u00e3o\" class=\"wp-image-552225 not-transparent\" srcset=\"https:\/\/uploads.acordacidade.com.br\/2025\/05\/PGHOR1q9-Campo-de-futebol-no-bairro-Conceicao-ft-paulo-jose-acorda-cidade2-300x139.webp 300w, http:\/\/noticiasbahia360.com.br\/wp-content\/uploads\/2025\/05\/PGHOR1q9-Campo-de-futebol-no-bairro-Conceicao-ft-paulo-jose-acorda-cidade2-1024x473-1.webp 1024w, https:\/\/uploads.acordacidade.com.br\/2025\/05\/PGHOR1q9-Campo-de-futebol-no-bairro-Conceicao-ft-paulo-jose-acorda-cidade2-768x355.webp 768w, https:\/\/uploads.acordacidade.com.br\/2025\/05\/PGHOR1q9-Campo-de-futebol-no-bairro-Conceicao-ft-paulo-jose-acorda-cidade2-150x69.webp 150w, https:\/\/uploads.acordacidade.com.br\/2025\/05\/PGHOR1q9-Campo-de-futebol-no-bairro-Conceicao-ft-paulo-jose-acorda-cidade2.webp 1200w\"><figcaption class=\"wp-element-caption\">Foto: Paulo Jos\u00e9\/Acorda Cidade<\/figcaption><\/figure>\n<p>\u201cEssa avenida mesmo aqui, \u00e9 uma \u00f3tima op\u00e7\u00e3o para a gente fazer caminhada, para as pessoas fazerem uma atividade f\u00edsica. Por\u00e9m, se a gente for fazer essa atividade f\u00edsica do jeito que ela se encontra, a gente pode quebrar um p\u00e9, torcendo em um buraco, pode desmentir um joelho, ent\u00e3o estamos aqui desguarnecidos da \u00e1rea de <a href=\"https:\/\/www.acordacidade.com.br\/tag\/esporte\/\"><strong>esporte<\/strong><\/a> toda. N\u00e3o s\u00e3o s\u00f3 esses problemas, temos problemas tamb\u00e9m com a nossa pra\u00e7a que foi entregue, mas n\u00e3o foi inaugurada. Levaram os brinquedos das crian\u00e7as que tinham aqui na pra\u00e7a, foi o pessoal da prefeitura. A gente quer nossa vida de volta, nossas atividades f\u00edsicas novamente\u201d, acrescentou Alessandro.<\/p>\n<figure class=\"wp-block-image size-large\"><img loading=\"lazy\" data-dominant-color=\"84817c\" data-has-transparency=\"false\" style=\"--dominant-color: #84817c;\" decoding=\"async\" width=\"1024\" height=\"473\" sizes=\"(max-width: 1024px) 100vw, 1024px\" src=\"http:\/\/noticiasbahia360.com.br\/wp-content\/uploads\/2025\/05\/Jhb1TyrI-Campo-de-futebol-no-bairro-Conceicao-ft-paulo-jose-acorda-cidade1-1024x473-1.webp\" alt=\"Campo de futebol no bairro Concei\u00e7\u00e3o\" class=\"wp-image-552226 not-transparent\" srcset=\"https:\/\/uploads.acordacidade.com.br\/2025\/05\/Jhb1TyrI-Campo-de-futebol-no-bairro-Conceicao-ft-paulo-jose-acorda-cidade1-300x139.webp 300w, http:\/\/noticiasbahia360.com.br\/wp-content\/uploads\/2025\/05\/Jhb1TyrI-Campo-de-futebol-no-bairro-Conceicao-ft-paulo-jose-acorda-cidade1-1024x473-1.webp 1024w, https:\/\/uploads.acordacidade.com.br\/2025\/05\/Jhb1TyrI-Campo-de-futebol-no-bairro-Conceicao-ft-paulo-jose-acorda-cidade1-768x355.webp 768w, https:\/\/uploads.acordacidade.com.br\/2025\/05\/Jhb1TyrI-Campo-de-futebol-no-bairro-Conceicao-ft-paulo-jose-acorda-cidade1-150x69.webp 150w, https:\/\/uploads.acordacidade.com.br\/2025\/05\/Jhb1TyrI-Campo-de-futebol-no-bairro-Conceicao-ft-paulo-jose-acorda-cidade1.webp 1200w\"><figcaption class=\"wp-element-caption\">Foto: Paulo Jos\u00e9\/Acorda Cidade<\/figcaption><\/figure>\n<h2 class=\"wp-block-heading\" id=\"h-resposta-da-prefeitura-e-melhorias-planejadas\">Resposta da Prefeitura e Melhorias Planejadas<\/h2>\n<p>Ao Acorda Cidade, <strong>Emerson Brito<\/strong>, superintendente municipal de esporte explicou que a secretaria j\u00e1 realizou uma relat\u00f3rio sobre as melhorias que precisam ser implementadas no \u00e1rea de lazer. De acordo com ele, a pedido do vereador Lulinha, um estudo foi feito para analisar os problemas e apontar as solu\u00e7\u00f5es.<\/p>\n<p>Emerson ainda informou que contabilizou 140 pra\u00e7as esportivas que necessitam de reforma ou revitaliza\u00e7\u00e3o, mas que a nova gest\u00e3o municipal, iniciada este ano, j\u00e1 iniciou os trabalhos em campos e gin\u00e1sios. Ele tamb\u00e9m afirmou que novos centros esportivos devem ser constru\u00eddos.<\/p>\n<p>Reformas j\u00e1 foram feitas nos campos do Suba\u00e9, Feira V e no Gin\u00e1sio Municipal. O Complexo Esportivo Oyama Pinto tamb\u00e9m est\u00e1 sendo reformado.<\/p>\n<p>\u201cQuero salientar que s\u00e3o mais de 140 pra\u00e7as esportivas, onde todas j\u00e1 foram visitadas, feito o relat\u00f3rio e o governo municipal ir\u00e1 revitalizar todos os campos e quadras\u201d, disse ao Acorda Cidade.<\/p>\n<figure class=\"wp-block-image size-large\"><img loading=\"lazy\" data-dominant-color=\"837f7c\" data-has-transparency=\"false\" style=\"--dominant-color: #837f7c;\" decoding=\"async\" width=\"1024\" height=\"473\" sizes=\"(max-width: 1024px) 100vw, 1024px\" src=\"http:\/\/noticiasbahia360.com.br\/wp-content\/uploads\/2025\/05\/YMPQZrMs-Campo-de-futebol-no-bairro-Conceicao-ft-paulo-jose-acorda-cidade-1024x473-1.webp\" alt=\"Campo de futebol no bairro Concei\u00e7\u00e3o\" class=\"wp-image-552227 not-transparent\" srcset=\"https:\/\/uploads.acordacidade.com.br\/2025\/05\/YMPQZrMs-Campo-de-futebol-no-bairro-Conceicao-ft-paulo-jose-acorda-cidade-300x139.webp 300w, http:\/\/noticiasbahia360.com.br\/wp-content\/uploads\/2025\/05\/YMPQZrMs-Campo-de-futebol-no-bairro-Conceicao-ft-paulo-jose-acorda-cidade-1024x473-1.webp 1024w, https:\/\/uploads.acordacidade.com.br\/2025\/05\/YMPQZrMs-Campo-de-futebol-no-bairro-Conceicao-ft-paulo-jose-acorda-cidade-768x355.webp 768w, https:\/\/uploads.acordacidade.com.br\/2025\/05\/YMPQZrMs-Campo-de-futebol-no-bairro-Conceicao-ft-paulo-jose-acorda-cidade-150x69.webp 150w, https:\/\/uploads.acordacidade.com.br\/2025\/05\/YMPQZrMs-Campo-de-futebol-no-bairro-Conceicao-ft-paulo-jose-acorda-cidade.webp 1200w\"><figcaption class=\"wp-element-caption\">Foto: Paulo Jos\u00e9\/Acorda Cidade<\/figcaption><\/figure>\n<p>Em rela\u00e7\u00e3o ao campinho do bairro Concei\u00e7\u00e3o, <strong>Emerson<\/strong> declarou que as melhorias para o local j\u00e1 est\u00e3o dentro da programa\u00e7\u00e3o da pasta.<\/p>\n<p>O superintendente tamb\u00e9m destacou uma Ordem de Servi\u00e7o que ser\u00e1 dada nesta segunda-feira (12), pelo prefeito <a href=\"https:\/\/www.acordacidade.com.br\/tag\/jose-ronaldo\/\"><strong>Jos\u00e9 Ronaldo<\/strong><\/a> para um grande Complexo Esportivo no loteamento Novo Am\u00e9rico, no bairro Suba\u00e9 35BI, fundos do Condom\u00ednio Avi\u00e1rio 3.<\/p>\n<p>\u201cUm grande complexo esportivo com campo, com grama sint\u00e9tica, quadra de esportes parque para crian\u00e7as e pista de cooper\u201d, afirmou.<\/p>\n<p><em>Com informa\u00e7\u00f5es do rep\u00f3rter Paulo Jos\u00e9 do Acorda Cidade<\/em><\/p>\n<p><em>Siga o Acorda Cidade no<\/em><a href=\"https:\/\/news.google.com\/search?q=acorda%20cidade&amp;hl=pt-BR&amp;gl=BR&amp;ceid=BR%3Apt-419\"><strong><em>\u00a0Google Not\u00edcias<\/em><\/strong><\/a><em>\u00a0e receba os principais destaques do dia. Participe tamb\u00e9m dos nossos canais no\u00a0<\/em><a href=\"https:\/\/www.whatsapp.com\/channel\/0029Va6Rb4v3WHTNnsh8WI3N\"><strong><em>WhatsApp<\/em><\/strong><\/a><em>\u00a0e\u00a0<\/em><a href=\"https:\/\/www.youtube.com\/@acordacidadenoticias\/videos\"><strong>Youtube<\/strong><\/a><em>\u00a0e grupo de\u00a0<\/em><a href=\"https:\/\/t.me\/+sSz0khrgARA0ZmRh\"><strong><em>Telegram<\/em><\/strong><\/a><em>.<\/em><\/p>\n<\/div>\n","protected":false},"excerpt":{"rendered":"<div>\n<div>\n<figure><img decoding=\"async\" src=\"https:\/\/uploads.acordacidade.com.br\/2025\/05\/OUCcUzNt-Campo-de-futebol-no-bairro-Conceicao-ft-paulo-jose-acorda-cidade7.webp\" alt=\"Campo de futebol no bairro Concei\u00e7\u00e3o\"><figcaption>Foto: Paulo Jos\u00e9\/Acorda Cidade<\/figcaption><\/figure>\n<\/div>\n<p>Os moradores criticaram o abandono do campo de futebol, \u00e1rea de lazer que \u00e9 utilizada por crian\u00e7as, jovens e adultos.<\/p><\/div>\n","protected":false},"author":1,"featured_media":85778,"comment_status":"closed","ping_status":"closed","sticky":false,"template":"","format":"gallery","meta":{"footnotes":""},"categories":[8,9,6,57,56,10],"tags":[],"class_list":["post-85777","post","type-post","status-publish","format-gallery","has-post-thumbnail","hentry","category-bahia","category-brasil","category-feira-de-santana","category-mundo","category-policia","category-politica","post_format-post-format-gallery"],"featured_image_urls":{"full":["https:\/\/noticiasbahia360.com.br\/wp-content\/uploads\/2025\/05\/OUCcUzNt-Campo-de-futebol-no-bairro-Conceicao-ft-paulo-jose-acorda-cidade7.webp",1200,660,false],"thumbnail":["https:\/\/noticiasbahia360.com.br\/wp-content\/uploads\/2025\/05\/OUCcUzNt-Campo-de-futebol-no-bairro-Conceicao-ft-paulo-jose-acorda-cidade7-150x150.webp",150,150,true],"medium":["https:\/\/noticiasbahia360.com.br\/wp-content\/uploads\/2025\/05\/OUCcUzNt-Campo-de-futebol-no-bairro-Conceicao-ft-paulo-jose-acorda-cidade7-300x165.webp",300,165,true],"medium_large":["https:\/\/noticiasbahia360.com.br\/wp-content\/uploads\/2025\/05\/OUCcUzNt-Campo-de-futebol-no-bairro-Conceicao-ft-paulo-jose-acorda-cidade7-768x422.webp",640,352,true],"large":["https:\/\/noticiasbahia360.com.br\/wp-content\/uploads\/2025\/05\/OUCcUzNt-Campo-de-futebol-no-bairro-Conceicao-ft-paulo-jose-acorda-cidade7-1024x563.webp",640,352,true],"1536x1536":["https:\/\/noticiasbahia360.com.br\/wp-content\/uploads\/2025\/05\/OUCcUzNt-Campo-de-futebol-no-bairro-Conceicao-ft-paulo-jose-acorda-cidade7.webp",1200,660,false],"2048x2048":["https:\/\/noticiasbahia360.com.br\/wp-content\/uploads\/2025\/05\/OUCcUzNt-Campo-de-futebol-no-bairro-Conceicao-ft-paulo-jose-acorda-cidade7.webp",1200,660,false],"chromenews-featured":["https:\/\/noticiasbahia360.com.br\/wp-content\/uploads\/2025\/05\/OUCcUzNt-Campo-de-futebol-no-bairro-Conceicao-ft-paulo-jose-acorda-cidade7-1024x563.webp",1024,563,true],"chromenews-large":["https:\/\/noticiasbahia360.com.br\/wp-content\/uploads\/2025\/05\/OUCcUzNt-Campo-de-futebol-no-bairro-Conceicao-ft-paulo-jose-acorda-cidade7-825x575.webp",825,575,true],"chromenews-medium":["https:\/\/noticiasbahia360.com.br\/wp-content\/uploads\/2025\/05\/OUCcUzNt-Campo-de-futebol-no-bairro-Conceicao-ft-paulo-jose-acorda-cidade7-590x410.webp",590,410,true]},"author_info":{"display_name":"noticiasbahia360.com.br","author_link":"https:\/\/noticiasbahia360.com.br\/?author=1"},"category_info":"<a href=\"https:\/\/noticiasbahia360.com.br\/?cat=8\" rel=\"category\">Bahia<\/a> <a href=\"https:\/\/noticiasbahia360.com.br\/?cat=9\" rel=\"category\">Brasil<\/a> <a href=\"https:\/\/noticiasbahia360.com.br\/?cat=6\" rel=\"category\">Feira de Santana<\/a> <a href=\"https:\/\/noticiasbahia360.com.br\/?cat=57\" rel=\"category\">Mundo<\/a> <a href=\"https:\/\/noticiasbahia360.com.br\/?cat=56\" rel=\"category\">Pol\u00edcia<\/a> <a href=\"https:\/\/noticiasbahia360.com.br\/?cat=10\" rel=\"category\">Pol\u00edtica<\/a>","tag_info":"Pol\u00edtica","comment_count":"0","_links":{"self":[{"href":"https:\/\/noticiasbahia360.com.br\/index.php?rest_route=\/wp\/v2\/posts\/85777","targetHints":{"allow":["GET"]}}],"collection":[{"href":"https:\/\/noticiasbahia360.com.br\/index.php?rest_route=\/wp\/v2\/posts"}],"about":[{"href":"https:\/\/noticiasbahia360.com.br\/index.php?rest_route=\/wp\/v2\/types\/post"}],"author":[{"embeddable":true,"href":"https:\/\/noticiasbahia360.com.br\/index.php?rest_route=\/wp\/v2\/users\/1"}],"replies":[{"embeddable":true,"href":"https:\/\/noticiasbahia360.com.br\/index.php?rest_route=%2Fwp%2Fv2%2Fcomments&post=85777"}],"version-history":[{"count":0,"href":"https:\/\/noticiasbahia360.com.br\/index.php?rest_route=\/wp\/v2\/posts\/85777\/revisions"}],"wp:featuredmedia":[{"embeddable":true,"href":"https:\/\/noticiasbahia360.com.br\/index.php?rest_route=\/wp\/v2\/media\/85778"}],"wp:attachment":[{"href":"https:\/\/noticiasbahia360.com.br\/index.php?rest_route=%2Fwp%2Fv2%2Fmedia&parent=85777"}],"wp:term":[{"taxonomy":"category","embeddable":true,"href":"https:\/\/noticiasbahia360.com.br\/index.php?rest_route=%2Fwp%2Fv2%2Fcategories&post=85777"},{"taxonomy":"post_tag","embeddable":true,"href":"https:\/\/noticiasbahia360.com.br\/index.php?rest_route=%2Fwp%2Fv2%2Ftags&post=85777"}],"curies":[{"name":"wp","href":"https:\/\/api.w.org\/{rel}","templated":true}]}}