{"id":85786,"date":"2025-05-12T10:07:52","date_gmt":"2025-05-12T13:07:52","guid":{"rendered":"https:\/\/noticiasbahia360.com.br\/?p=85786"},"modified":"2025-05-12T10:07:52","modified_gmt":"2025-05-12T13:07:52","slug":"prefeito-assina-ordem-de-servico-para-complexo-esportivo-em-feira-de-santana","status":"publish","type":"post","link":"https:\/\/noticiasbahia360.com.br\/?p=85786","title":{"rendered":"Prefeito assina ordem de servi\u00e7o para complexo esportivo em Feira de Santana"},"content":{"rendered":"<div>\n<div>\n<figure><img decoding=\"async\" src=\"http:\/\/noticiasbahia360.com.br\/wp-content\/uploads\/2025\/05\/Prefeito-assina-ordem-de-servico-para-complexo-esportivo-em-Feira-de-Santana1.jpg\" alt=\"Prefeito assina ordem de servi\u00e7o para complexo esportivo em Feira de Santana3\"><figcaption>Foto: Ed Santos\/Acorda Cidade<\/figcaption><\/figure>\n<\/div>\n<p>O <a href=\"https:\/\/www.acordacidade.com.br\/tag\/prefeito-jose-ronaldo\/\">prefeito Jos\u00e9 Ronaldo de Carvalho<\/a> assinou a ordem de servi\u00e7o para a constru\u00e7\u00e3o de um complexo esportivo no Loteamento Novo Am\u00e9rico, bairro Suba\u00e9 e 35BI, fundos do Condom\u00ednio Avi\u00e1rio 3, em <a href=\"https:\/\/www.acordacidade.com.br\/feira-de-santana\/\">Feira de Santana<\/a>. A assinatura foi realizada na manh\u00e3 desta segunda-feira (12) e o gestor informou ao Acorda Cidade que o investimento ser\u00e1, em torno, de 1 milh\u00e3o e 200 mil reais, com a previs\u00e3o de dura\u00e7\u00e3o da obra de oito meses.<\/p>\n<p>\u201c\u00c9 uma \u00e1rea com pr\u00e1tica de basquete no estilo americano, \u00e1rea de academia, campo Society. Ser\u00e1 uma obra bem avan\u00e7ada, uma obra bem completa com grama sint\u00e9tica. Ser\u00e1 uma pra\u00e7a diferente das demais que existem em Feira de Santana\u201d, afirmou.<\/p>\n<figure class=\"wp-block-image size-large\"><img fetchpriority=\"high\" data-dominant-color=\"928884\" data-has-transparency=\"false\" style=\"--dominant-color: #928884;\" fetchpriority=\"high\" decoding=\"async\" width=\"1024\" height=\"768\" sizes=\"(max-width: 1024px) 100vw, 1024px\" src=\"http:\/\/noticiasbahia360.com.br\/wp-content\/uploads\/2025\/05\/ZPHBeYNZ-Prefeito-assina-ordem-de-servico-para-complexo-esportivo-em-Feira-de-Santana3-1024x768-1.webp\" alt=\"Prefeito assina ordem de servi\u00e7o para complexo esportivo em Feira de Santana3\" class=\"wp-image-552237 not-transparent\" srcset=\"https:\/\/uploads.acordacidade.com.br\/2025\/05\/ZPHBeYNZ-Prefeito-assina-ordem-de-servico-para-complexo-esportivo-em-Feira-de-Santana3-300x225.webp 300w, http:\/\/noticiasbahia360.com.br\/wp-content\/uploads\/2025\/05\/ZPHBeYNZ-Prefeito-assina-ordem-de-servico-para-complexo-esportivo-em-Feira-de-Santana3-1024x768-1.webp 1024w, https:\/\/uploads.acordacidade.com.br\/2025\/05\/ZPHBeYNZ-Prefeito-assina-ordem-de-servico-para-complexo-esportivo-em-Feira-de-Santana3-768x576.webp 768w, https:\/\/uploads.acordacidade.com.br\/2025\/05\/ZPHBeYNZ-Prefeito-assina-ordem-de-servico-para-complexo-esportivo-em-Feira-de-Santana3-150x113.webp 150w, https:\/\/uploads.acordacidade.com.br\/2025\/05\/ZPHBeYNZ-Prefeito-assina-ordem-de-servico-para-complexo-esportivo-em-Feira-de-Santana3.webp 1200w\"><figcaption class=\"wp-element-caption\">Foto: Ed Santos\/Acorda Cidade<\/figcaption><\/figure>\n<p>De acordo com o prefeito, ser\u00e1 um espa\u00e7o importante para as pessoas que gostam de <a href=\"https:\/\/www.acordacidade.com.br\/tag\/esporte\/\">esporte<\/a>, al\u00e9m de ser uma \u00e1rea de lazer, que vai atender diversas localidades da regi\u00e3o.<\/p>\n<p>\u201cEssa \u00e1rea \u00e9 boa, toda plana e essa regi\u00e3o poder\u00e1 usar esse espa\u00e7o, que ser\u00e1 administrado, tudo ser\u00e1 programado, as associa\u00e7\u00f5es ter\u00e3o seus hor\u00e1rios definidos para a pr\u00e1tica de esportes\u201d, disse.<\/p>\n<figure class=\"wp-block-image size-large\"><img data-dominant-color=\"898086\" data-has-transparency=\"false\" style=\"--dominant-color: #898086;\" decoding=\"async\" width=\"1024\" height=\"768\" sizes=\"(max-width: 1024px) 100vw, 1024px\" src=\"http:\/\/noticiasbahia360.com.br\/wp-content\/uploads\/2025\/05\/FVDg0bPa-Prefeito-assina-ordem-de-servico-para-complexo-esportivo-em-Feira-de-Santana2-1024x768-1.webp\" alt=\"Prefeito assina ordem de servi\u00e7o para complexo esportivo em Feira de Santana3\" class=\"wp-image-552238 not-transparent\" srcset=\"https:\/\/uploads.acordacidade.com.br\/2025\/05\/FVDg0bPa-Prefeito-assina-ordem-de-servico-para-complexo-esportivo-em-Feira-de-Santana2-300x225.webp 300w, http:\/\/noticiasbahia360.com.br\/wp-content\/uploads\/2025\/05\/FVDg0bPa-Prefeito-assina-ordem-de-servico-para-complexo-esportivo-em-Feira-de-Santana2-1024x768-1.webp 1024w, https:\/\/uploads.acordacidade.com.br\/2025\/05\/FVDg0bPa-Prefeito-assina-ordem-de-servico-para-complexo-esportivo-em-Feira-de-Santana2-768x576.webp 768w, https:\/\/uploads.acordacidade.com.br\/2025\/05\/FVDg0bPa-Prefeito-assina-ordem-de-servico-para-complexo-esportivo-em-Feira-de-Santana2-150x113.webp 150w, https:\/\/uploads.acordacidade.com.br\/2025\/05\/FVDg0bPa-Prefeito-assina-ordem-de-servico-para-complexo-esportivo-em-Feira-de-Santana2.webp 1200w\"><figcaption class=\"wp-element-caption\">Foto: Ed Santos\/Acorda Cidade<\/figcaption><\/figure>\n<p>Emerson Brito, que \u00e9 diretor de esportes do munic\u00edpio, completou a fala do prefeito e informou que no complexo esportivo ter\u00e1 parque para as crian\u00e7as e uma pista de cooper ao lado do campo.<\/p>\n<figure class=\"wp-block-image size-large\"><img data-dominant-color=\"929fad\" data-has-transparency=\"false\" style=\"--dominant-color: #929fad;\" decoding=\"async\" width=\"1024\" height=\"768\" sizes=\"(max-width: 1024px) 100vw, 1024px\" src=\"http:\/\/noticiasbahia360.com.br\/wp-content\/uploads\/2025\/05\/GaTAiBFb-emerson-brito-1024x768-1.webp\" alt=\"emerson brito\" class=\"wp-image-552236 not-transparent\" srcset=\"https:\/\/uploads.acordacidade.com.br\/2025\/05\/GaTAiBFb-emerson-brito-300x225.webp 300w, http:\/\/noticiasbahia360.com.br\/wp-content\/uploads\/2025\/05\/GaTAiBFb-emerson-brito-1024x768-1.webp 1024w, https:\/\/uploads.acordacidade.com.br\/2025\/05\/GaTAiBFb-emerson-brito-768x576.webp 768w, https:\/\/uploads.acordacidade.com.br\/2025\/05\/GaTAiBFb-emerson-brito-150x113.webp 150w, https:\/\/uploads.acordacidade.com.br\/2025\/05\/GaTAiBFb-emerson-brito.webp 1200w\"><figcaption class=\"wp-element-caption\">Emerson Brito | Foto: Ed Santos\/Acorda Cidade<\/figcaption><\/figure>\n<p>\u201cTer\u00e1 uma pra\u00e7a bem iluminada, bem localizada para atender aos bairros da regi\u00e3o. Isso \u00e9 um desejo do prefeito, em ampliar as a\u00e7\u00f5es no esporte, ent\u00e3o a gente cr\u00ea que essa \u00e9 a primeira obra desse porte, de muitas que v\u00e3o acontecer\u201d, declarou.<\/p>\n<figure class=\"wp-block-image size-large\"><img data-dominant-color=\"7d7879\" data-has-transparency=\"false\" style=\"--dominant-color: #7d7879;\" decoding=\"async\" width=\"1024\" height=\"768\" sizes=\"(max-width: 1024px) 100vw, 1024px\" src=\"http:\/\/noticiasbahia360.com.br\/wp-content\/uploads\/2025\/05\/a679QzZU-Prefeito-assina-ordem-de-servico-para-complexo-esportivo-em-Feira-de-Santana-1024x768-1.webp\" alt=\"Prefeito assina ordem de servi\u00e7o para complexo esportivo em Feira de Santana\" class=\"wp-image-552240 not-transparent\" srcset=\"https:\/\/uploads.acordacidade.com.br\/2025\/05\/a679QzZU-Prefeito-assina-ordem-de-servico-para-complexo-esportivo-em-Feira-de-Santana-300x225.webp 300w, http:\/\/noticiasbahia360.com.br\/wp-content\/uploads\/2025\/05\/a679QzZU-Prefeito-assina-ordem-de-servico-para-complexo-esportivo-em-Feira-de-Santana-1024x768-1.webp 1024w, https:\/\/uploads.acordacidade.com.br\/2025\/05\/a679QzZU-Prefeito-assina-ordem-de-servico-para-complexo-esportivo-em-Feira-de-Santana-768x576.webp 768w, https:\/\/uploads.acordacidade.com.br\/2025\/05\/a679QzZU-Prefeito-assina-ordem-de-servico-para-complexo-esportivo-em-Feira-de-Santana-150x113.webp 150w, https:\/\/uploads.acordacidade.com.br\/2025\/05\/a679QzZU-Prefeito-assina-ordem-de-servico-para-complexo-esportivo-em-Feira-de-Santana.webp 1200w\"><figcaption class=\"wp-element-caption\">Foto: Ed Santos\/Acorda Cidade<\/figcaption><\/figure>\n<p><em>As informa\u00e7\u00f5es s\u00e3o do rep\u00f3rter Ed Santos do Acorda Cidade<\/em><\/p>\n<p><em>Siga o Acorda Cidade no<\/em><a href=\"https:\/\/news.google.com\/search?q=acorda%20cidade&amp;hl=pt-BR&amp;gl=BR&amp;ceid=BR%3Apt-419\"><strong><em>\u00a0Google Not\u00edcias<\/em><\/strong><\/a><em>\u00a0e receba os principais destaques do dia. Participe tamb\u00e9m dos nossos canais no\u00a0<\/em><a href=\"https:\/\/www.whatsapp.com\/channel\/0029Va6Rb4v3WHTNnsh8WI3N\"><strong><em>WhatsApp<\/em><\/strong><\/a><em>\u00a0e\u00a0<\/em><a href=\"https:\/\/www.youtube.com\/@acordacidadenoticias\/videos\"><strong>Youtube<\/strong><\/a><em>\u00a0e grupo de\u00a0<\/em><a href=\"https:\/\/t.me\/+sSz0khrgARA0ZmRh\"><strong><em>Telegram<\/em><\/strong><\/a><em>.<\/em><\/p>\n<\/div>\n","protected":false},"excerpt":{"rendered":"<div>\n<div>\n<figure><img decoding=\"async\" src=\"https:\/\/uploads.acordacidade.com.br\/2025\/05\/Prefeito-assina-ordem-de-servico-para-complexo-esportivo-em-Feira-de-Santana1.jpg\" alt=\"Prefeito assina ordem de servi\u00e7o para complexo esportivo em Feira de Santana3\"><figcaption>Foto: Ed Santos\/Acorda Cidade<\/figcaption><\/figure>\n<\/div>\n<p>O prefeito Jos\u00e9 Ronaldo de Carvalho assinou a ordem de servi\u00e7o para a constru\u00e7\u00e3o de um complexo esportivo no Loteamento Novo Am\u00e9rico, bairro Suba\u00e9 e 35BI, fundos do Condom\u00ednio Avi\u00e1rio 3, em Feira de Santana. A assinatura foi realizada na manh\u00e3 desta segunda-feira (12) e o gestor informou ao Acorda Cidade que o investimento ser\u00e1, [\u2026]<\/p><\/div>\n","protected":false},"author":1,"featured_media":85787,"comment_status":"closed","ping_status":"closed","sticky":false,"template":"","format":"gallery","meta":{"footnotes":""},"categories":[8,9,6,57,56,10],"tags":[],"class_list":["post-85786","post","type-post","status-publish","format-gallery","has-post-thumbnail","hentry","category-bahia","category-brasil","category-feira-de-santana","category-mundo","category-policia","category-politica","post_format-post-format-gallery"],"featured_image_urls":{"full":["https:\/\/noticiasbahia360.com.br\/wp-content\/uploads\/2025\/05\/Prefeito-assina-ordem-de-servico-para-complexo-esportivo-em-Feira-de-Santana1.jpg",1200,900,false],"thumbnail":["https:\/\/noticiasbahia360.com.br\/wp-content\/uploads\/2025\/05\/Prefeito-assina-ordem-de-servico-para-complexo-esportivo-em-Feira-de-Santana1-150x150.jpg",150,150,true],"medium":["https:\/\/noticiasbahia360.com.br\/wp-content\/uploads\/2025\/05\/Prefeito-assina-ordem-de-servico-para-complexo-esportivo-em-Feira-de-Santana1-300x225.jpg",300,225,true],"medium_large":["https:\/\/noticiasbahia360.com.br\/wp-content\/uploads\/2025\/05\/Prefeito-assina-ordem-de-servico-para-complexo-esportivo-em-Feira-de-Santana1-768x576.jpg",640,480,true],"large":["https:\/\/noticiasbahia360.com.br\/wp-content\/uploads\/2025\/05\/Prefeito-assina-ordem-de-servico-para-complexo-esportivo-em-Feira-de-Santana1-1024x768.jpg",640,480,true],"1536x1536":["https:\/\/noticiasbahia360.com.br\/wp-content\/uploads\/2025\/05\/Prefeito-assina-ordem-de-servico-para-complexo-esportivo-em-Feira-de-Santana1.jpg",1200,900,false],"2048x2048":["https:\/\/noticiasbahia360.com.br\/wp-content\/uploads\/2025\/05\/Prefeito-assina-ordem-de-servico-para-complexo-esportivo-em-Feira-de-Santana1.jpg",1200,900,false],"chromenews-featured":["https:\/\/noticiasbahia360.com.br\/wp-content\/uploads\/2025\/05\/Prefeito-assina-ordem-de-servico-para-complexo-esportivo-em-Feira-de-Santana1-1024x768.jpg",1024,768,true],"chromenews-large":["https:\/\/noticiasbahia360.com.br\/wp-content\/uploads\/2025\/05\/Prefeito-assina-ordem-de-servico-para-complexo-esportivo-em-Feira-de-Santana1-825x575.jpg",825,575,true],"chromenews-medium":["https:\/\/noticiasbahia360.com.br\/wp-content\/uploads\/2025\/05\/Prefeito-assina-ordem-de-servico-para-complexo-esportivo-em-Feira-de-Santana1-590x410.jpg",590,410,true]},"author_info":{"display_name":"noticiasbahia360.com.br","author_link":"https:\/\/noticiasbahia360.com.br\/?author=1"},"category_info":"<a href=\"https:\/\/noticiasbahia360.com.br\/?cat=8\" rel=\"category\">Bahia<\/a> <a href=\"https:\/\/noticiasbahia360.com.br\/?cat=9\" rel=\"category\">Brasil<\/a> <a href=\"https:\/\/noticiasbahia360.com.br\/?cat=6\" rel=\"category\">Feira de Santana<\/a> <a href=\"https:\/\/noticiasbahia360.com.br\/?cat=57\" rel=\"category\">Mundo<\/a> <a href=\"https:\/\/noticiasbahia360.com.br\/?cat=56\" rel=\"category\">Pol\u00edcia<\/a> <a href=\"https:\/\/noticiasbahia360.com.br\/?cat=10\" rel=\"category\">Pol\u00edtica<\/a>","tag_info":"Pol\u00edtica","comment_count":"0","_links":{"self":[{"href":"https:\/\/noticiasbahia360.com.br\/index.php?rest_route=\/wp\/v2\/posts\/85786","targetHints":{"allow":["GET"]}}],"collection":[{"href":"https:\/\/noticiasbahia360.com.br\/index.php?rest_route=\/wp\/v2\/posts"}],"about":[{"href":"https:\/\/noticiasbahia360.com.br\/index.php?rest_route=\/wp\/v2\/types\/post"}],"author":[{"embeddable":true,"href":"https:\/\/noticiasbahia360.com.br\/index.php?rest_route=\/wp\/v2\/users\/1"}],"replies":[{"embeddable":true,"href":"https:\/\/noticiasbahia360.com.br\/index.php?rest_route=%2Fwp%2Fv2%2Fcomments&post=85786"}],"version-history":[{"count":0,"href":"https:\/\/noticiasbahia360.com.br\/index.php?rest_route=\/wp\/v2\/posts\/85786\/revisions"}],"wp:featuredmedia":[{"embeddable":true,"href":"https:\/\/noticiasbahia360.com.br\/index.php?rest_route=\/wp\/v2\/media\/85787"}],"wp:attachment":[{"href":"https:\/\/noticiasbahia360.com.br\/index.php?rest_route=%2Fwp%2Fv2%2Fmedia&parent=85786"}],"wp:term":[{"taxonomy":"category","embeddable":true,"href":"https:\/\/noticiasbahia360.com.br\/index.php?rest_route=%2Fwp%2Fv2%2Fcategories&post=85786"},{"taxonomy":"post_tag","embeddable":true,"href":"https:\/\/noticiasbahia360.com.br\/index.php?rest_route=%2Fwp%2Fv2%2Ftags&post=85786"}],"curies":[{"name":"wp","href":"https:\/\/api.w.org\/{rel}","templated":true}]}} 