{"id":85792,"date":"2025-05-12T10:22:14","date_gmt":"2025-05-12T13:22:14","guid":{"rendered":"https:\/\/noticiasbahia360.com.br\/?p=85792"},"modified":"2025-05-12T10:22:14","modified_gmt":"2025-05-12T13:22:14","slug":"acao-integrada-combate-exploracao-sexual-de-criancas-e-adolescentes-no-oeste-da-bahia","status":"publish","type":"post","link":"https:\/\/noticiasbahia360.com.br\/?p=85792","title":{"rendered":"A\u00e7\u00e3o integrada combate explora\u00e7\u00e3o sexual de crian\u00e7as e adolescentes no oeste da Bahia"},"content":{"rendered":"<div>\n<div>\n<figure><img decoding=\"async\" src=\"http:\/\/noticiasbahia360.com.br\/wp-content\/uploads\/2025\/05\/Acao-integrada-combate-exploracao-sexual-de-criancas-e-adolescentes-no-oeste-da-Bahia1.jpg\" alt=\"A\u00e7\u00e3o integrada combate explora\u00e7\u00e3o sexual de crian\u00e7as e adolescentes no oeste da Bahia\"><figcaption>Foto: Pol\u00edcia Civil <\/figcaption><\/figure>\n<\/div>\n<p>A\u00e7\u00f5es <strong>preventivas<\/strong> e de fiscaliza\u00e7\u00e3o, com foco na repress\u00e3o e preven\u00e7\u00e3o da explora\u00e7\u00e3o sexual de crian\u00e7as e adolescentes, foram realizadas pela <a href=\"https:\/\/www.acordacidade.com.br\/tag\/policia-civil\/\"><strong>Pol\u00edcia Civil<\/strong><\/a> nos dias 9 e 10 de maio, nos munic\u00edpios de S\u00e3o Desid\u00e9rio e Lu\u00eds Eduardo Magalh\u00e3es, no oeste da Bahia. Durante as abordagens, foram feitas verifica\u00e7\u00f5es em pessoas, ve\u00edculos e edifica\u00e7\u00f5es, com o objetivo de apurar den\u00fancias e identificar suspeitos com mandados de pris\u00e3o em aberto.<\/p>\n<figure class=\"wp-block-image size-full\"><img fetchpriority=\"high\" data-dominant-color=\"4b4b43\" data-has-transparency=\"false\" style=\"--dominant-color: #4b4b43;\" fetchpriority=\"high\" decoding=\"async\" width=\"1021\" height=\"694\" sizes=\"(max-width: 1021px) 100vw, 1021px\" src=\"http:\/\/noticiasbahia360.com.br\/wp-content\/uploads\/2025\/05\/6FQCWLI4-Acao-integrada-combate-exploracao-sexual-de-criancas-e-adolescentes-no-oeste-da-Bahia2-1.webp\" alt=\"A\u00e7\u00e3o integrada combate explora\u00e7\u00e3o sexual de crian\u00e7as e adolescentes no oeste da Bahia\" class=\"wp-image-552247 not-transparent\" srcset=\"https:\/\/uploads.acordacidade.com.br\/2025\/05\/6FQCWLI4-Acao-integrada-combate-exploracao-sexual-de-criancas-e-adolescentes-no-oeste-da-Bahia2-1-300x204.webp 300w, https:\/\/uploads.acordacidade.com.br\/2025\/05\/6FQCWLI4-Acao-integrada-combate-exploracao-sexual-de-criancas-e-adolescentes-no-oeste-da-Bahia2-1-768x522.webp 768w, https:\/\/uploads.acordacidade.com.br\/2025\/05\/6FQCWLI4-Acao-integrada-combate-exploracao-sexual-de-criancas-e-adolescentes-no-oeste-da-Bahia2-1-150x102.webp 150w, http:\/\/noticiasbahia360.com.br\/wp-content\/uploads\/2025\/05\/6FQCWLI4-Acao-integrada-combate-exploracao-sexual-de-criancas-e-adolescentes-no-oeste-da-Bahia2-1.webp 1021w\"><figcaption class=\"wp-element-caption\">Foto: Pol\u00edcia Civil <\/figcaption><\/figure>\n<p>A opera\u00e7\u00e3o teve in\u00edcio com trabalho de intelig\u00eancia policial e reconhecimento de locais nos munic\u00edpios com ind\u00edcios de vulnerabilidade infantojuvenil durante o per\u00edodo noturno, com o objetivo de verificar den\u00fancias e identificar poss\u00edveis envolvidos em pr\u00e1ticas il\u00edcitas. Os primeiros pontos fiscalizados foram no distrito de Roda Velha, zona rural de <a href=\"https:\/\/www.acordacidade.com.br\/tag\/sao-desiderio\/\"><strong>S\u00e3o Desid\u00e9rio<\/strong><\/a>. No local, a a\u00e7\u00e3o resultou na fiscaliza\u00e7\u00e3o de seis estabelecimentos, com abordagem a quatro ve\u00edculos e 35 pessoas.<\/p>\n<p>Em <a href=\"https:\/\/www.acordacidade.com.br\/tag\/luis-eduardo-magalhaes\/\"><strong>Lu\u00eds Eduardo Magalh\u00e3es<\/strong><\/a>, foram fiscalizados 10 estabelecimentos, abordados cinco ve\u00edculos e 123 pessoas. Tr\u00eas crian\u00e7as e cinco adolescentes foram identificadas em situa\u00e7\u00e3o de vulnerabilidade, sendo algumas encaminhadas ao Conselho Tutelar e outras entregues aos seus respons\u00e1veis legais. Dois genitores foram notificados.<\/p>\n<p>A a\u00e7\u00e3o foi realizada pelo N\u00facleo Especial de Atendimento \u00e0 Mulher (Neam) de Lu\u00eds Eduardo Magalh\u00e3es e pela Coordena\u00e7\u00e3o de Apoio T\u00e9cnico e T\u00e1tico \u00e0 Investiga\u00e7\u00e3o (CATTI\/Oeste), em conjunto com a 85\u00aa Companhia Independente da Pol\u00edcia Militar, Guarda Civil Municipal e os Conselhos Tutelares dos dois munic\u00edpios. Foram empregadas cinco viaturas da Pol\u00edcia Civil, tr\u00eas da Pol\u00edcia Militar, duas da Guarda Municipal e dois ve\u00edculos oficiais dos Conselhos Tutelares. Mais de 40 agentes participaram da opera\u00e7\u00e3o.<\/p>\n<p><em>Siga o Acorda Cidade no<\/em><a href=\"https:\/\/news.google.com\/search?q=acorda%20cidade&amp;hl=pt-BR&amp;gl=BR&amp;ceid=BR%3Apt-419\"><strong><em>\u00a0Google Not\u00edcias<\/em><\/strong><\/a><em>\u00a0e receba os principais destaques do dia. Participe tamb\u00e9m dos nossos canais no\u00a0<\/em><a href=\"https:\/\/www.whatsapp.com\/channel\/0029Va6Rb4v3WHTNnsh8WI3N\"><strong><em>WhatsApp<\/em><\/strong><\/a><em>\u00a0e\u00a0<\/em><a href=\"https:\/\/www.youtube.com\/@acordacidadenoticias\/videos\"><strong>Youtube<\/strong><\/a><em>\u00a0e grupo de\u00a0<\/em><a href=\"https:\/\/t.me\/+sSz0khrgARA0ZmRh\"><strong><em>Telegram<\/em><\/strong><\/a><em>.<\/em><\/p>\n<\/div>\n","protected":false},"excerpt":{"rendered":"<div>\n<div>\n<figure><img decoding=\"async\" src=\"https:\/\/uploads.acordacidade.com.br\/2025\/05\/Acao-integrada-combate-exploracao-sexual-de-criancas-e-adolescentes-no-oeste-da-Bahia1.jpg\" alt=\"A\u00e7\u00e3o integrada combate explora\u00e7\u00e3o sexual de crian\u00e7as e adolescentes no oeste da Bahia\"><figcaption>Foto: Pol\u00edcia Civil <\/figcaption><\/figure>\n<\/div>\n<p>Pol\u00edcia Civil e institui\u00e7\u00f5es parceiras realizaram fiscaliza\u00e7\u00f5es em 16 estabelecimentos e abordaram mais de 150 pessoas nos munic\u00edpios de S\u00e3o Desid\u00e9rio e Lu\u00eds Eduardo Magalh\u00e3es<\/p><\/div>\n","protected":false},"author":1,"featured_media":85793,"comment_status":"closed","ping_status":"closed","sticky":false,"template":"","format":"gallery","meta":{"footnotes":""},"categories":[8,9,6,57,56,10],"tags":[],"class_list":["post-85792","post","type-post","status-publish","format-gallery","has-post-thumbnail","hentry","category-bahia","category-brasil","category-feira-de-santana","category-mundo","category-policia","category-politica","post_format-post-format-gallery"],"featured_image_urls":{"full":["https:\/\/noticiasbahia360.com.br\/wp-content\/uploads\/2025\/05\/Acao-integrada-combate-exploracao-sexual-de-criancas-e-adolescentes-no-oeste-da-Bahia1.jpg",1200,900,false],"thumbnail":["https:\/\/noticiasbahia360.com.br\/wp-content\/uploads\/2025\/05\/Acao-integrada-combate-exploracao-sexual-de-criancas-e-adolescentes-no-oeste-da-Bahia1-150x150.jpg",150,150,true],"medium":["https:\/\/noticiasbahia360.com.br\/wp-content\/uploads\/2025\/05\/Acao-integrada-combate-exploracao-sexual-de-criancas-e-adolescentes-no-oeste-da-Bahia1-300x225.jpg",300,225,true],"medium_large":["https:\/\/noticiasbahia360.com.br\/wp-content\/uploads\/2025\/05\/Acao-integrada-combate-exploracao-sexual-de-criancas-e-adolescentes-no-oeste-da-Bahia1-768x576.jpg",640,480,true],"large":["https:\/\/noticiasbahia360.com.br\/wp-content\/uploads\/2025\/05\/Acao-integrada-combate-exploracao-sexual-de-criancas-e-adolescentes-no-oeste-da-Bahia1-1024x768.jpg",640,480,true],"1536x1536":["https:\/\/noticiasbahia360.com.br\/wp-content\/uploads\/2025\/05\/Acao-integrada-combate-exploracao-sexual-de-criancas-e-adolescentes-no-oeste-da-Bahia1.jpg",1200,900,false],"2048x2048":["https:\/\/noticiasbahia360.com.br\/wp-content\/uploads\/2025\/05\/Acao-integrada-combate-exploracao-sexual-de-criancas-e-adolescentes-no-oeste-da-Bahia1.jpg",1200,900,false],"chromenews-featured":["https:\/\/noticiasbahia360.com.br\/wp-content\/uploads\/2025\/05\/Acao-integrada-combate-exploracao-sexual-de-criancas-e-adolescentes-no-oeste-da-Bahia1-1024x768.jpg",1024,768,true],"chromenews-large":["https:\/\/noticiasbahia360.com.br\/wp-content\/uploads\/2025\/05\/Acao-integrada-combate-exploracao-sexual-de-criancas-e-adolescentes-no-oeste-da-Bahia1-825x575.jpg",825,575,true],"chromenews-medium":["https:\/\/noticiasbahia360.com.br\/wp-content\/uploads\/2025\/05\/Acao-integrada-combate-exploracao-sexual-de-criancas-e-adolescentes-no-oeste-da-Bahia1-590x410.jpg",590,410,true]},"author_info":{"display_name":"noticiasbahia360.com.br","author_link":"https:\/\/noticiasbahia360.com.br\/?author=1"},"category_info":"<a href=\"https:\/\/noticiasbahia360.com.br\/?cat=8\" rel=\"category\">Bahia<\/a> <a href=\"https:\/\/noticiasbahia360.com.br\/?cat=9\" rel=\"category\">Brasil<\/a> <a href=\"https:\/\/noticiasbahia360.com.br\/?cat=6\" rel=\"category\">Feira de Santana<\/a> <a href=\"https:\/\/noticiasbahia360.com.br\/?cat=57\" rel=\"category\">Mundo<\/a> <a href=\"https:\/\/noticiasbahia360.com.br\/?cat=56\" rel=\"category\">Pol\u00edcia<\/a> <a href=\"https:\/\/noticiasbahia360.com.br\/?cat=10\" rel=\"category\">Pol\u00edtica<\/a>","tag_info":"Pol\u00edtica","comment_count":"0","_links":{"self":[{"href":"https:\/\/noticiasbahia360.com.br\/index.php?rest_route=\/wp\/v2\/posts\/85792","targetHints":{"allow":["GET"]}}],"collection":[{"href":"https:\/\/noticiasbahia360.com.br\/index.php?rest_route=\/wp\/v2\/posts"}],"about":[{"href":"https:\/\/noticiasbahia360.com.br\/index.php?rest_route=\/wp\/v2\/types\/post"}],"author":[{"embeddable":true,"href":"https:\/\/noticiasbahia360.com.br\/index.php?rest_route=\/wp\/v2\/users\/1"}],"replies":[{"embeddable":true,"href":"https:\/\/noticiasbahia360.com.br\/index.php?rest_route=%2Fwp%2Fv2%2Fcomments&post=85792"}],"version-history":[{"count":0,"href":"https:\/\/noticiasbahia360.com.br\/index.php?rest_route=\/wp\/v2\/posts\/85792\/revisions"}],"wp:featuredmedia":[{"embeddable":true,"href":"https:\/\/noticiasbahia360.com.br\/index.php?rest_route=\/wp\/v2\/media\/85793"}],"wp:attachment":[{"href":"https:\/\/noticiasbahia360.com.br\/index.php?rest_route=%2Fwp%2Fv2%2Fmedia&parent=85792"}],"wp:term":[{"taxonomy":"category","embeddable":true,"href":"https:\/\/noticiasbahia360.com.br\/index.php?rest_route=%2Fwp%2Fv2%2Fcategories&post=85792"},{"taxonomy":"post_tag","embeddable":true,"href":"https:\/\/noticiasbahia360.com.br\/index.php?rest_route=%2Fwp%2Fv2%2Ftags&post=85792"}],"curies":[{"name":"wp","href":"https:\/\/api.w.org\/{rel}","templated":true}]}} 