{"id":85795,"date":"2025-05-12T10:30:41","date_gmt":"2025-05-12T13:30:41","guid":{"rendered":"https:\/\/noticiasbahia360.com.br\/?p=85795"},"modified":"2025-05-12T10:30:41","modified_gmt":"2025-05-12T13:30:41","slug":"dentista-suspeito-de-esfaquear-irma-no-bairro-sim-e-encontrado-morto-dentro-de-cela","status":"publish","type":"post","link":"https:\/\/noticiasbahia360.com.br\/?p=85795","title":{"rendered":"Dentista suspeito de esfaquear irm\u00e3 no bairro SIM \u00e9 encontrado morto dentro de cela"},"content":{"rendered":"<div>\n<div>\n<figure><img decoding=\"async\" src=\"http:\/\/noticiasbahia360.com.br\/wp-content\/uploads\/2025\/05\/complexodedelegacias_edsantos_acordacidade.jpg\" alt=\"Complexo de Delegacias\"><figcaption>Foto: Ed Santos\/Acorda Cidade<\/figcaption><\/figure>\n<\/div>\n<p>O dentista Tarcio Vinicius Ouriques Cordeiro, 36 anos de idade, foi encontrado morto por volta das 8h20 desta segunda-feira (12), dentro de uma cela do Complexo de Delegacias do bairro Sobradinho, em Feira de Santana.<\/p>\n<p>Tarcio, que era natural da cidade de Arcoverde, munic\u00edpio do estado de Pernambuco, foi preso na tarde de domingo (11), <a href=\"https:\/\/www.acordacidade.com.br\/policia\/irmao-esfaqueia-irma-durante-surto-no-bairro-sim-em-feira-de-santana\/\">ap\u00f3s esfaquear a pr\u00f3pria irm\u00e3, dentro de um condom\u00ednio, no bairro SIM<\/a>.<\/p>\n<p>Segundo informa\u00e7\u00f5es apuradas pelo Acorda Cidade, investigadores da Pol\u00edcia Civil ao adentrar no setor de c\u00e1rceres, para oferecerem o caf\u00e9 da manh\u00e3, encontraram T\u00e1rcio pendurado em uma corda, conhecida como tereza, em volta do pesco\u00e7o amarrado em uma barra de fero na grade superior.<\/p>\n<p>Conforme j\u00e1 foi anunciado pelo Acorda Cidade, uma guarni\u00e7\u00e3o da 66\u00aa Companhia Independente (CIPM) foi acionada pelo Centro Integrado de Comunica\u00e7\u00e3o (Cicom) ap\u00f3s den\u00fancia de uma briga familiar. Ao chegar ao local, os policiais encontraram uma mulher, de 37 anos de idade, ca\u00edda no ch\u00e3o com diversas les\u00f5es graves provocadas por arma branca.<\/p>\n<p>De acordo com relatos de testemunhas, a v\u00edtima estaria em surto no momento em que come\u00e7ou uma discuss\u00e3o com o irm\u00e3o, Tarcio, que acabou desferindo os golpes.<\/p>\n<p>A mulher foi socorrida por populares e encaminhada ao Hospital Emec, n\u00e3o h\u00e1 informa\u00e7\u00f5es sobre o estado de sa\u00fade da v\u00edtima.<\/p>\n<p>Tarcio ainda recebeu atendimento m\u00e9dico na Unidade de Pronto Atendimento (UPA) do bairro Queimadinha e, em seguida, foi conduzido \u00e0 Delegacia Especial de Atendimento \u00e0 Mulher (Deam) e transferido para o Complexo de Delegacias do bairro Sobradinho.<\/p>\n<p><em>Com informa\u00e7\u00f5es do rep\u00f3rter Ed Santos do Acorda Cidade<\/em><\/p>\n<p><strong>Leia tamb\u00e9m:<\/strong> <a href=\"https:\/\/www.acordacidade.com.br\/policia\/irmao-esfaqueia-irma-durante-surto-no-bairro-sim-em-feira-de-santana\/\">Irm\u00e3o esfaqueia irm\u00e3 durante surto no bairro SIM, em Feira de Santana<\/a><\/p>\n<p><em>Siga o Acorda Cidade no<\/em><a href=\"https:\/\/news.google.com\/search?q=acorda%20cidade&amp;hl=pt-BR&amp;gl=BR&amp;ceid=BR%3Apt-419\"><strong><em> Google Not\u00edcias<\/em><\/strong><\/a><em> e receba os principais destaques do dia. Participe tamb\u00e9m dos nossos canais no <\/em><a href=\"https:\/\/whatsapp.com\/channel\/0029Va6Rb4v3WHTNnsh8WI3N\"><strong><em>WhatsApp<\/em><\/strong><\/a><em> e <\/em><a href=\"https:\/\/www.youtube.com\/@acordacidadenoticias\/videos\"><strong>Youtube<\/strong><\/a><em> e grupo de <\/em><a href=\"https:\/\/t.me\/+sSz0khrgARA0ZmRh\"><strong><em>Telegram<\/em><\/strong><\/a><em>.<\/em><\/p>\n<\/div>\n","protected":false},"excerpt":{"rendered":"<div>\n<div>\n<figure><img decoding=\"async\" src=\"https:\/\/uploads.acordacidade.com.br\/2025\/04\/complexodedelegacias_edsantos_acordacidade.jpg\" alt=\"Complexo de Delegacias\"><figcaption>Foto: Ed Santos\/Acorda Cidade<\/figcaption><\/figure>\n<\/div>\n<p>Tarcio foi preso na tarde de domingo (11), ap\u00f3s esfaquear a pr\u00f3pria irm\u00e3, dentro de um condom\u00ednio, no bairro SIM.<\/p><\/div>\n","protected":false},"author":1,"featured_media":85796,"comment_status":"closed","ping_status":"closed","sticky":false,"template":"","format":"gallery","meta":{"footnotes":""},"categories":[8,9,6,57,56,10],"tags":[],"class_list":["post-85795","post","type-post","status-publish","format-gallery","has-post-thumbnail","hentry","category-bahia","category-brasil","category-feira-de-santana","category-mundo","category-policia","category-politica","post_format-post-format-gallery"],"featured_image_urls":{"full":["https:\/\/noticiasbahia360.com.br\/wp-content\/uploads\/2025\/05\/complexodedelegacias_edsantos_acordacidade.jpg",1200,900,false],"thumbnail":["https:\/\/noticiasbahia360.com.br\/wp-content\/uploads\/2025\/05\/complexodedelegacias_edsantos_acordacidade-150x150.jpg",150,150,true],"medium":["https:\/\/noticiasbahia360.com.br\/wp-content\/uploads\/2025\/05\/complexodedelegacias_edsantos_acordacidade-300x225.jpg",300,225,true],"medium_large":["https:\/\/noticiasbahia360.com.br\/wp-content\/uploads\/2025\/05\/complexodedelegacias_edsantos_acordacidade-768x576.jpg",640,480,true],"large":["https:\/\/noticiasbahia360.com.br\/wp-content\/uploads\/2025\/05\/complexodedelegacias_edsantos_acordacidade-1024x768.jpg",640,480,true],"1536x1536":["https:\/\/noticiasbahia360.com.br\/wp-content\/uploads\/2025\/05\/complexodedelegacias_edsantos_acordacidade.jpg",1200,900,false],"2048x2048":["https:\/\/noticiasbahia360.com.br\/wp-content\/uploads\/2025\/05\/complexodedelegacias_edsantos_acordacidade.jpg",1200,900,false],"chromenews-featured":["https:\/\/noticiasbahia360.com.br\/wp-content\/uploads\/2025\/05\/complexodedelegacias_edsantos_acordacidade-1024x768.jpg",1024,768,true],"chromenews-large":["https:\/\/noticiasbahia360.com.br\/wp-content\/uploads\/2025\/05\/complexodedelegacias_edsantos_acordacidade-825x575.jpg",825,575,true],"chromenews-medium":["https:\/\/noticiasbahia360.com.br\/wp-content\/uploads\/2025\/05\/complexodedelegacias_edsantos_acordacidade-590x410.jpg",590,410,true]},"author_info":{"display_name":"noticiasbahia360.com.br","author_link":"https:\/\/noticiasbahia360.com.br\/?author=1"},"category_info":"<a href=\"https:\/\/noticiasbahia360.com.br\/?cat=8\" rel=\"category\">Bahia<\/a> <a href=\"https:\/\/noticiasbahia360.com.br\/?cat=9\" rel=\"category\">Brasil<\/a> <a href=\"https:\/\/noticiasbahia360.com.br\/?cat=6\" rel=\"category\">Feira de Santana<\/a> <a href=\"https:\/\/noticiasbahia360.com.br\/?cat=57\" rel=\"category\">Mundo<\/a> <a href=\"https:\/\/noticiasbahia360.com.br\/?cat=56\" rel=\"category\">Pol\u00edcia<\/a> <a href=\"https:\/\/noticiasbahia360.com.br\/?cat=10\" rel=\"category\">Pol\u00edtica<\/a>","tag_info":"Pol\u00edtica","comment_count":"0","_links":{"self":[{"href":"https:\/\/noticiasbahia360.com.br\/index.php?rest_route=\/wp\/v2\/posts\/85795","targetHints":{"allow":["GET"]}}],"collection":[{"href":"https:\/\/noticiasbahia360.com.br\/index.php?rest_route=\/wp\/v2\/posts"}],"about":[{"href":"https:\/\/noticiasbahia360.com.br\/index.php?rest_route=\/wp\/v2\/types\/post"}],"author":[{"embeddable":true,"href":"https:\/\/noticiasbahia360.com.br\/index.php?rest_route=\/wp\/v2\/users\/1"}],"replies":[{"embeddable":true,"href":"https:\/\/noticiasbahia360.com.br\/index.php?rest_route=%2Fwp%2Fv2%2Fcomments&post=85795"}],"version-history":[{"count":0,"href":"https:\/\/noticiasbahia360.com.br\/index.php?rest_route=\/wp\/v2\/posts\/85795\/revisions"}],"wp:featuredmedia":[{"embeddable":true,"href":"https:\/\/noticiasbahia360.com.br\/index.php?rest_route=\/wp\/v2\/media\/85796"}],"wp:attachment":[{"href":"https:\/\/noticiasbahia360.com.br\/index.php?rest_route=%2Fwp%2Fv2%2Fmedia&parent=85795"}],"wp:term":[{"taxonomy":"category","embeddable":true,"href":"https:\/\/noticiasbahia360.com.br\/index.php?rest_route=%2Fwp%2Fv2%2Fcategories&post=85795"},{"taxonomy":"post_tag","embeddable":true,"href":"https:\/\/noticiasbahia360.com.br\/index.php?rest_route=%2Fwp%2Fv2%2Ftags&post=85795"}],"curies":[{"name":"wp","href":"https:\/\/api.w.org\/{rel}","templated":true}]}}