{"id":85797,"date":"2025-05-12T11:04:44","date_gmt":"2025-05-12T14:04:44","guid":{"rendered":"https:\/\/noticiasbahia360.com.br\/?p=85797"},"modified":"2025-05-12T11:04:44","modified_gmt":"2025-05-12T14:04:44","slug":"mais-de-5-milhoes-podem-ter-o-titulo-de-eleitor-cancelado","status":"publish","type":"post","link":"https:\/\/noticiasbahia360.com.br\/?p=85797","title":{"rendered":"Mais de 5 milh\u00f5es podem ter o t\u00edtulo de eleitor cancelado"},"content":{"rendered":"<div>\n<div>\n<figure><img decoding=\"async\" src=\"http:\/\/noticiasbahia360.com.br\/wp-content\/uploads\/2025\/05\/etitulo_-Marcello-Casall-Agencia-Brasil.jpg\" alt=\"t\u00edtulo de eleitor digital,e-T\u00edtulo\"><figcaption>Foto: Marcello Casal\/ Ag\u00eancia Brasil<\/figcaption><\/figure>\n<\/div>\n<p>Ag\u00eancia Brasil \u2013 O prazo para que eleitores regularizem os seus t\u00edtulos vence na pr\u00f3xima segunda-feira (19). De acordo com o Tribunal Superior Eleitoral (<a href=\"https:\/\/www.acordacidade.com.br\/tag\/tse\/\">TSE<\/a>), cerca de cinco milh\u00f5es de pessoas ainda t\u00eam pend\u00eancias com a <a href=\"https:\/\/www.acordacidade.com.br\/tag\/justica-eleitoral\/\">Justi\u00e7a Eleitoral<\/a> e podem ter o documento cancelado ap\u00f3s o fim desse prazo.<\/p>\n<p>Os dados mostram que, desde o dia 7 de mar\u00e7o, mais de 111 mil eleitores procuraram a Justi\u00e7a Eleitoral para regularizar a situa\u00e7\u00e3o. \u201cN\u00e3o seja um eleitor faltoso. Evite o cancelamento do t\u00edtulo: ele \u00e9 sua identidade cidad\u00e3\u201d, destacou o TSE, em comunicado.<\/p>\n<h2 class=\"wp-block-heading\" id=\"h-entenda\">Entenda<\/h2>\n<p>Considera-se faltosa a pessoa que n\u00e3o tenha votado nem justificado a falta, tampouco tenha pago a multa referente \u00e0 aus\u00eancia nos tr\u00eas \u00faltimos pleitos (regulares ou suplementares), sendo cada turno considerado uma elei\u00e7\u00e3o.<\/p>\n<p>Somente com o t\u00edtulo em dia \u00e9 poss\u00edvel votar, tomar posse em concurso p\u00fablico, obter passaporte ou Cadastro de Pessoa F\u00edsica (CPF), renovar matr\u00edcula em estabelecimento de ensino oficial, participar de concorr\u00eancia p\u00fablica e praticar qualquer ato para o qual se exija quita\u00e7\u00e3o eleitoral.\u202f<\/p>\n<p><strong>O cancelamento do t\u00edtulo n\u00e3o se aplica a:\u202f<\/strong><\/p>\n<ul class=\"wp-block-list\">\n<li>eleitores facultativos (menores de 18 anos, pessoas com 70 anos ou mais e pessoas n\u00e3o alfabetizadas);<\/li>\n<li>pessoas com defici\u00eancia que comprovem dificuldade impeditiva para votar;<\/li>\n<li>casos de justificativa aceitos pela Justi\u00e7a Eleitoral.<\/li>\n<\/ul>\n<h2 class=\"wp-block-heading\" id=\"h-como-regularizar\">Como regularizar\u202f<\/h2>\n<p>Para consultar a situa\u00e7\u00e3o, eleitores devem acessar os sites do TSE ou dos tribunais regionais eleitorais (TREs) para verificar se constam da lista de t\u00edtulos pass\u00edveis de cancelamento. O servi\u00e7o \u00e9 gratuito e deve ser realizado somente em sites oficiais da Justi\u00e7a Eleitoral.<\/p>\n<p>Caso haja d\u00e9bitos existentes, \u00e9 preciso acessar o autoatendimento eleitoral nos sites da Justi\u00e7a Eleitoral ou o aplicativo e-T\u00edtulo e fazer o pagamento. Tamb\u00e9m \u00e9 poss\u00edvel comparecer ao cart\u00f3rio eleitoral, no hor\u00e1rio de expediente, portando os seguintes documentos (a depender da situa\u00e7\u00e3o de cada eleitor):\u202f<\/p>\n<ul class=\"wp-block-list\">\n<li>documento oficial com foto que comprove sua identidade (obrigat\u00f3rio);\u202f\u202f<\/li>\n<li>t\u00edtulo eleitoral ou e-T\u00edtulo;\u202f\u202f<\/li>\n<li>comprovantes de vota\u00e7\u00e3o;\u202f\u202f<\/li>\n<li>comprovantes de justificativas eleitorais;<\/li>\n<li>comprovante de dispensa de recolhimento ou, caso n\u00e3o tenha sido dada baixa, os comprovantes do recolhimento das multas.<\/li>\n<\/ul>\n<h2 class=\"wp-block-heading\" id=\"h-justificativa\">Justificativa<\/h2>\n<p>Eleitores que estavam no exterior no dia da elei\u00e7\u00e3o podem justificar a aus\u00eancia ap\u00f3s o pleito pelo e-T\u00edtulo, pelo Autoatendimento Eleitoral ou enviando o Requerimento de Justificativa Eleitoral (RJE p\u00f3s-elei\u00e7\u00e3o) com documenta\u00e7\u00e3o comprobat\u00f3ria \u00e0 zona eleitoral respons\u00e1vel.<\/p>\n<p>O prazo \u00e9 de 60 dias ap\u00f3s cada turno ou de 30 dias ap\u00f3s o retorno ao Brasil.<\/p>\n<p>Se n\u00e3o houver justificativa, aplicam-se os procedimentos para quita\u00e7\u00e3o de multa.\u202f<\/p>\n<p><em>Siga o Acorda Cidade no<\/em><a href=\"https:\/\/news.google.com\/search?q=acorda%20cidade&amp;hl=pt-BR&amp;gl=BR&amp;ceid=BR%3Apt-419\"><strong><em>\u00a0Google Not\u00edcias<\/em><\/strong><\/a><em>\u00a0e receba os principais destaques do dia. Participe tamb\u00e9m dos nossos canais no\u00a0<\/em><a href=\"https:\/\/www.whatsapp.com\/channel\/0029Va6Rb4v3WHTNnsh8WI3N\"><strong><em>WhatsApp<\/em><\/strong><\/a><em>\u00a0e\u00a0<\/em><a href=\"https:\/\/www.youtube.com\/@acordacidadenoticias\/videos\"><strong>YouTube<\/strong><\/a><em>\u00a0e grupo de\u00a0<\/em><a href=\"https:\/\/t.me\/+sSz0khrgARA0ZmRh\"><strong><em>Telegram<\/em><\/strong><\/a><em>.<\/em><\/p>\n<\/div>\n","protected":false},"excerpt":{"rendered":"<div>\n<div>\n<figure><img decoding=\"async\" src=\"https:\/\/uploads.acordacidade.com.br\/wp-content\/uploads\/2022\/10\/10181916\/etitulo_-Marcello-Casall-Agencia-Brasil.jpg\" alt=\"t\u00edtulo de eleitor digital,e-T\u00edtulo\"><figcaption>Foto: Marcello Casal\/ Ag\u00eancia Brasil<\/figcaption><\/figure>\n<\/div>\n<p>Desde mar\u00e7o, mais de 111 mil eleitores regularizaram a situa\u00e7\u00e3o<\/p><\/div>\n","protected":false},"author":1,"featured_media":85798,"comment_status":"closed","ping_status":"closed","sticky":false,"template":"","format":"gallery","meta":{"footnotes":""},"categories":[8,9,6,57,56,10],"tags":[],"class_list":["post-85797","post","type-post","status-publish","format-gallery","has-post-thumbnail","hentry","category-bahia","category-brasil","category-feira-de-santana","category-mundo","category-policia","category-politica","post_format-post-format-gallery"],"featured_image_urls":{"full":["https:\/\/noticiasbahia360.com.br\/wp-content\/uploads\/2025\/05\/etitulo_-Marcello-Casall-Agencia-Brasil.jpg",640,383,false],"thumbnail":["https:\/\/noticiasbahia360.com.br\/wp-content\/uploads\/2025\/05\/etitulo_-Marcello-Casall-Agencia-Brasil-150x150.jpg",150,150,true],"medium":["https:\/\/noticiasbahia360.com.br\/wp-content\/uploads\/2025\/05\/etitulo_-Marcello-Casall-Agencia-Brasil-300x180.jpg",300,180,true],"medium_large":["https:\/\/noticiasbahia360.com.br\/wp-content\/uploads\/2025\/05\/etitulo_-Marcello-Casall-Agencia-Brasil.jpg",640,383,false],"large":["https:\/\/noticiasbahia360.com.br\/wp-content\/uploads\/2025\/05\/etitulo_-Marcello-Casall-Agencia-Brasil.jpg",640,383,false],"1536x1536":["https:\/\/noticiasbahia360.com.br\/wp-content\/uploads\/2025\/05\/etitulo_-Marcello-Casall-Agencia-Brasil.jpg",640,383,false],"2048x2048":["https:\/\/noticiasbahia360.com.br\/wp-content\/uploads\/2025\/05\/etitulo_-Marcello-Casall-Agencia-Brasil.jpg",640,383,false],"chromenews-featured":["https:\/\/noticiasbahia360.com.br\/wp-content\/uploads\/2025\/05\/etitulo_-Marcello-Casall-Agencia-Brasil.jpg",640,383,false],"chromenews-large":["https:\/\/noticiasbahia360.com.br\/wp-content\/uploads\/2025\/05\/etitulo_-Marcello-Casall-Agencia-Brasil.jpg",640,383,false],"chromenews-medium":["https:\/\/noticiasbahia360.com.br\/wp-content\/uploads\/2025\/05\/etitulo_-Marcello-Casall-Agencia-Brasil-590x383.jpg",590,383,true]},"author_info":{"display_name":"noticiasbahia360.com.br","author_link":"https:\/\/noticiasbahia360.com.br\/?author=1"},"category_info":"<a href=\"https:\/\/noticiasbahia360.com.br\/?cat=8\" rel=\"category\">Bahia<\/a> <a href=\"https:\/\/noticiasbahia360.com.br\/?cat=9\" rel=\"category\">Brasil<\/a> <a href=\"https:\/\/noticiasbahia360.com.br\/?cat=6\" rel=\"category\">Feira de Santana<\/a> <a href=\"https:\/\/noticiasbahia360.com.br\/?cat=57\" rel=\"category\">Mundo<\/a> <a href=\"https:\/\/noticiasbahia360.com.br\/?cat=56\" rel=\"category\">Pol\u00edcia<\/a> <a href=\"https:\/\/noticiasbahia360.com.br\/?cat=10\" rel=\"category\">Pol\u00edtica<\/a>","tag_info":"Pol\u00edtica","comment_count":"0","_links":{"self":[{"href":"https:\/\/noticiasbahia360.com.br\/index.php?rest_route=\/wp\/v2\/posts\/85797","targetHints":{"allow":["GET"]}}],"collection":[{"href":"https:\/\/noticiasbahia360.com.br\/index.php?rest_route=\/wp\/v2\/posts"}],"about":[{"href":"https:\/\/noticiasbahia360.com.br\/index.php?rest_route=\/wp\/v2\/types\/post"}],"author":[{"embeddable":true,"href":"https:\/\/noticiasbahia360.com.br\/index.php?rest_route=\/wp\/v2\/users\/1"}],"replies":[{"embeddable":true,"href":"https:\/\/noticiasbahia360.com.br\/index.php?rest_route=%2Fwp%2Fv2%2Fcomments&post=85797"}],"version-history":[{"count":0,"href":"https:\/\/noticiasbahia360.com.br\/index.php?rest_route=\/wp\/v2\/posts\/85797\/revisions"}],"wp:featuredmedia":[{"embeddable":true,"href":"https:\/\/noticiasbahia360.com.br\/index.php?rest_route=\/wp\/v2\/media\/85798"}],"wp:attachment":[{"href":"https:\/\/noticiasbahia360.com.br\/index.php?rest_route=%2Fwp%2Fv2%2Fmedia&parent=85797"}],"wp:term":[{"taxonomy":"category","embeddable":true,"href":"https:\/\/noticiasbahia360.com.br\/index.php?rest_route=%2Fwp%2Fv2%2Fcategories&post=85797"},{"taxonomy":"post_tag","embeddable":true,"href":"https:\/\/noticiasbahia360.com.br\/index.php?rest_route=%2Fwp%2Fv2%2Ftags&post=85797"}],"curies":[{"name":"wp","href":"https:\/\/api.w.org\/{rel}","templated":true}]}}