{"id":85799,"date":"2025-05-12T11:09:39","date_gmt":"2025-05-12T14:09:39","guid":{"rendered":"https:\/\/noticiasbahia360.com.br\/?p=85799"},"modified":"2025-05-12T11:09:39","modified_gmt":"2025-05-12T14:09:39","slug":"censo-mapeia-perfil-de-pacientes-com-doenca-falciforme-na-bahia-e-amplia-alcance-no-interior-do-estado","status":"publish","type":"post","link":"https:\/\/noticiasbahia360.com.br\/?p=85799","title":{"rendered":"Censo mapeia perfil de pacientes com Doen\u00e7a Falciforme na Bahia e amplia alcance no interior do estado"},"content":{"rendered":"<div>\n<div>\n<figure><img decoding=\"async\" src=\"http:\/\/noticiasbahia360.com.br\/wp-content\/uploads\/2025\/05\/Centro-de-Referencia-de-Doenca-Falciforme-da-Bahia-foto-matheus-pereira-gov-ba.jpg\" alt=\"Salvador (BA) - Centro de Anemia Falciforme da Bahia (Crafb), no bairro do Garcia em Salvador. - Foto: Mateus Pereira\/GOVBA\"><figcaption>Foto: Mateus Pereira\/GO-VBA<\/figcaption><\/figure>\n<\/div>\n<p>O Centro Estadual de Refer\u00eancia \u00e0s Pessoas com Doen\u00e7a Falciforme Rilza Valentim (CERPDFRV), em parceria com a Secretaria da Sa\u00fade do Estado da Bahia (Sesab) e a Funda\u00e7\u00e3o <a href=\"https:\/\/www.acordacidade.com.br\/tag\/hemoba\/\">Hemoba<\/a>, est\u00e1 promovendo o Censo da Doen\u00e7a Falciforme, com o objetivo de mapear o perfil dos pacientes baianos acometidos pela enfermidade gen\u00e9tica. A a\u00e7\u00e3o, iniciada em junho de 2024, j\u00e1 cadastrou 1.144 pessoas de 246 munic\u00edpios, a partir de dados coletados por meio de um question\u00e1rio online, dispon\u00edvel no site da Hemoba (www.hemoba.ba.gov.br).<\/p>\n<p>Dos pacientes cadastrados at\u00e9 o momento, 1.045 est\u00e3o em tratamento, 698 fazem uso de medicamentos, 421 recebem transfus\u00e3o de sangue, 32 utilizam pr\u00f3tese e 50 apresentam \u00falceras. A maior parte dos participantes \u00e9 parda (568) ou preta (495), com predomin\u00e2ncia da faixa et\u00e1ria entre 25 e 59 anos (439). Os principais locais de atendimento identificados s\u00e3o o pr\u00f3prio Centro de Refer\u00eancia (493 pacientes) e a APAE Salvador (175).<\/p>\n<p>Em entrevista ao Acorda Cidade, Altair Lira, assessor de Rela\u00e7\u00f5es Institucionais do CERPDFRV, o censo tem papel estrat\u00e9gico na formula\u00e7\u00e3o de pol\u00edticas p\u00fablicas, ao permitir que o estado conhe\u00e7a com mais precis\u00e3o o perfil e a localiza\u00e7\u00e3o das pessoas com doen\u00e7a falciforme. \u201cA informa\u00e7\u00e3o e os dados hoje s\u00e3o coletados a partir do acesso dessas pessoas \u00e0s unidades de sa\u00fade, mas sabemos que muitas ainda n\u00e3o est\u00e3o diagnosticadas ou n\u00e3o t\u00eam acompanhamento regular. O censo cria uma ambi\u00eancia de conhecimento e aproxima\u00e7\u00e3o entre as pol\u00edticas p\u00fablicas e os pacientes\u201d, explicou.<\/p>\n<p>A iniciativa vem sendo amplamente divulgada em todo o estado com a\u00e7\u00f5es de comunica\u00e7\u00e3o como outdoors, spots de r\u00e1dio, cartazes, cards digitais, v\u00eddeos para redes sociais e entrevistas, al\u00e9m de articula\u00e7\u00f5es institucionais com parceiros como o Conselho Estadual dos Secret\u00e1rios Municipais de Sa\u00fade (COSEMS-BA) e a Diretoria de Aten\u00e7\u00e3o B\u00e1sica. Um webin\u00e1rio em parceria com o Telesa\u00fade est\u00e1 previsto para junho de 2025, com o objetivo de ampliar ainda mais a participa\u00e7\u00e3o dos munic\u00edpios.<\/p>\n<p>A Bahia lidera a incid\u00eancia da doen\u00e7a falciforme no Brasil, com estimativa de um caso para cada 650 nascimentos \u2014 \u00edndice mais alto do que a m\u00e9dia nacional, que varia de 700 a 1.000 novos casos por ano.<\/p>\n<p>Para participar, basta acessar o site da Funda\u00e7\u00e3o Hemoba e clicar na imagem do censo, que direciona para o formul\u00e1rio de preenchimento. \u201cNosso principal desafio \u00e9 divulgar o censo e conscientizar a popula\u00e7\u00e3o sobre a import\u00e2ncia de fornecer essas informa\u00e7\u00f5es\u201d, declarou Altair Lira.<\/p>\n<p>Ao Acorda Cidade, ele informou que os dados permitir\u00e3o, por exemplo, identificar quantos pacientes est\u00e3o em tratamento e quantos n\u00e3o est\u00e3o acompanhados pela rede p\u00fablica, al\u00e9m de apoiar a distribui\u00e7\u00e3o mais eficaz dos servi\u00e7os de sa\u00fade.<\/p>\n<p>O Centro Rilza Valentim tamb\u00e9m tem promovido capacita\u00e7\u00f5es para profissionais de sa\u00fade \u2014 como m\u00e9dicos, enfermeiros, assistentes sociais e odont\u00f3logos \u2014 e fortalecido articula\u00e7\u00f5es com os munic\u00edpios para garantir referenciamento e contra-referenciamento adequados. \u201cEstamos trabalhando para atingir as pessoas com doen\u00e7a falciforme em todos os territ\u00f3rios baianos\u201d, concluiu.<\/p>\n<p><em>Siga o Acorda Cidade no<\/em><a href=\"https:\/\/news.google.com\/search?q=acorda%20cidade&amp;hl=pt-BR&amp;gl=BR&amp;ceid=BR%3Apt-419\"><strong><em> Google Not\u00edcias<\/em><\/strong><\/a><em> e receba os principais destaques do dia. Participe tamb\u00e9m dos nossos canais no <\/em><a href=\"https:\/\/whatsapp.com\/channel\/0029Va6Rb4v3WHTNnsh8WI3N\"><strong><em>WhatsApp<\/em><\/strong><\/a><em> e <\/em><a href=\"https:\/\/www.youtube.com\/@acordacidadenoticias\/videos\"><strong>Youtube<\/strong><\/a><em> e grupo de <\/em><a href=\"https:\/\/t.me\/+sSz0khrgARA0ZmRh\"><strong><em>Telegram<\/em><\/strong><\/a><em>.<\/em><\/p>\n<\/div>\n","protected":false},"excerpt":{"rendered":"<div>\n<div>\n<figure><img decoding=\"async\" src=\"https:\/\/uploads.acordacidade.com.br\/wp-content\/uploads\/2023\/03\/13225951\/Centro-de-Referencia-de-Doenca-Falciforme-da-Bahia-foto-matheus-pereira-gov-ba.jpg\" alt=\"Salvador (BA) - Centro de Anemia Falciforme da Bahia (Crafb), no bairro do Garcia em Salvador. - Foto: Mateus Pereira\/GOVBA\"><figcaption>Foto: Mateus Pereira\/GO-VBA<\/figcaption><\/figure>\n<\/div>\n<p>A Bahia lidera a incid\u00eancia da doen\u00e7a falciforme no Brasil.<\/p><\/div>\n","protected":false},"author":1,"featured_media":85800,"comment_status":"closed","ping_status":"closed","sticky":false,"template":"","format":"gallery","meta":{"footnotes":""},"categories":[8,9,6,57,56,10],"tags":[],"class_list":["post-85799","post","type-post","status-publish","format-gallery","has-post-thumbnail","hentry","category-bahia","category-brasil","category-feira-de-santana","category-mundo","category-policia","category-politica","post_format-post-format-gallery"],"featured_image_urls":{"full":["https:\/\/noticiasbahia360.com.br\/wp-content\/uploads\/2025\/05\/Centro-de-Referencia-de-Doenca-Falciforme-da-Bahia-foto-matheus-pereira-gov-ba.jpg",640,427,false],"thumbnail":["https:\/\/noticiasbahia360.com.br\/wp-content\/uploads\/2025\/05\/Centro-de-Referencia-de-Doenca-Falciforme-da-Bahia-foto-matheus-pereira-gov-ba-150x150.jpg",150,150,true],"medium":["https:\/\/noticiasbahia360.com.br\/wp-content\/uploads\/2025\/05\/Centro-de-Referencia-de-Doenca-Falciforme-da-Bahia-foto-matheus-pereira-gov-ba-300x200.jpg",300,200,true],"medium_large":["https:\/\/noticiasbahia360.com.br\/wp-content\/uploads\/2025\/05\/Centro-de-Referencia-de-Doenca-Falciforme-da-Bahia-foto-matheus-pereira-gov-ba.jpg",640,427,false],"large":["https:\/\/noticiasbahia360.com.br\/wp-content\/uploads\/2025\/05\/Centro-de-Referencia-de-Doenca-Falciforme-da-Bahia-foto-matheus-pereira-gov-ba.jpg",640,427,false],"1536x1536":["https:\/\/noticiasbahia360.com.br\/wp-content\/uploads\/2025\/05\/Centro-de-Referencia-de-Doenca-Falciforme-da-Bahia-foto-matheus-pereira-gov-ba.jpg",640,427,false],"2048x2048":["https:\/\/noticiasbahia360.com.br\/wp-content\/uploads\/2025\/05\/Centro-de-Referencia-de-Doenca-Falciforme-da-Bahia-foto-matheus-pereira-gov-ba.jpg",640,427,false],"chromenews-featured":["https:\/\/noticiasbahia360.com.br\/wp-content\/uploads\/2025\/05\/Centro-de-Referencia-de-Doenca-Falciforme-da-Bahia-foto-matheus-pereira-gov-ba.jpg",640,427,false],"chromenews-large":["https:\/\/noticiasbahia360.com.br\/wp-content\/uploads\/2025\/05\/Centro-de-Referencia-de-Doenca-Falciforme-da-Bahia-foto-matheus-pereira-gov-ba.jpg",640,427,false],"chromenews-medium":["https:\/\/noticiasbahia360.com.br\/wp-content\/uploads\/2025\/05\/Centro-de-Referencia-de-Doenca-Falciforme-da-Bahia-foto-matheus-pereira-gov-ba-590x410.jpg",590,410,true]},"author_info":{"display_name":"noticiasbahia360.com.br","author_link":"https:\/\/noticiasbahia360.com.br\/?author=1"},"category_info":"<a href=\"https:\/\/noticiasbahia360.com.br\/?cat=8\" rel=\"category\">Bahia<\/a> <a href=\"https:\/\/noticiasbahia360.com.br\/?cat=9\" rel=\"category\">Brasil<\/a> <a href=\"https:\/\/noticiasbahia360.com.br\/?cat=6\" rel=\"category\">Feira de Santana<\/a> <a href=\"https:\/\/noticiasbahia360.com.br\/?cat=57\" rel=\"category\">Mundo<\/a> <a href=\"https:\/\/noticiasbahia360.com.br\/?cat=56\" rel=\"category\">Pol\u00edcia<\/a> <a href=\"https:\/\/noticiasbahia360.com.br\/?cat=10\" rel=\"category\">Pol\u00edtica<\/a>","tag_info":"Pol\u00edtica","comment_count":"0","_links":{"self":[{"href":"https:\/\/noticiasbahia360.com.br\/index.php?rest_route=\/wp\/v2\/posts\/85799","targetHints":{"allow":["GET"]}}],"collection":[{"href":"https:\/\/noticiasbahia360.com.br\/index.php?rest_route=\/wp\/v2\/posts"}],"about":[{"href":"https:\/\/noticiasbahia360.com.br\/index.php?rest_route=\/wp\/v2\/types\/post"}],"author":[{"embeddable":true,"href":"https:\/\/noticiasbahia360.com.br\/index.php?rest_route=\/wp\/v2\/users\/1"}],"replies":[{"embeddable":true,"href":"https:\/\/noticiasbahia360.com.br\/index.php?rest_route=%2Fwp%2Fv2%2Fcomments&post=85799"}],"version-history":[{"count":0,"href":"https:\/\/noticiasbahia360.com.br\/index.php?rest_route=\/wp\/v2\/posts\/85799\/revisions"}],"wp:featuredmedia":[{"embeddable":true,"href":"https:\/\/noticiasbahia360.com.br\/index.php?rest_route=\/wp\/v2\/media\/85800"}],"wp:attachment":[{"href":"https:\/\/noticiasbahia360.com.br\/index.php?rest_route=%2Fwp%2Fv2%2Fmedia&parent=85799"}],"wp:term":[{"taxonomy":"category","embeddable":true,"href":"https:\/\/noticiasbahia360.com.br\/index.php?rest_route=%2Fwp%2Fv2%2Fcategories&post=85799"},{"taxonomy":"post_tag","embeddable":true,"href":"https:\/\/noticiasbahia360.com.br\/index.php?rest_route=%2Fwp%2Fv2%2Ftags&post=85799"}],"curies":[{"name":"wp","href":"https:\/\/api.w.org\/{rel}","templated":true}]}}