{"id":85801,"date":"2025-05-12T11:31:38","date_gmt":"2025-05-12T14:31:38","guid":{"rendered":"https:\/\/noticiasbahia360.com.br\/?p=85801"},"modified":"2025-05-12T11:31:38","modified_gmt":"2025-05-12T14:31:38","slug":"carlo-ancelotti-assume-o-comando-da-selecao-brasileira","status":"publish","type":"post","link":"https:\/\/noticiasbahia360.com.br\/?p=85801","title":{"rendered":"Carlo Ancelotti assume o comando da Sele\u00e7\u00e3o Brasileira"},"content":{"rendered":"<div>\n<div>\n<figure><img decoding=\"async\" src=\"http:\/\/noticiasbahia360.com.br\/wp-content\/uploads\/2025\/05\/carloancelotti_reproducao_instagram.jpg\" alt=\"Carlo Ancelotti\"><figcaption>Foto: Divulga\u00e7\u00e3o\/Instagram\/@mrancelotti<\/figcaption><\/figure>\n<\/div>\n<p>Carlo Ancelotti \u00e9 o novo t\u00e9cnico da sele\u00e7\u00e3o brasileira. O an\u00fancio foi feito pela CBF na manh\u00e3 desta segunda-feira. Sem t\u00e9cnico desde a sa\u00edda de Dorival J\u00fanior, em mar\u00e7o, a Sele\u00e7\u00e3o enfrenta Equador e Paraguai na pr\u00f3xima Data <a href=\"https:\/\/www.acordacidade.com.br\/tag\/fifa\/\">Fifa<\/a>, em junho.<\/p>\n<p>A CBF anunciou que Carlo Ancelotti treina o Brasil at\u00e9 o fim da Copa do Mundo de 2026 e assume a Sele\u00e7\u00e3o a tempo da pr\u00f3xima Data Fifa.<\/p>\n<p>\u2014 Trazer Carlo Ancelotti para comandar o Brasil \u00e9 mais do que um movimento estrat\u00e9gico. \u00c9 uma declara\u00e7\u00e3o ao mundo de que estamos determinados a recuperar o lugar mais alto do p\u00f3dio. Ele \u00e9 o maior t\u00e9cnico da hist\u00f3ria e, agora, est\u00e1 \u00e0 frente da maior sele\u00e7\u00e3o do planeta. Juntos, escreveremos novos cap\u00edtulos gloriosos do futebol brasileiro \u2014 afirmou Ednaldo Rodrigues, presidente da CBF.<\/p>\n<p>O pr\u00f3ximo jogo da sele\u00e7\u00e3o brasileira principal masculina ser\u00e1 no dia 5 de junho, contra o Equador, pelas eliminat\u00f3rias sul-americanas para a Copa do Mundo de 2026. O Brasil est\u00e1 em quarto lugar na tabela de classifica\u00e7\u00e3o, com 21 pontos, e os equatorianos ocupam a vice-lideran\u00e7a, com 23.<\/p>\n<p>Depois, no dia 10 de junho, \u00e0s 21h45, o Brasil enfrenta o Paraguai na Neo Qu\u00edmica Arena. Os paraguaios est\u00e3o na quinta coloca\u00e7\u00e3o com os mesmos 21 pontos do Brasil.<\/p>\n<p>Ancelotti se reunir\u00e1 com Rodrigo Caetano, coordenador geral das Sele\u00e7\u00f5es Masculinas, e Juan, coordenador t\u00e9cnico, para definir a lista larga de convocados para os jogos contra Equador e Paraguai. Segundo o The Athletic, o italiano deve come\u00e7ar a trabalhar pela CBF no dia 26 de maio.<\/p>\n<p>Neste domingo, o Real Madrid perdeu por 4 a 3 para o Barcelona e se distanciou da briga pelo t\u00edtulo espanhol. O cl\u00e1ssico foi o jogo de n\u00famero 350 de Ancelotti no comando do Real Madrid. Com sete pontos de desvantagem para o Bar\u00e7a, o Real ainda enfrenta Mallorca, Sevilla e Real Sociedad antes do fim de LaLiga.<\/p>\n<p><em>Fonte: ge<\/em><\/p>\n<p><em>Siga o Acorda Cidade no<\/em><a href=\"https:\/\/news.google.com\/search?q=acorda%20cidade&amp;hl=pt-BR&amp;gl=BR&amp;ceid=BR%3Apt-419\"><strong><em> Google Not\u00edcias<\/em><\/strong><\/a><em> e receba os principais destaques do dia. Participe tamb\u00e9m dos nossos canais no <\/em><a href=\"https:\/\/whatsapp.com\/channel\/0029Va6Rb4v3WHTNnsh8WI3N\"><strong><em>WhatsApp<\/em><\/strong><\/a><em> e <\/em><a href=\"https:\/\/www.youtube.com\/@acordacidadenoticias\/videos\"><strong>Youtube<\/strong><\/a><em> e grupo de <\/em><a href=\"https:\/\/t.me\/+sSz0khrgARA0ZmRh\"><strong><em>Telegram<\/em><\/strong><\/a><em>.<\/em><\/p>\n<\/div>\n","protected":false},"excerpt":{"rendered":"<div>\n<div>\n<figure><img decoding=\"async\" src=\"https:\/\/uploads.acordacidade.com.br\/2025\/05\/carloancelotti_reproducao_instagram.jpg\" alt=\"Carlo Ancelotti\"><figcaption>Foto: Divulga\u00e7\u00e3o\/Instagram\/@mrancelotti<\/figcaption><\/figure>\n<\/div>\n<p>T\u00e9cnico de 65 anos estava no Real Madrid e assume a tempo da pr\u00f3xima Data Fifa<\/p><\/div>\n","protected":false},"author":1,"featured_media":85802,"comment_status":"closed","ping_status":"closed","sticky":false,"template":"","format":"gallery","meta":{"footnotes":""},"categories":[8,9,6,57,56,10],"tags":[],"class_list":["post-85801","post","type-post","status-publish","format-gallery","has-post-thumbnail","hentry","category-bahia","category-brasil","category-feira-de-santana","category-mundo","category-policia","category-politica","post_format-post-format-gallery"],"featured_image_urls":{"full":["https:\/\/noticiasbahia360.com.br\/wp-content\/uploads\/2025\/05\/carloancelotti_reproducao_instagram.jpg",1200,671,false],"thumbnail":["https:\/\/noticiasbahia360.com.br\/wp-content\/uploads\/2025\/05\/carloancelotti_reproducao_instagram-150x150.jpg",150,150,true],"medium":["https:\/\/noticiasbahia360.com.br\/wp-content\/uploads\/2025\/05\/carloancelotti_reproducao_instagram-300x168.jpg",300,168,true],"medium_large":["https:\/\/noticiasbahia360.com.br\/wp-content\/uploads\/2025\/05\/carloancelotti_reproducao_instagram-768x429.jpg",640,358,true],"large":["https:\/\/noticiasbahia360.com.br\/wp-content\/uploads\/2025\/05\/carloancelotti_reproducao_instagram-1024x573.jpg",640,358,true],"1536x1536":["https:\/\/noticiasbahia360.com.br\/wp-content\/uploads\/2025\/05\/carloancelotti_reproducao_instagram.jpg",1200,671,false],"2048x2048":["https:\/\/noticiasbahia360.com.br\/wp-content\/uploads\/2025\/05\/carloancelotti_reproducao_instagram.jpg",1200,671,false],"chromenews-featured":["https:\/\/noticiasbahia360.com.br\/wp-content\/uploads\/2025\/05\/carloancelotti_reproducao_instagram-1024x573.jpg",1024,573,true],"chromenews-large":["https:\/\/noticiasbahia360.com.br\/wp-content\/uploads\/2025\/05\/carloancelotti_reproducao_instagram-825x575.jpg",825,575,true],"chromenews-medium":["https:\/\/noticiasbahia360.com.br\/wp-content\/uploads\/2025\/05\/carloancelotti_reproducao_instagram-590x410.jpg",590,410,true]},"author_info":{"display_name":"noticiasbahia360.com.br","author_link":"https:\/\/noticiasbahia360.com.br\/?author=1"},"category_info":"<a href=\"https:\/\/noticiasbahia360.com.br\/?cat=8\" rel=\"category\">Bahia<\/a> <a href=\"https:\/\/noticiasbahia360.com.br\/?cat=9\" rel=\"category\">Brasil<\/a> <a href=\"https:\/\/noticiasbahia360.com.br\/?cat=6\" rel=\"category\">Feira de Santana<\/a> <a href=\"https:\/\/noticiasbahia360.com.br\/?cat=57\" rel=\"category\">Mundo<\/a> <a href=\"https:\/\/noticiasbahia360.com.br\/?cat=56\" rel=\"category\">Pol\u00edcia<\/a> <a href=\"https:\/\/noticiasbahia360.com.br\/?cat=10\" rel=\"category\">Pol\u00edtica<\/a>","tag_info":"Pol\u00edtica","comment_count":"0","_links":{"self":[{"href":"https:\/\/noticiasbahia360.com.br\/index.php?rest_route=\/wp\/v2\/posts\/85801","targetHints":{"allow":["GET"]}}],"collection":[{"href":"https:\/\/noticiasbahia360.com.br\/index.php?rest_route=\/wp\/v2\/posts"}],"about":[{"href":"https:\/\/noticiasbahia360.com.br\/index.php?rest_route=\/wp\/v2\/types\/post"}],"author":[{"embeddable":true,"href":"https:\/\/noticiasbahia360.com.br\/index.php?rest_route=\/wp\/v2\/users\/1"}],"replies":[{"embeddable":true,"href":"https:\/\/noticiasbahia360.com.br\/index.php?rest_route=%2Fwp%2Fv2%2Fcomments&post=85801"}],"version-history":[{"count":0,"href":"https:\/\/noticiasbahia360.com.br\/index.php?rest_route=\/wp\/v2\/posts\/85801\/revisions"}],"wp:featuredmedia":[{"embeddable":true,"href":"https:\/\/noticiasbahia360.com.br\/index.php?rest_route=\/wp\/v2\/media\/85802"}],"wp:attachment":[{"href":"https:\/\/noticiasbahia360.com.br\/index.php?rest_route=%2Fwp%2Fv2%2Fmedia&parent=85801"}],"wp:term":[{"taxonomy":"category","embeddable":true,"href":"https:\/\/noticiasbahia360.com.br\/index.php?rest_route=%2Fwp%2Fv2%2Fcategories&post=85801"},{"taxonomy":"post_tag","embeddable":true,"href":"https:\/\/noticiasbahia360.com.br\/index.php?rest_route=%2Fwp%2Fv2%2Ftags&post=85801"}],"curies":[{"name":"wp","href":"https:\/\/api.w.org\/{rel}","templated":true}]}}