{"id":85805,"date":"2025-05-12T12:29:50","date_gmt":"2025-05-12T15:29:50","guid":{"rendered":"https:\/\/noticiasbahia360.com.br\/?p=85805"},"modified":"2025-05-12T12:29:50","modified_gmt":"2025-05-12T15:29:50","slug":"vereadora-de-antonio-cardoso-e-cassada-por-uso-de-atestados-falsos-para-obter-votos","status":"publish","type":"post","link":"https:\/\/noticiasbahia360.com.br\/?p=85805","title":{"rendered":"Vereadora de Ant\u00f4nio Cardoso \u00e9 cassada por uso de atestados falsos para obter votos"},"content":{"rendered":"<div>\n<div>\n<figure><img decoding=\"async\" src=\"http:\/\/noticiasbahia360.com.br\/wp-content\/uploads\/2025\/05\/Cidade-de-Antonio-Cardoso-Bahia-foto-Carlos-Augusto.jpg\" alt=\"Cidade de Ant\u00f4nio Cardoso Bahia\"><figcaption>Foto: Carlos Augusto<\/figcaption><\/figure>\n<\/div>\n<p>A Justi\u00e7a Eleitoral julgou procedentes duas A\u00e7\u00f5es de Investiga\u00e7\u00e3o Judicial Eleitoral (AIJEs) contra a vereadora reeleita de Ant\u00f4nio Cardoso (BA), Cec\u00edlia Silva Concei\u00e7\u00e3o. A decis\u00e3o, assinada pela ju\u00edza Car\u00edsia Sancho Teixeira,  divulgada nesta segunda-feira (12), resultou na cassa\u00e7\u00e3o do diploma da parlamentar, al\u00e9m de outras penalidades.<\/p>\n<p>Cec\u00edlia foi acusada de abuso de poder pol\u00edtico e capta\u00e7\u00e3o il\u00edcita de sufr\u00e1gio (votos). De acordo com os advogados do autor da a\u00e7\u00e3o, Targino Machado Pedreira Neto e Gustavo Marinho Borges Almeida, a vereadora teria fornecido atestados m\u00e9dicos falsos para obter votos, utilizando pap\u00e9is timbrados da Prefeitura e um carimbo pertencente a uma m\u00e9dica, supostamente furtado. <\/p>\n<p>A defesa negou as acusa\u00e7\u00f5es e alegou persegui\u00e7\u00e3o pol\u00edtica, questionando a consist\u00eancia das provas. No entanto, a Justi\u00e7a considerou que o conjunto probat\u00f3rio, incluindo testemunhos, documentos digitais e materiais, foi suficiente para comprovar as den\u00fancias.<\/p>\n<p>\u201cTais il\u00edcitos, considerados isolada ou conjuntamente, justificam a aplica\u00e7\u00e3o das san\u00e7\u00f5es previstas na legisla\u00e7\u00e3o eleitoral, notadamente a cassa\u00e7\u00e3o do diploma, a declara\u00e7\u00e3o de inelegibilidade e a imposi\u00e7\u00e3o de multa pecuni\u00e1ria\u201d, declarou a ju\u00edza na senten\u00e7a.<\/p>\n<p>A decis\u00e3o determina a cassa\u00e7\u00e3o do mandato, a declara\u00e7\u00e3o de inelegibilidade de Cec\u00edlia por oito anos, aplica\u00e7\u00e3o de multa no valor de 50 mil UFIR, nulidade dos votos recebidos e o rec\u00e1lculo do quociente eleitoral. A Justi\u00e7a tamb\u00e9m solicitou o encaminhamento do caso ao Minist\u00e9rio P\u00fablico para apura\u00e7\u00e3o de poss\u00edveis crimes e atos de improbidade administrativa. A C\u00e2mara Municipal foi comunicada a afastar a vereadora e convocar o suplente.<\/p>\n<p>O Acorda Cidade entrou em contato com a vereadora e aguarda retorno.<\/p>\n<p><em>Siga o Acorda Cidade no<\/em><a href=\"https:\/\/news.google.com\/search?q=acorda%20cidade&amp;hl=pt-BR&amp;gl=BR&amp;ceid=BR%3Apt-419\"><strong><em> Google Not\u00edcias<\/em><\/strong><\/a><em> e receba os principais destaques do dia. Participe tamb\u00e9m dos nossos canais no <\/em><a href=\"https:\/\/whatsapp.com\/channel\/0029Va6Rb4v3WHTNnsh8WI3N\"><strong><em>WhatsApp<\/em><\/strong><\/a><em> e <\/em><a href=\"https:\/\/www.youtube.com\/@acordacidadenoticias\/videos\"><strong>Youtube<\/strong><\/a><em> e grupo de <\/em><a href=\"https:\/\/t.me\/+sSz0khrgARA0ZmRh\"><strong><em>Telegram<\/em><\/strong><\/a><em>.<\/em><\/p>\n<\/div>\n","protected":false},"excerpt":{"rendered":"<div>\n<div>\n<figure><img decoding=\"async\" src=\"https:\/\/uploads.acordacidade.com.br\/2025\/05\/Cidade-de-Antonio-Cardoso-Bahia-foto-Carlos-Augusto.jpg\" alt=\"Cidade de Ant\u00f4nio Cardoso Bahia\"><figcaption>Foto: Carlos Augusto<\/figcaption><\/figure>\n<\/div>\n<p>A defesa negou as acusa\u00e7\u00f5es e alegou persegui\u00e7\u00e3o pol\u00edtica, questionando a consist\u00eancia das provas.  Justi\u00e7a afirmou provas foram suficientes.<\/p><\/div>\n","protected":false},"author":1,"featured_media":85806,"comment_status":"closed","ping_status":"closed","sticky":false,"template":"","format":"gallery","meta":{"footnotes":""},"categories":[8,9,6,57,56,10],"tags":[],"class_list":["post-85805","post","type-post","status-publish","format-gallery","has-post-thumbnail","hentry","category-bahia","category-brasil","category-feira-de-santana","category-mundo","category-policia","category-politica","post_format-post-format-gallery"],"featured_image_urls":{"full":["https:\/\/noticiasbahia360.com.br\/wp-content\/uploads\/2025\/05\/Cidade-de-Antonio-Cardoso-Bahia-foto-Carlos-Augusto.jpg",1200,766,false],"thumbnail":["https:\/\/noticiasbahia360.com.br\/wp-content\/uploads\/2025\/05\/Cidade-de-Antonio-Cardoso-Bahia-foto-Carlos-Augusto-150x150.jpg",150,150,true],"medium":["https:\/\/noticiasbahia360.com.br\/wp-content\/uploads\/2025\/05\/Cidade-de-Antonio-Cardoso-Bahia-foto-Carlos-Augusto-300x192.jpg",300,192,true],"medium_large":["https:\/\/noticiasbahia360.com.br\/wp-content\/uploads\/2025\/05\/Cidade-de-Antonio-Cardoso-Bahia-foto-Carlos-Augusto-768x490.jpg",640,408,true],"large":["https:\/\/noticiasbahia360.com.br\/wp-content\/uploads\/2025\/05\/Cidade-de-Antonio-Cardoso-Bahia-foto-Carlos-Augusto-1024x654.jpg",640,409,true],"1536x1536":["https:\/\/noticiasbahia360.com.br\/wp-content\/uploads\/2025\/05\/Cidade-de-Antonio-Cardoso-Bahia-foto-Carlos-Augusto.jpg",1200,766,false],"2048x2048":["https:\/\/noticiasbahia360.com.br\/wp-content\/uploads\/2025\/05\/Cidade-de-Antonio-Cardoso-Bahia-foto-Carlos-Augusto.jpg",1200,766,false],"chromenews-featured":["https:\/\/noticiasbahia360.com.br\/wp-content\/uploads\/2025\/05\/Cidade-de-Antonio-Cardoso-Bahia-foto-Carlos-Augusto-1024x654.jpg",1024,654,true],"chromenews-large":["https:\/\/noticiasbahia360.com.br\/wp-content\/uploads\/2025\/05\/Cidade-de-Antonio-Cardoso-Bahia-foto-Carlos-Augusto-825x575.jpg",825,575,true],"chromenews-medium":["https:\/\/noticiasbahia360.com.br\/wp-content\/uploads\/2025\/05\/Cidade-de-Antonio-Cardoso-Bahia-foto-Carlos-Augusto-590x410.jpg",590,410,true]},"author_info":{"display_name":"noticiasbahia360.com.br","author_link":"https:\/\/noticiasbahia360.com.br\/?author=1"},"category_info":"<a href=\"https:\/\/noticiasbahia360.com.br\/?cat=8\" rel=\"category\">Bahia<\/a> <a href=\"https:\/\/noticiasbahia360.com.br\/?cat=9\" rel=\"category\">Brasil<\/a> <a href=\"https:\/\/noticiasbahia360.com.br\/?cat=6\" rel=\"category\">Feira de Santana<\/a> <a href=\"https:\/\/noticiasbahia360.com.br\/?cat=57\" rel=\"category\">Mundo<\/a> <a href=\"https:\/\/noticiasbahia360.com.br\/?cat=56\" rel=\"category\">Pol\u00edcia<\/a> <a href=\"https:\/\/noticiasbahia360.com.br\/?cat=10\" rel=\"category\">Pol\u00edtica<\/a>","tag_info":"Pol\u00edtica","comment_count":"0","_links":{"self":[{"href":"https:\/\/noticiasbahia360.com.br\/index.php?rest_route=\/wp\/v2\/posts\/85805","targetHints":{"allow":["GET"]}}],"collection":[{"href":"https:\/\/noticiasbahia360.com.br\/index.php?rest_route=\/wp\/v2\/posts"}],"about":[{"href":"https:\/\/noticiasbahia360.com.br\/index.php?rest_route=\/wp\/v2\/types\/post"}],"author":[{"embeddable":true,"href":"https:\/\/noticiasbahia360.com.br\/index.php?rest_route=\/wp\/v2\/users\/1"}],"replies":[{"embeddable":true,"href":"https:\/\/noticiasbahia360.com.br\/index.php?rest_route=%2Fwp%2Fv2%2Fcomments&post=85805"}],"version-history":[{"count":0,"href":"https:\/\/noticiasbahia360.com.br\/index.php?rest_route=\/wp\/v2\/posts\/85805\/revisions"}],"wp:featuredmedia":[{"embeddable":true,"href":"https:\/\/noticiasbahia360.com.br\/index.php?rest_route=\/wp\/v2\/media\/85806"}],"wp:attachment":[{"href":"https:\/\/noticiasbahia360.com.br\/index.php?rest_route=%2Fwp%2Fv2%2Fmedia&parent=85805"}],"wp:term":[{"taxonomy":"category","embeddable":true,"href":"https:\/\/noticiasbahia360.com.br\/index.php?rest_route=%2Fwp%2Fv2%2Fcategories&post=85805"},{"taxonomy":"post_tag","embeddable":true,"href":"https:\/\/noticiasbahia360.com.br\/index.php?rest_route=%2Fwp%2Fv2%2Ftags&post=85805"}],"curies":[{"name":"wp","href":"https:\/\/api.w.org\/{rel}","templated":true}]}}