{"id":85807,"date":"2025-05-12T15:03:31","date_gmt":"2025-05-12T18:03:31","guid":{"rendered":"https:\/\/noticiasbahia360.com.br\/?p=85807"},"modified":"2025-05-12T15:03:31","modified_gmt":"2025-05-12T18:03:31","slug":"pl-de-paulo-camara-garante-matricula-de-autistas-em-escola-mais-proxima-da-residencia-ou-do-local-de-trabalho-do-familiar","status":"publish","type":"post","link":"https:\/\/noticiasbahia360.com.br\/?p=85807","title":{"rendered":"PL de Paulo C\u00e2mara garante matr\u00edcula de autistas em escola mais pr\u00f3xima da resid\u00eancia ou do local de trabalho do familiar"},"content":{"rendered":"<div>\n<div>\n<figure><img decoding=\"async\" src=\"http:\/\/noticiasbahia360.com.br\/wp-content\/uploads\/2025\/05\/Deputado-Paulo-Camara.jpg\" alt=\"PL de Paulo C\u00e2mara garante matr\u00edcula de autistas em escola mais pr\u00f3xima da resid\u00eancia ou do local de trabalho do familiar\"><figcaption>Foto: Ascom<\/figcaption><\/figure>\n<\/div>\n<p>O deputado estadual Paulo C\u00e2mara (PSDB) protocolou, na \u00faltima quarta-feira (7), o Projeto de Lei n\u00ba 25.785\/2025, que garante aos estudantes com <a href=\"https:\/\/www.acordacidade.com.br\/tag\/tea\/\">Transtorno do Espectro Autista (TEA)<\/a> o direito \u00e0 matr\u00edcula priorit\u00e1ria em escolas da rede estadual localizadas pr\u00f3ximas \u00e0 resid\u00eancia ou ao local de trabalho dos seus pais ou respons\u00e1veis.<\/p>\n<p>De acordo com o texto, caber\u00e1 \u00e0 fam\u00edlia optar pela unidade escolar mais conveniente, com base em crit\u00e9rios objetivos de proximidade, facilidade de acesso e disponibilidade de transporte p\u00fablico. A proposta tamb\u00e9m assegura a perman\u00eancia dos estudantes com TEA, com a adapta\u00e7\u00e3o dos espa\u00e7os f\u00edsicos escolares para melhor acolh\u00ea-los, respeitando suas necessidades espec\u00edficas.<\/p>\n<p>A medida est\u00e1 fundamentada na Lei Brasileira de Inclus\u00e3o da Pessoa com Defici\u00eancia (Lei n\u00ba 13.146\/2015) e na Resolu\u00e7\u00e3o CNE\/CEB n\u00ba 2\/2001, que estabelece diretrizes para a educa\u00e7\u00e3o especial na educa\u00e7\u00e3o b\u00e1sica.<\/p>\n<p>Na justificativa do projeto, Paulo C\u00e2mara destaca que a proximidade da escola tem papel fundamental na promo\u00e7\u00e3o da autonomia e da inclus\u00e3o social. \u201c\u00c9 uma forma de eliminar barreiras f\u00edsicas e emocionais que muitas vezes dificultam o acesso \u00e0 educa\u00e7\u00e3o. Reduzir o tempo de deslocamento impacta diretamente na qualidade de vida e no bem-estar dos estudantes com TEA\u201d, argumentou o parlamentar.<\/p>\n<p>Ainda segundo o deputado, facilitar a matr\u00edcula pr\u00f3xima da moradia ou do ambiente de trabalho dos respons\u00e1veis tamb\u00e9m contribui para maior participa\u00e7\u00e3o das fam\u00edlias na rotina escolar, al\u00e9m de favorecer a conviv\u00eancia comunit\u00e1ria e o respeito \u00e0s diferen\u00e7as.<\/p>\n<p><em>Siga o Acorda Cidade no<\/em><a href=\"https:\/\/news.google.com\/search?q=acorda%20cidade&amp;hl=pt-BR&amp;gl=BR&amp;ceid=BR%3Apt-419\"><strong><em>\u00a0Google Not\u00edcias<\/em><\/strong><\/a><em>\u00a0e receba os principais destaques do dia. Participe tamb\u00e9m dos nossos canais no\u00a0<\/em><a href=\"https:\/\/www.whatsapp.com\/channel\/0029Va6Rb4v3WHTNnsh8WI3N\"><strong><em>WhatsApp<\/em><\/strong><\/a><em>\u00a0e\u00a0<\/em><a href=\"https:\/\/www.youtube.com\/@acordacidadenoticias\/videos\"><strong>Youtube<\/strong><\/a><em>\u00a0e grupo de\u00a0<\/em><a href=\"https:\/\/t.me\/+sSz0khrgARA0ZmRh\"><strong><em>Telegram<\/em><\/strong><\/a><em>.<\/em><\/p>\n<\/div>\n","protected":false},"excerpt":{"rendered":"<div>\n<div>\n<figure><img decoding=\"async\" src=\"https:\/\/uploads.acordacidade.com.br\/2025\/05\/Deputado-Paulo-Camara.jpg\" alt=\"PL de Paulo C\u00e2mara garante matr\u00edcula de autistas em escola mais pr\u00f3xima da resid\u00eancia ou do local de trabalho do familiar\"><figcaption>Foto: Ascom<\/figcaption><\/figure>\n<\/div>\n<p>A medida est\u00e1 fundamentada na Lei Brasileira de Inclus\u00e3o da Pessoa com Defici\u00eancia (Lei n\u00ba 13.146\/2015) e na Resolu\u00e7\u00e3o CNE\/CEB n\u00ba 2\/2001.<\/p><\/div>\n","protected":false},"author":1,"featured_media":85808,"comment_status":"closed","ping_status":"closed","sticky":false,"template":"","format":"gallery","meta":{"footnotes":""},"categories":[8,9,6,57,56,10],"tags":[],"class_list":["post-85807","post","type-post","status-publish","format-gallery","has-post-thumbnail","hentry","category-bahia","category-brasil","category-feira-de-santana","category-mundo","category-policia","category-politica","post_format-post-format-gallery"],"featured_image_urls":{"full":["https:\/\/noticiasbahia360.com.br\/wp-content\/uploads\/2025\/05\/Deputado-Paulo-Camara.jpg",1200,900,false],"thumbnail":["https:\/\/noticiasbahia360.com.br\/wp-content\/uploads\/2025\/05\/Deputado-Paulo-Camara-150x150.jpg",150,150,true],"medium":["https:\/\/noticiasbahia360.com.br\/wp-content\/uploads\/2025\/05\/Deputado-Paulo-Camara-300x225.jpg",300,225,true],"medium_large":["https:\/\/noticiasbahia360.com.br\/wp-content\/uploads\/2025\/05\/Deputado-Paulo-Camara-768x576.jpg",640,480,true],"large":["https:\/\/noticiasbahia360.com.br\/wp-content\/uploads\/2025\/05\/Deputado-Paulo-Camara-1024x768.jpg",640,480,true],"1536x1536":["https:\/\/noticiasbahia360.com.br\/wp-content\/uploads\/2025\/05\/Deputado-Paulo-Camara.jpg",1200,900,false],"2048x2048":["https:\/\/noticiasbahia360.com.br\/wp-content\/uploads\/2025\/05\/Deputado-Paulo-Camara.jpg",1200,900,false],"chromenews-featured":["https:\/\/noticiasbahia360.com.br\/wp-content\/uploads\/2025\/05\/Deputado-Paulo-Camara-1024x768.jpg",1024,768,true],"chromenews-large":["https:\/\/noticiasbahia360.com.br\/wp-content\/uploads\/2025\/05\/Deputado-Paulo-Camara-825x575.jpg",825,575,true],"chromenews-medium":["https:\/\/noticiasbahia360.com.br\/wp-content\/uploads\/2025\/05\/Deputado-Paulo-Camara-590x410.jpg",590,410,true]},"author_info":{"display_name":"noticiasbahia360.com.br","author_link":"https:\/\/noticiasbahia360.com.br\/?author=1"},"category_info":"<a href=\"https:\/\/noticiasbahia360.com.br\/?cat=8\" rel=\"category\">Bahia<\/a> <a href=\"https:\/\/noticiasbahia360.com.br\/?cat=9\" rel=\"category\">Brasil<\/a> <a href=\"https:\/\/noticiasbahia360.com.br\/?cat=6\" rel=\"category\">Feira de Santana<\/a> <a href=\"https:\/\/noticiasbahia360.com.br\/?cat=57\" rel=\"category\">Mundo<\/a> <a href=\"https:\/\/noticiasbahia360.com.br\/?cat=56\" rel=\"category\">Pol\u00edcia<\/a> <a href=\"https:\/\/noticiasbahia360.com.br\/?cat=10\" rel=\"category\">Pol\u00edtica<\/a>","tag_info":"Pol\u00edtica","comment_count":"0","_links":{"self":[{"href":"https:\/\/noticiasbahia360.com.br\/index.php?rest_route=\/wp\/v2\/posts\/85807","targetHints":{"allow":["GET"]}}],"collection":[{"href":"https:\/\/noticiasbahia360.com.br\/index.php?rest_route=\/wp\/v2\/posts"}],"about":[{"href":"https:\/\/noticiasbahia360.com.br\/index.php?rest_route=\/wp\/v2\/types\/post"}],"author":[{"embeddable":true,"href":"https:\/\/noticiasbahia360.com.br\/index.php?rest_route=\/wp\/v2\/users\/1"}],"replies":[{"embeddable":true,"href":"https:\/\/noticiasbahia360.com.br\/index.php?rest_route=%2Fwp%2Fv2%2Fcomments&post=85807"}],"version-history":[{"count":0,"href":"https:\/\/noticiasbahia360.com.br\/index.php?rest_route=\/wp\/v2\/posts\/85807\/revisions"}],"wp:featuredmedia":[{"embeddable":true,"href":"https:\/\/noticiasbahia360.com.br\/index.php?rest_route=\/wp\/v2\/media\/85808"}],"wp:attachment":[{"href":"https:\/\/noticiasbahia360.com.br\/index.php?rest_route=%2Fwp%2Fv2%2Fmedia&parent=85807"}],"wp:term":[{"taxonomy":"category","embeddable":true,"href":"https:\/\/noticiasbahia360.com.br\/index.php?rest_route=%2Fwp%2Fv2%2Fcategories&post=85807"},{"taxonomy":"post_tag","embeddable":true,"href":"https:\/\/noticiasbahia360.com.br\/index.php?rest_route=%2Fwp%2Fv2%2Ftags&post=85807"}],"curies":[{"name":"wp","href":"https:\/\/api.w.org\/{rel}","templated":true}]}}