{"id":85809,"date":"2025-05-12T15:06:43","date_gmt":"2025-05-12T18:06:43","guid":{"rendered":"https:\/\/noticiasbahia360.com.br\/?p=85809"},"modified":"2025-05-12T15:06:43","modified_gmt":"2025-05-12T18:06:43","slug":"moradores-do-bairro-conceicao-ii-sofrem-com-lama-buracos-e-mosquitos-estou-pedindo-socorro-porque-nao-aguento-mais","status":"publish","type":"post","link":"https:\/\/noticiasbahia360.com.br\/?p=85809","title":{"rendered":"Moradores do bairro Concei\u00e7\u00e3o II sofrem com lama, buracos e mosquitos: \u201cEstou pedindo socorro porque n\u00e3o aguento mais\u201d"},"content":{"rendered":"<div>\n<div>\n<figure><img decoding=\"async\" src=\"http:\/\/noticiasbahia360.com.br\/wp-content\/uploads\/2025\/05\/buraco-lama-rua-rio-verde-bairro-conceicao-II-2-feira-de-santana-foto-paulo-jose-acorda-cidade-01.jpg\" alt=\"Moradores\"><figcaption>Buracos na rua Rio Verde, bairro Concei\u00e7\u00e3o II em Feira de Santana | Foto: Paulo Jos\u00e9 \/ Acorda Cidade <\/figcaption><\/figure>\n<\/div>\n<div class=\"wp-block-group\">\n<div class=\"wp-block-group__inner-container is-layout-constrained wp-block-group-is-layout-constrained\">\n<p>Lama, buracos, \u00e1gua parada, presen\u00e7a constante de mosquitos e um mau cheiro quase insuport\u00e1vel fazem parte de um combo problem\u00e1tico que os moradores da rua Rio Verde, no bairro Concei\u00e7\u00e3o II, enfrentam h\u00e1 muitos anos. <strong>A falta de um sistema de drenagem adequado em diversas \u00e1reas de Feira de Santana \u00e9 considerada um dos maiores problemas que o munic\u00edpio enfrenta.<\/strong><\/p>\n<p>\u201cAqui sempre \u00e9 assim, de inverno a ver\u00e3o, a nossa situa\u00e7\u00e3o \u00e9 esta. <strong>\u00c9 nesse sofrimento, com mau cheiro e esgoto correndo no meio da rua. Infelizmente, falta drenagem, falta tudo aqui, n\u00e3o temos nada<\/strong>\u201d, disse o senhor Agenor Cardoso, que mora no bairro h\u00e1 mais de tr\u00eas d\u00e9cadas.<\/p>\n<p>Em entrevista ao Acorda Cidade, o morador experiente afirmou que, al\u00e9m de persistir ao longo do tempo \u2014  um sinal claro do desrespeito com quem vive no local \u2014, o problema \u00e9 respons\u00e1vel por um movimento de desvaloriza\u00e7\u00e3o dos im\u00f3veis da rua.<\/p>\n<p>\u201cTem este terreno aqui do lado [que est\u00e1 \u00e0 venda]. Algumas pessoas j\u00e1 vieram para comprar, tentar construir, mas quem quer construir dentro da po\u00e7a? [O pessoal bota a placa de venda na casa] Como \u00e9 que vende? Quem vai comprar uma casa ilhada, dentro da po\u00e7a d\u2019\u00e1gua, na lama? <strong>Estou pedindo socorro porque n\u00e3o aguento mais<\/strong>\u201d, disse o morador.<\/p>\n<figure class=\"wp-block-image size-large\"><img fetchpriority=\"high\" data-dominant-color=\"7d7f7a\" data-has-transparency=\"false\" style=\"--dominant-color: #7d7f7a;\" decoding=\"async\" width=\"1024\" height=\"473\" sizes=\"(max-width: 1024px) 100vw, 1024px\" src=\"http:\/\/noticiasbahia360.com.br\/wp-content\/uploads\/2025\/05\/YAbHgC4b-buraco-lama-rua-rio-verde-bairro-conceicao-II-2-feira-de-santana-foto-paulo-jose-acorda-cidade-00-1024x473-1.webp\" alt=\"\" class=\"wp-image-552251 not-transparent\" srcset=\"https:\/\/uploads.acordacidade.com.br\/2025\/05\/YAbHgC4b-buraco-lama-rua-rio-verde-bairro-conceicao-II-2-feira-de-santana-foto-paulo-jose-acorda-cidade-00-300x139.webp 300w, http:\/\/noticiasbahia360.com.br\/wp-content\/uploads\/2025\/05\/YAbHgC4b-buraco-lama-rua-rio-verde-bairro-conceicao-II-2-feira-de-santana-foto-paulo-jose-acorda-cidade-00-1024x473-1.webp 1024w, https:\/\/uploads.acordacidade.com.br\/2025\/05\/YAbHgC4b-buraco-lama-rua-rio-verde-bairro-conceicao-II-2-feira-de-santana-foto-paulo-jose-acorda-cidade-00-768x355.webp 768w, https:\/\/uploads.acordacidade.com.br\/2025\/05\/YAbHgC4b-buraco-lama-rua-rio-verde-bairro-conceicao-II-2-feira-de-santana-foto-paulo-jose-acorda-cidade-00-150x69.webp 150w, https:\/\/uploads.acordacidade.com.br\/2025\/05\/YAbHgC4b-buraco-lama-rua-rio-verde-bairro-conceicao-II-2-feira-de-santana-foto-paulo-jose-acorda-cidade-00.webp 1200w\"><figcaption class=\"wp-element-caption\">Buracos na rua Rio Verde, bairro Concei\u00e7\u00e3o II em Feira de Santana | Foto: Paulo Jos\u00e9 \/ Acorda Cidade <\/figcaption><\/figure>\n<p><strong>\u201cAqui \u00e9 um sofrimento mesmo, uma calamidade. Estamos pedindo socorro \u00e0 prefeitura, e a prefeitura n\u00e3o faz nada por n\u00f3s\u201d<\/strong>, complementou M\u00e1rcio Alberto de Assis, que afirmou ao Acorda Cidade ser morador do bairro Concei\u00e7\u00e3o II h\u00e1 cerca de 32 anos.<\/p>\n<h2 class=\"wp-block-heading\" id=\"h-tristeza\">Tristeza <\/h2>\n<\/div>\n<\/div>\n<div class=\"wp-block-group\">\n<div class=\"wp-block-group__inner-container is-layout-constrained wp-block-group-is-layout-constrained\">\n<p>Nalva G\u00f3es, que tamb\u00e9m mora no bairro h\u00e1 mais de tr\u00eas d\u00e9cadas, contou ao Acorda Cidade que o problema da rua Rio Verde \u00e9 cr\u00f4nico. Ela confessou que a sujeira da rua, al\u00e9m de causar muita ang\u00fastia, impede que a casa fique limpa.<\/p>\n<figure class=\"wp-block-image size-large\"><img data-dominant-color=\"807e7a\" data-has-transparency=\"false\" style=\"--dominant-color: #807e7a;\" decoding=\"async\" width=\"1024\" height=\"473\" sizes=\"(max-width: 1024px) 100vw, 1024px\" src=\"http:\/\/noticiasbahia360.com.br\/wp-content\/uploads\/2025\/05\/dKbfBWjB-buraco-lama-rua-rio-verde-bairro-conceicao-II-2-feira-de-santana-foto-paulo-jose-acorda-cidade-1024x473-1.webp\" alt=\"\" class=\"wp-image-552252 not-transparent\" srcset=\"https:\/\/uploads.acordacidade.com.br\/2025\/05\/dKbfBWjB-buraco-lama-rua-rio-verde-bairro-conceicao-II-2-feira-de-santana-foto-paulo-jose-acorda-cidade-300x139.webp 300w, http:\/\/noticiasbahia360.com.br\/wp-content\/uploads\/2025\/05\/dKbfBWjB-buraco-lama-rua-rio-verde-bairro-conceicao-II-2-feira-de-santana-foto-paulo-jose-acorda-cidade-1024x473-1.webp 1024w, https:\/\/uploads.acordacidade.com.br\/2025\/05\/dKbfBWjB-buraco-lama-rua-rio-verde-bairro-conceicao-II-2-feira-de-santana-foto-paulo-jose-acorda-cidade-768x355.webp 768w, https:\/\/uploads.acordacidade.com.br\/2025\/05\/dKbfBWjB-buraco-lama-rua-rio-verde-bairro-conceicao-II-2-feira-de-santana-foto-paulo-jose-acorda-cidade-150x69.webp 150w, https:\/\/uploads.acordacidade.com.br\/2025\/05\/dKbfBWjB-buraco-lama-rua-rio-verde-bairro-conceicao-II-2-feira-de-santana-foto-paulo-jose-acorda-cidade.webp 1200w\"><figcaption class=\"wp-element-caption\">Buracos na rua Rio Verde, bairro Concei\u00e7\u00e3o II em Feira de Santana | Foto: Paulo Jos\u00e9 \/ Acorda Cidade <\/figcaption><\/figure>\n<p>\u201c\u00c9 isso direto. S\u00f3 Jesus, porque o sofrimento aqui \u00e9 grande. Os moradores aqui t\u00eam sofrido, n\u00e3o \u00e9 brincadeira. Todos n\u00f3s aqui sofremos muito. \u00c9 muita \u00e1gua, \u00e9 muita lama. D\u00e1 tristeza. Quando a gente sai daqui, passa por outros bairros, por outras ruas, e v\u00ea o povo t\u00e3o tranquilo, quando a gente chega aqui, chega a dar uma dor no cora\u00e7\u00e3o\u201d, concluiu a moradora.<\/p>\n<p>O Acorda Cidade ir\u00e1 solicitar um retorno da Superintend\u00eancia de Opera\u00e7\u00f5es e Manuten\u00e7\u00e3o (Soma).<\/p>\n<p><em>Com informa\u00e7\u00f5es do rep\u00f3rter Paulo Jos\u00e9 do Acorda Cidade <\/em><\/p>\n<p><em>Reportagem escrita pelo estagi\u00e1rio de jornalismo Jefferson Ara\u00fajo sob supervis\u00e3o\u00a0do jornalista Gabriel Gon\u00e7alves<\/em><\/p>\n<p><em>Siga o Acorda Cidade no<\/em><a href=\"https:\/\/news.google.com\/search?q=acorda%20cidade&amp;hl=pt-BR&amp;gl=BR&amp;ceid=BR%3Apt-419\"><strong><em>\u00a0Google Not\u00edcias<\/em><\/strong><\/a><em>\u00a0e receba os principais destaques do dia. Participe tamb\u00e9m dos nossos canais no\u00a0<\/em><a href=\"https:\/\/www.whatsapp.com\/channel\/0029Va6Rb4v3WHTNnsh8WI3N\"><strong><em>WhatsApp<\/em><\/strong><\/a><em>\u00a0e\u00a0<\/em><a href=\"https:\/\/www.youtube.com\/@acordacidadenoticias\/videos\"><strong>YouTube<\/strong><\/a><em>\u00a0e do grupo no\u00a0<\/em><a href=\"https:\/\/t.me\/+sSz0khrgARA0ZmRh\"><strong><em>Telegram<\/em><\/strong><\/a><\/p>\n<\/div>\n<\/div>\n<\/div>\n","protected":false},"excerpt":{"rendered":"<div>\n<div>\n<figure><img decoding=\"async\" src=\"https:\/\/uploads.acordacidade.com.br\/2025\/05\/buraco-lama-rua-rio-verde-bairro-conceicao-II-2-feira-de-santana-foto-paulo-jose-acorda-cidade-01.jpg\" alt=\"Moradores\"><figcaption>Buracos na rua Rio Verde, bairro Concei\u00e7\u00e3o II em Feira de Santana | Foto: Paulo Jos\u00e9 \/ Acorda Cidade <\/figcaption><\/figure>\n<\/div>\n<p>&#8220;\u00c9 nesse sofrimento, com mau cheiro e esgoto correndo no meio da rua. Falta drenagem, falta tudo aqui, n\u00e3o temos nada\u201d, disse um morador.<\/p><\/div>\n","protected":false},"author":1,"featured_media":85810,"comment_status":"closed","ping_status":"closed","sticky":false,"template":"","format":"gallery","meta":{"footnotes":""},"categories":[8,9,6,57,56,10],"tags":[],"class_list":["post-85809","post","type-post","status-publish","format-gallery","has-post-thumbnail","hentry","category-bahia","category-brasil","category-feira-de-santana","category-mundo","category-policia","category-politica","post_format-post-format-gallery"],"featured_image_urls":{"full":["https:\/\/noticiasbahia360.com.br\/wp-content\/uploads\/2025\/05\/buraco-lama-rua-rio-verde-bairro-conceicao-II-2-feira-de-santana-foto-paulo-jose-acorda-cidade-01.jpg",1200,554,false],"thumbnail":["https:\/\/noticiasbahia360.com.br\/wp-content\/uploads\/2025\/05\/buraco-lama-rua-rio-verde-bairro-conceicao-II-2-feira-de-santana-foto-paulo-jose-acorda-cidade-01-150x150.jpg",150,150,true],"medium":["https:\/\/noticiasbahia360.com.br\/wp-content\/uploads\/2025\/05\/buraco-lama-rua-rio-verde-bairro-conceicao-II-2-feira-de-santana-foto-paulo-jose-acorda-cidade-01-300x139.jpg",300,139,true],"medium_large":["https:\/\/noticiasbahia360.com.br\/wp-content\/uploads\/2025\/05\/buraco-lama-rua-rio-verde-bairro-conceicao-II-2-feira-de-santana-foto-paulo-jose-acorda-cidade-01-768x355.jpg",640,296,true],"large":["https:\/\/noticiasbahia360.com.br\/wp-content\/uploads\/2025\/05\/buraco-lama-rua-rio-verde-bairro-conceicao-II-2-feira-de-santana-foto-paulo-jose-acorda-cidade-01-1024x473.jpg",640,296,true],"1536x1536":["https:\/\/noticiasbahia360.com.br\/wp-content\/uploads\/2025\/05\/buraco-lama-rua-rio-verde-bairro-conceicao-II-2-feira-de-santana-foto-paulo-jose-acorda-cidade-01.jpg",1200,554,false],"2048x2048":["https:\/\/noticiasbahia360.com.br\/wp-content\/uploads\/2025\/05\/buraco-lama-rua-rio-verde-bairro-conceicao-II-2-feira-de-santana-foto-paulo-jose-acorda-cidade-01.jpg",1200,554,false],"chromenews-featured":["https:\/\/noticiasbahia360.com.br\/wp-content\/uploads\/2025\/05\/buraco-lama-rua-rio-verde-bairro-conceicao-II-2-feira-de-santana-foto-paulo-jose-acorda-cidade-01-1024x473.jpg",1024,473,true],"chromenews-large":["https:\/\/noticiasbahia360.com.br\/wp-content\/uploads\/2025\/05\/buraco-lama-rua-rio-verde-bairro-conceicao-II-2-feira-de-santana-foto-paulo-jose-acorda-cidade-01-825x554.jpg",825,554,true],"chromenews-medium":["https:\/\/noticiasbahia360.com.br\/wp-content\/uploads\/2025\/05\/buraco-lama-rua-rio-verde-bairro-conceicao-II-2-feira-de-santana-foto-paulo-jose-acorda-cidade-01-590x410.jpg",590,410,true]},"author_info":{"display_name":"noticiasbahia360.com.br","author_link":"https:\/\/noticiasbahia360.com.br\/?author=1"},"category_info":"<a href=\"https:\/\/noticiasbahia360.com.br\/?cat=8\" rel=\"category\">Bahia<\/a> <a href=\"https:\/\/noticiasbahia360.com.br\/?cat=9\" rel=\"category\">Brasil<\/a> <a href=\"https:\/\/noticiasbahia360.com.br\/?cat=6\" rel=\"category\">Feira de Santana<\/a> <a href=\"https:\/\/noticiasbahia360.com.br\/?cat=57\" rel=\"category\">Mundo<\/a> <a href=\"https:\/\/noticiasbahia360.com.br\/?cat=56\" rel=\"category\">Pol\u00edcia<\/a> <a href=\"https:\/\/noticiasbahia360.com.br\/?cat=10\" rel=\"category\">Pol\u00edtica<\/a>","tag_info":"Pol\u00edtica","comment_count":"0","_links":{"self":[{"href":"https:\/\/noticiasbahia360.com.br\/index.php?rest_route=\/wp\/v2\/posts\/85809","targetHints":{"allow":["GET"]}}],"collection":[{"href":"https:\/\/noticiasbahia360.com.br\/index.php?rest_route=\/wp\/v2\/posts"}],"about":[{"href":"https:\/\/noticiasbahia360.com.br\/index.php?rest_route=\/wp\/v2\/types\/post"}],"author":[{"embeddable":true,"href":"https:\/\/noticiasbahia360.com.br\/index.php?rest_route=\/wp\/v2\/users\/1"}],"replies":[{"embeddable":true,"href":"https:\/\/noticiasbahia360.com.br\/index.php?rest_route=%2Fwp%2Fv2%2Fcomments&post=85809"}],"version-history":[{"count":0,"href":"https:\/\/noticiasbahia360.com.br\/index.php?rest_route=\/wp\/v2\/posts\/85809\/revisions"}],"wp:featuredmedia":[{"embeddable":true,"href":"https:\/\/noticiasbahia360.com.br\/index.php?rest_route=\/wp\/v2\/media\/85810"}],"wp:attachment":[{"href":"https:\/\/noticiasbahia360.com.br\/index.php?rest_route=%2Fwp%2Fv2%2Fmedia&parent=85809"}],"wp:term":[{"taxonomy":"category","embeddable":true,"href":"https:\/\/noticiasbahia360.com.br\/index.php?rest_route=%2Fwp%2Fv2%2Fcategories&post=85809"},{"taxonomy":"post_tag","embeddable":true,"href":"https:\/\/noticiasbahia360.com.br\/index.php?rest_route=%2Fwp%2Fv2%2Ftags&post=85809"}],"curies":[{"name":"wp","href":"https:\/\/api.w.org\/{rel}","templated":true}]}} 