{"id":85813,"date":"2025-05-12T15:06:50","date_gmt":"2025-05-12T18:06:50","guid":{"rendered":"https:\/\/noticiasbahia360.com.br\/?p=85813"},"modified":"2025-05-12T15:06:50","modified_gmt":"2025-05-12T18:06:50","slug":"corredores-de-feira-de-santana-organizam-treinao-solidario-para-arrecadar-tenis-e-roupas-esportivas-para-projeto-social","status":"publish","type":"post","link":"https:\/\/noticiasbahia360.com.br\/?p=85813","title":{"rendered":"Corredores de Feira de Santana organizam Trein\u00e3o Solid\u00e1rio para arrecadar t\u00eanis e roupas esportivas para projeto social"},"content":{"rendered":"<div>\n<div>\n<figure><img decoding=\"async\" src=\"http:\/\/noticiasbahia360.com.br\/wp-content\/uploads\/2025\/05\/Corredores-de-Feira-de-Santana-organizam-Treinao-Solidario-para-arrecadar-tenis-e-roupas-esportivas-para-projeto-social6.jpg\" alt=\"Corredores de Feira de Santana organizam Trein\u00e3o Solid\u00e1rio para arrecadar t\u00eanis e roupas esportivas para projeto social\"><figcaption>Foto: Arquivo Pessoal <\/figcaption><\/figure>\n<\/div>\n<p>Sens\u00edvel \u00e0s desigualdades sociais, um corredor de <a href=\"https:\/\/www.acordacidade.com.br\/feira-de-santana\/\">Feira de Santana<\/a> criou uma campanha para ajudar um projeto social, que atende crian\u00e7as e adolescentes com incentivo ao esporte. O corredor Leonardo Carneiro conversou com o Acorda Cidade para explicar sobre o Trein\u00e3o Solid\u00e1rio Passos de Esperan\u00e7a, que visa arrecadar t\u00eanis novos ou usados, roupas esportivas, acess\u00f3rios de <a href=\"https:\/\/www.acordacidade.com.br\/tag\/corrida\/\">corrida <\/a>e materiais diversos para apoiar o Centro Cultural Esportivo, localizado na cidade de Po\u00e7\u00f5es.<\/p>\n<figure class=\"wp-block-image size-large\"><img fetchpriority=\"high\" data-dominant-color=\"897c79\" data-has-transparency=\"false\" style=\"--dominant-color: #897c79;\" fetchpriority=\"high\" decoding=\"async\" width=\"1024\" height=\"839\" sizes=\"(max-width: 1024px) 100vw, 1024px\" src=\"http:\/\/noticiasbahia360.com.br\/wp-content\/uploads\/2025\/05\/GEIgnN7y-Corredores-de-Feira-de-Santana-organizam-Treinao-Solidario-para-arrecadar-tenis-e-roupas-esportivas-para-projeto-social1-1024x839-1.webp\" alt=\"Corredores de Feira de Santana organizam Trein\u00e3o Solid\u00e1rio para arrecadar t\u00eanis e roupas esportivas para projeto social\" class=\"wp-image-552349 not-transparent\" srcset=\"https:\/\/uploads.acordacidade.com.br\/2025\/05\/GEIgnN7y-Corredores-de-Feira-de-Santana-organizam-Treinao-Solidario-para-arrecadar-tenis-e-roupas-esportivas-para-projeto-social1-300x246.webp 300w, http:\/\/noticiasbahia360.com.br\/wp-content\/uploads\/2025\/05\/GEIgnN7y-Corredores-de-Feira-de-Santana-organizam-Treinao-Solidario-para-arrecadar-tenis-e-roupas-esportivas-para-projeto-social1-1024x839-1.webp 1024w, https:\/\/uploads.acordacidade.com.br\/2025\/05\/GEIgnN7y-Corredores-de-Feira-de-Santana-organizam-Treinao-Solidario-para-arrecadar-tenis-e-roupas-esportivas-para-projeto-social1-768x629.webp 768w, https:\/\/uploads.acordacidade.com.br\/2025\/05\/GEIgnN7y-Corredores-de-Feira-de-Santana-organizam-Treinao-Solidario-para-arrecadar-tenis-e-roupas-esportivas-para-projeto-social1-150x123.webp 150w, https:\/\/uploads.acordacidade.com.br\/2025\/05\/GEIgnN7y-Corredores-de-Feira-de-Santana-organizam-Treinao-Solidario-para-arrecadar-tenis-e-roupas-esportivas-para-projeto-social1.webp 1200w\"><figcaption class=\"wp-element-caption\">Foto: Arquivo Pessoal <\/figcaption><\/figure>\n<p>De acordo com ele, esse projeto atende entre 50 e 80 <a href=\"https:\/\/www.acordacidade.com.br\/tag\/criancas-e-adolescentes\/\">crian\u00e7as e adolescentes<\/a> em situa\u00e7\u00e3o de vulnerabilidade social, que veem na corrida n\u00e3o apenas uma atividade f\u00edsica, mas uma verdadeira oportunidade de transforma\u00e7\u00e3o. As crian\u00e7as enfrentam desafios profundos, como correr descal\u00e7as e se alimentar de forma prec\u00e1ria. A campanha surge como um gesto de generosidade e esperan\u00e7a, mobilizando a comunidade de corredores de Feira de Santana.<\/p>\n<p>\u201cO trein\u00e3o vai acontecer no dia 31 de maio, com concentra\u00e7\u00e3o em frente a Mersan na Get\u00falio Vargas. Todas as assessorias est\u00e3o convidadas, vamos vender camisas para arrecadar dinheiro para ser voltado para essas crian\u00e7as, que correm descal\u00e7as. Muitos deles tamb\u00e9m v\u00e3o fazer a pr\u00e1tica da atividade pelo alimento. Estamos convidando as assessorias para apoiar essa causa\u201d, afirmou Leonardo Carneiro.<\/p>\n<figure class=\"wp-block-image size-large\"><img data-dominant-color=\"7d756c\" data-has-transparency=\"false\" style=\"--dominant-color: #7d756c;\" decoding=\"async\" width=\"1024\" height=\"682\" sizes=\"(max-width: 1024px) 100vw, 1024px\" src=\"http:\/\/noticiasbahia360.com.br\/wp-content\/uploads\/2025\/05\/lC85wNt9-Corredores-de-Feira-de-Santana-organizam-Treinao-Solidario-para-arrecadar-tenis-e-roupas-esportivas-para-projeto-social3-1024x682-1.webp\" alt=\"Corredores de Feira de Santana organizam Trein\u00e3o Solid\u00e1rio para arrecadar t\u00eanis e roupas esportivas para projeto social\" class=\"wp-image-552347 not-transparent\" srcset=\"https:\/\/uploads.acordacidade.com.br\/2025\/05\/lC85wNt9-Corredores-de-Feira-de-Santana-organizam-Treinao-Solidario-para-arrecadar-tenis-e-roupas-esportivas-para-projeto-social3-300x200.webp 300w, http:\/\/noticiasbahia360.com.br\/wp-content\/uploads\/2025\/05\/lC85wNt9-Corredores-de-Feira-de-Santana-organizam-Treinao-Solidario-para-arrecadar-tenis-e-roupas-esportivas-para-projeto-social3-1024x682-1.webp 1024w, https:\/\/uploads.acordacidade.com.br\/2025\/05\/lC85wNt9-Corredores-de-Feira-de-Santana-organizam-Treinao-Solidario-para-arrecadar-tenis-e-roupas-esportivas-para-projeto-social3-768x511.webp 768w, https:\/\/uploads.acordacidade.com.br\/2025\/05\/lC85wNt9-Corredores-de-Feira-de-Santana-organizam-Treinao-Solidario-para-arrecadar-tenis-e-roupas-esportivas-para-projeto-social3-150x100.webp 150w, https:\/\/uploads.acordacidade.com.br\/2025\/05\/lC85wNt9-Corredores-de-Feira-de-Santana-organizam-Treinao-Solidario-para-arrecadar-tenis-e-roupas-esportivas-para-projeto-social3.webp 1200w\"><figcaption class=\"wp-element-caption\">Foto: Arquivo Pessoal <\/figcaption><\/figure>\n<p>Segundo ele, at\u00e9 o momento cerca de 30 t\u00eanis j\u00e1 foram arrecadados. Leonardo agradeceu o apoio que tem recebido da popula\u00e7\u00e3o de Feira de Santana. \u201cVamos criar um pix de contribui\u00e7\u00e3o, onde as pessoas poder\u00e3o colaborar e esse dinheiro ser\u00e1 usado para comprar alimentos e ajudar as crian\u00e7as a viajarem para outros locais para participar das competi\u00e7\u00f5es\u201d.<\/p>\n<figure class=\"wp-block-image size-large\"><img data-dominant-color=\"8a8386\" data-has-transparency=\"false\" style=\"--dominant-color: #8a8386;\" decoding=\"async\" width=\"1024\" height=\"729\" sizes=\"(max-width: 1024px) 100vw, 1024px\" src=\"http:\/\/noticiasbahia360.com.br\/wp-content\/uploads\/2025\/05\/PAs16SEc-Corredores-de-Feira-de-Santana-organizam-Treinao-Solidario-para-arrecadar-tenis-e-roupas-esportivas-para-projeto-social-1024x729-1.webp\" alt=\"Corredores de Feira de Santana organizam Trein\u00e3o Solid\u00e1rio para arrecadar t\u00eanis e roupas esportivas para projeto social\" class=\"wp-image-552350 not-transparent\" srcset=\"https:\/\/uploads.acordacidade.com.br\/2025\/05\/PAs16SEc-Corredores-de-Feira-de-Santana-organizam-Treinao-Solidario-para-arrecadar-tenis-e-roupas-esportivas-para-projeto-social-300x214.webp 300w, http:\/\/noticiasbahia360.com.br\/wp-content\/uploads\/2025\/05\/PAs16SEc-Corredores-de-Feira-de-Santana-organizam-Treinao-Solidario-para-arrecadar-tenis-e-roupas-esportivas-para-projeto-social-1024x729-1.webp 1024w, https:\/\/uploads.acordacidade.com.br\/2025\/05\/PAs16SEc-Corredores-de-Feira-de-Santana-organizam-Treinao-Solidario-para-arrecadar-tenis-e-roupas-esportivas-para-projeto-social-768x547.webp 768w, https:\/\/uploads.acordacidade.com.br\/2025\/05\/PAs16SEc-Corredores-de-Feira-de-Santana-organizam-Treinao-Solidario-para-arrecadar-tenis-e-roupas-esportivas-para-projeto-social-150x107.webp 150w, https:\/\/uploads.acordacidade.com.br\/2025\/05\/PAs16SEc-Corredores-de-Feira-de-Santana-organizam-Treinao-Solidario-para-arrecadar-tenis-e-roupas-esportivas-para-projeto-social.webp 1200w\"><figcaption class=\"wp-element-caption\">Leonardo Carneiro e Jussara Menezes | Foto: Paulo Jos\u00e9\/Acorda Cidade<\/figcaption><\/figure>\n<p>Jussara Menezes, que tamb\u00e9m faz parte da coordena\u00e7\u00e3o dessa campanha, informou que os materiais arrecados ser\u00e3o levados para a Escola Jo\u00e3o Paulo I, de onde ser\u00e3o entregues.<\/p>\n<p>\u201cNossa meta \u00e9 trazer um norte para essas crian\u00e7as. Elas correm descal\u00e7as, o projeto n\u00e3o tem sede, n\u00e3o tem apoio e vive de doa\u00e7\u00f5es. A gente sabe que o esporte muda tudo e fazemos o convite para o dia 31 de maio, para que todos participem\u201d. \u00a0<\/p>\n<p><strong>Mais informa\u00e7\u00f5es sobre o projeto e sobre como ajudar atrav\u00e9s dos contatos: 75 99179 1619 \/ 75 99227 0008.<\/strong><\/p>\n<figure class=\"wp-block-image size-large\"><img data-dominant-color=\"9a877b\" data-has-transparency=\"false\" style=\"--dominant-color: #9a877b;\" decoding=\"async\" width=\"1024\" height=\"1006\" sizes=\"(max-width: 1024px) 100vw, 1024px\" src=\"http:\/\/noticiasbahia360.com.br\/wp-content\/uploads\/2025\/05\/5Gyrhya9-Corredores-de-Feira-de-Santana-organizam-Treinao-Solidario-para-arrecadar-tenis-e-roupas-esportivas-para-projeto-social2-1024x1006-1.webp\" alt=\"Corredores de Feira de Santana organizam Trein\u00e3o Solid\u00e1rio para arrecadar t\u00eanis e roupas esportivas para projeto social\" class=\"wp-image-552348 not-transparent\" srcset=\"https:\/\/uploads.acordacidade.com.br\/2025\/05\/5Gyrhya9-Corredores-de-Feira-de-Santana-organizam-Treinao-Solidario-para-arrecadar-tenis-e-roupas-esportivas-para-projeto-social2-300x295.webp 300w, http:\/\/noticiasbahia360.com.br\/wp-content\/uploads\/2025\/05\/5Gyrhya9-Corredores-de-Feira-de-Santana-organizam-Treinao-Solidario-para-arrecadar-tenis-e-roupas-esportivas-para-projeto-social2-1024x1006-1.webp 1024w, https:\/\/uploads.acordacidade.com.br\/2025\/05\/5Gyrhya9-Corredores-de-Feira-de-Santana-organizam-Treinao-Solidario-para-arrecadar-tenis-e-roupas-esportivas-para-projeto-social2-768x755.webp 768w, https:\/\/uploads.acordacidade.com.br\/2025\/05\/5Gyrhya9-Corredores-de-Feira-de-Santana-organizam-Treinao-Solidario-para-arrecadar-tenis-e-roupas-esportivas-para-projeto-social2-150x147.webp 150w, https:\/\/uploads.acordacidade.com.br\/2025\/05\/5Gyrhya9-Corredores-de-Feira-de-Santana-organizam-Treinao-Solidario-para-arrecadar-tenis-e-roupas-esportivas-para-projeto-social2.webp 1200w\"><figcaption class=\"wp-element-caption\">Foto: Arquivo Pessoal <\/figcaption><\/figure>\n<figure class=\"wp-block-image size-large\"><img loading=\"lazy\" data-dominant-color=\"516a78\" data-has-transparency=\"false\" style=\"--dominant-color: #516a78;\" decoding=\"async\" width=\"1024\" height=\"822\" sizes=\"(max-width: 1024px) 100vw, 1024px\" src=\"http:\/\/noticiasbahia360.com.br\/wp-content\/uploads\/2025\/05\/C5Uvlxgt-Corredores-de-Feira-de-Santana-organizam-Treinao-Solidario-para-arrecadar-tenis-e-roupas-esportivas-para-projeto-social4-1024x822-1.webp\" alt=\"Corredores de Feira de Santana organizam Trein\u00e3o Solid\u00e1rio para arrecadar t\u00eanis e roupas esportivas para projeto social\" class=\"wp-image-552346 not-transparent\" srcset=\"https:\/\/uploads.acordacidade.com.br\/2025\/05\/C5Uvlxgt-Corredores-de-Feira-de-Santana-organizam-Treinao-Solidario-para-arrecadar-tenis-e-roupas-esportivas-para-projeto-social4-300x241.webp 300w, http:\/\/noticiasbahia360.com.br\/wp-content\/uploads\/2025\/05\/C5Uvlxgt-Corredores-de-Feira-de-Santana-organizam-Treinao-Solidario-para-arrecadar-tenis-e-roupas-esportivas-para-projeto-social4-1024x822-1.webp 1024w, https:\/\/uploads.acordacidade.com.br\/2025\/05\/C5Uvlxgt-Corredores-de-Feira-de-Santana-organizam-Treinao-Solidario-para-arrecadar-tenis-e-roupas-esportivas-para-projeto-social4-768x616.webp 768w, https:\/\/uploads.acordacidade.com.br\/2025\/05\/C5Uvlxgt-Corredores-de-Feira-de-Santana-organizam-Treinao-Solidario-para-arrecadar-tenis-e-roupas-esportivas-para-projeto-social4-150x120.webp 150w, https:\/\/uploads.acordacidade.com.br\/2025\/05\/C5Uvlxgt-Corredores-de-Feira-de-Santana-organizam-Treinao-Solidario-para-arrecadar-tenis-e-roupas-esportivas-para-projeto-social4.webp 1200w\"><figcaption class=\"wp-element-caption\">Foto: Arquivo Pessoal <\/figcaption><\/figure>\n<figure class=\"wp-block-image size-large\"><img loading=\"lazy\" data-dominant-color=\"9c9286\" data-has-transparency=\"false\" style=\"--dominant-color: #9c9286;\" decoding=\"async\" width=\"1024\" height=\"856\" sizes=\"(max-width: 1024px) 100vw, 1024px\" src=\"http:\/\/noticiasbahia360.com.br\/wp-content\/uploads\/2025\/05\/fpb7xTAp-Corredores-de-Feira-de-Santana-organizam-Treinao-Solidario-para-arrecadar-tenis-e-roupas-esportivas-para-projeto-social5-1024x856-1.webp\" alt=\"Corredores de Feira de Santana organizam Trein\u00e3o Solid\u00e1rio para arrecadar t\u00eanis e roupas esportivas para projeto social\" class=\"wp-image-552345 not-transparent\" srcset=\"https:\/\/uploads.acordacidade.com.br\/2025\/05\/fpb7xTAp-Corredores-de-Feira-de-Santana-organizam-Treinao-Solidario-para-arrecadar-tenis-e-roupas-esportivas-para-projeto-social5-300x251.webp 300w, http:\/\/noticiasbahia360.com.br\/wp-content\/uploads\/2025\/05\/fpb7xTAp-Corredores-de-Feira-de-Santana-organizam-Treinao-Solidario-para-arrecadar-tenis-e-roupas-esportivas-para-projeto-social5-1024x856-1.webp 1024w, https:\/\/uploads.acordacidade.com.br\/2025\/05\/fpb7xTAp-Corredores-de-Feira-de-Santana-organizam-Treinao-Solidario-para-arrecadar-tenis-e-roupas-esportivas-para-projeto-social5-768x642.webp 768w, https:\/\/uploads.acordacidade.com.br\/2025\/05\/fpb7xTAp-Corredores-de-Feira-de-Santana-organizam-Treinao-Solidario-para-arrecadar-tenis-e-roupas-esportivas-para-projeto-social5-150x125.webp 150w, https:\/\/uploads.acordacidade.com.br\/2025\/05\/fpb7xTAp-Corredores-de-Feira-de-Santana-organizam-Treinao-Solidario-para-arrecadar-tenis-e-roupas-esportivas-para-projeto-social5.webp 1200w\"><figcaption class=\"wp-element-caption\">Foto: Arquivo Pessoal <\/figcaption><\/figure>\n<p><em>Com informa\u00e7\u00f5es do rep\u00f3rter Paulo Jos\u00e9 do Acorda Cidade<\/em><\/p>\n<p><em>Siga o Acorda Cidade no<\/em><a href=\"https:\/\/news.google.com\/search?q=acorda%20cidade&amp;hl=pt-BR&amp;gl=BR&amp;ceid=BR%3Apt-419\"><strong><em>\u00a0Google Not\u00edcias<\/em><\/strong><\/a><em>\u00a0e receba os principais destaques do dia. Participe tamb\u00e9m dos nossos canais no\u00a0<\/em><a href=\"https:\/\/www.whatsapp.com\/channel\/0029Va6Rb4v3WHTNnsh8WI3N\"><strong><em>WhatsApp<\/em><\/strong><\/a><em>\u00a0e\u00a0<\/em><a href=\"https:\/\/www.youtube.com\/@acordacidadenoticias\/videos\"><strong>Youtube<\/strong><\/a><em>\u00a0e grupo de\u00a0<\/em><a href=\"https:\/\/t.me\/+sSz0khrgARA0ZmRh\"><strong><em>Telegram<\/em><\/strong><\/a><em>.<\/em><\/p>\n<\/div>\n","protected":false},"excerpt":{"rendered":"<div>\n<div>\n<figure><img decoding=\"async\" src=\"https:\/\/uploads.acordacidade.com.br\/2025\/05\/Corredores-de-Feira-de-Santana-organizam-Treinao-Solidario-para-arrecadar-tenis-e-roupas-esportivas-para-projeto-social6.jpg\" alt=\"Corredores de Feira de Santana organizam Trein\u00e3o Solid\u00e1rio para arrecadar t\u00eanis e roupas esportivas para projeto social\"><figcaption>Foto: Arquivo Pessoal <\/figcaption><\/figure>\n<\/div>\n<p>O trein\u00e3o vai acontecer no dia 31 de maio, com concentra\u00e7\u00e3o em frente a Mersan na Get\u00falio Vargas<\/p><\/div>\n","protected":false},"author":1,"featured_media":85814,"comment_status":"closed","ping_status":"closed","sticky":false,"template":"","format":"gallery","meta":{"footnotes":""},"categories":[8,9,6,57,56,10],"tags":[],"class_list":["post-85813","post","type-post","status-publish","format-gallery","has-post-thumbnail","hentry","category-bahia","category-brasil","category-feira-de-santana","category-mundo","category-policia","category-politica","post_format-post-format-gallery"],"featured_image_urls":{"full":["https:\/\/noticiasbahia360.com.br\/wp-content\/uploads\/2025\/05\/Corredores-de-Feira-de-Santana-organizam-Treinao-Solidario-para-arrecadar-tenis-e-roupas-esportivas-para-projeto-social6.jpg",1200,800,false],"thumbnail":["https:\/\/noticiasbahia360.com.br\/wp-content\/uploads\/2025\/05\/Corredores-de-Feira-de-Santana-organizam-Treinao-Solidario-para-arrecadar-tenis-e-roupas-esportivas-para-projeto-social6-150x150.jpg",150,150,true],"medium":["https:\/\/noticiasbahia360.com.br\/wp-content\/uploads\/2025\/05\/Corredores-de-Feira-de-Santana-organizam-Treinao-Solidario-para-arrecadar-tenis-e-roupas-esportivas-para-projeto-social6-300x200.jpg",300,200,true],"medium_large":["https:\/\/noticiasbahia360.com.br\/wp-content\/uploads\/2025\/05\/Corredores-de-Feira-de-Santana-organizam-Treinao-Solidario-para-arrecadar-tenis-e-roupas-esportivas-para-projeto-social6-768x512.jpg",640,427,true],"large":["https:\/\/noticiasbahia360.com.br\/wp-content\/uploads\/2025\/05\/Corredores-de-Feira-de-Santana-organizam-Treinao-Solidario-para-arrecadar-tenis-e-roupas-esportivas-para-projeto-social6-1024x683.jpg",640,427,true],"1536x1536":["https:\/\/noticiasbahia360.com.br\/wp-content\/uploads\/2025\/05\/Corredores-de-Feira-de-Santana-organizam-Treinao-Solidario-para-arrecadar-tenis-e-roupas-esportivas-para-projeto-social6.jpg",1200,800,false],"2048x2048":["https:\/\/noticiasbahia360.com.br\/wp-content\/uploads\/2025\/05\/Corredores-de-Feira-de-Santana-organizam-Treinao-Solidario-para-arrecadar-tenis-e-roupas-esportivas-para-projeto-social6.jpg",1200,800,false],"chromenews-featured":["https:\/\/noticiasbahia360.com.br\/wp-content\/uploads\/2025\/05\/Corredores-de-Feira-de-Santana-organizam-Treinao-Solidario-para-arrecadar-tenis-e-roupas-esportivas-para-projeto-social6-1024x683.jpg",1024,683,true],"chromenews-large":["https:\/\/noticiasbahia360.com.br\/wp-content\/uploads\/2025\/05\/Corredores-de-Feira-de-Santana-organizam-Treinao-Solidario-para-arrecadar-tenis-e-roupas-esportivas-para-projeto-social6-825x575.jpg",825,575,true],"chromenews-medium":["https:\/\/noticiasbahia360.com.br\/wp-content\/uploads\/2025\/05\/Corredores-de-Feira-de-Santana-organizam-Treinao-Solidario-para-arrecadar-tenis-e-roupas-esportivas-para-projeto-social6-590x410.jpg",590,410,true]},"author_info":{"display_name":"noticiasbahia360.com.br","author_link":"https:\/\/noticiasbahia360.com.br\/?author=1"},"category_info":"<a href=\"https:\/\/noticiasbahia360.com.br\/?cat=8\" rel=\"category\">Bahia<\/a> <a href=\"https:\/\/noticiasbahia360.com.br\/?cat=9\" rel=\"category\">Brasil<\/a> <a href=\"https:\/\/noticiasbahia360.com.br\/?cat=6\" rel=\"category\">Feira de Santana<\/a> <a href=\"https:\/\/noticiasbahia360.com.br\/?cat=57\" rel=\"category\">Mundo<\/a> <a href=\"https:\/\/noticiasbahia360.com.br\/?cat=56\" rel=\"category\">Pol\u00edcia<\/a> <a href=\"https:\/\/noticiasbahia360.com.br\/?cat=10\" rel=\"category\">Pol\u00edtica<\/a>","tag_info":"Pol\u00edtica","comment_count":"0","_links":{"self":[{"href":"https:\/\/noticiasbahia360.com.br\/index.php?rest_route=\/wp\/v2\/posts\/85813","targetHints":{"allow":["GET"]}}],"collection":[{"href":"https:\/\/noticiasbahia360.com.br\/index.php?rest_route=\/wp\/v2\/posts"}],"about":[{"href":"https:\/\/noticiasbahia360.com.br\/index.php?rest_route=\/wp\/v2\/types\/post"}],"author":[{"embeddable":true,"href":"https:\/\/noticiasbahia360.com.br\/index.php?rest_route=\/wp\/v2\/users\/1"}],"replies":[{"embeddable":true,"href":"https:\/\/noticiasbahia360.com.br\/index.php?rest_route=%2Fwp%2Fv2%2Fcomments&post=85813"}],"version-history":[{"count":0,"href":"https:\/\/noticiasbahia360.com.br\/index.php?rest_route=\/wp\/v2\/posts\/85813\/revisions"}],"wp:featuredmedia":[{"embeddable":true,"href":"https:\/\/noticiasbahia360.com.br\/index.php?rest_route=\/wp\/v2\/media\/85814"}],"wp:attachment":[{"href":"https:\/\/noticiasbahia360.com.br\/index.php?rest_route=%2Fwp%2Fv2%2Fmedia&parent=85813"}],"wp:term":[{"taxonomy":"category","embeddable":true,"href":"https:\/\/noticiasbahia360.com.br\/index.php?rest_route=%2Fwp%2Fv2%2Fcategories&post=85813"},{"taxonomy":"post_tag","embeddable":true,"href":"https:\/\/noticiasbahia360.com.br\/index.php?rest_route=%2Fwp%2Fv2%2Ftags&post=85813"}],"curies":[{"name":"wp","href":"https:\/\/api.w.org\/{rel}","templated":true}]}}