{"id":85821,"date":"2025-05-12T15:22:35","date_gmt":"2025-05-12T18:22:35","guid":{"rendered":"https:\/\/noticiasbahia360.com.br\/?p=85821"},"modified":"2025-05-12T15:22:35","modified_gmt":"2025-05-12T18:22:35","slug":"na-china-governador-jeronimo-rodrigues-apresenta-potencial-da-bahia-para-receber-investimentos-em-tecnologia","status":"publish","type":"post","link":"https:\/\/noticiasbahia360.com.br\/?p=85821","title":{"rendered":"Na China, governador Jer\u00f4nimo Rodrigues apresenta potencial da Bahia para receber investimentos em tecnologia"},"content":{"rendered":"<div>\n<div>\n<figure><img decoding=\"async\" src=\"http:\/\/noticiasbahia360.com.br\/wp-content\/uploads\/2025\/05\/Governador-da-Bahia.jpg\" alt=\"Na China, governador Jer\u00f4nimo Rodrigues apresenta potencial da Bahia para receber investimentos em tecnologia\"><figcaption>Foto: Daniel Sena\/ GOVBA<\/figcaption><\/figure>\n<\/div>\n<p>Em seu primeiro dia de trabalho na China, o governador Jer\u00f4nimo Rodrigues falou, nesta segunda-feira (12), para um p\u00fablico formado por cerca de 400 empres\u00e1rios chineses sobre o potencial energ\u00e9tico da <a href=\"https:\/\/www.acordacidade.com.br\/tag\/bahia\/\">Bahia<\/a> e o conjunto de oportunidades de investimentos em alta tecnologia que isso proporciona. Organizado pela Apex Brasil, ag\u00eancia brasileira de promo\u00e7\u00e3o de exporta\u00e7\u00f5es e investimentos, o Semin\u00e1rio Empresarial China \u2013 Brasil \u00e9 uma a\u00e7\u00e3o estrat\u00e9gica na busca de novos neg\u00f3cios e no fortalecimento das rela\u00e7\u00f5es bilaterais entre os dois pa\u00edses, que passa pela Bahia, estado que recebe alguns dos principais investimentos chineses no Brasil.<\/p>\n<p>O Semin\u00e1rio contou tamb\u00e9m com a participa\u00e7\u00e3o de autoridades governamentais e representantes ministeriais. Destaque na produ\u00e7\u00e3o de energia limpa, com 98% da energia produzida vindo de fontes renov\u00e1veis, a Bahia apresentou seu avan\u00e7o em transi\u00e7\u00e3o energ\u00e9tica e sustentabilidade. Jer\u00f4nimo Rodrigues refor\u00e7ou o protagonismo do estado nessa \u00e1rea, falou das qualidades da Bahia e como o estado se preparou para receber investimentos internacionais.<\/p>\n<figure class=\"wp-block-image size-large\"><img fetchpriority=\"high\" data-dominant-color=\"3c4486\" data-has-transparency=\"false\" style=\"--dominant-color: #3c4486;\" fetchpriority=\"high\" decoding=\"async\" width=\"1024\" height=\"544\" sizes=\"(max-width: 1024px) 100vw, 1024px\" src=\"http:\/\/noticiasbahia360.com.br\/wp-content\/uploads\/2025\/05\/k3vJuqab-seminario-empresarial-Jeronimo-Rodrigues-na-china-1024x544-1.webp\" alt=\"Na China, governador Jer\u00f4nimo Rodrigues apresenta potencial da Bahia para receber investimentos em tecnologia\" class=\"wp-image-552399 not-transparent\" srcset=\"https:\/\/uploads.acordacidade.com.br\/2025\/05\/k3vJuqab-seminario-empresarial-Jeronimo-Rodrigues-na-china-300x159.webp 300w, http:\/\/noticiasbahia360.com.br\/wp-content\/uploads\/2025\/05\/k3vJuqab-seminario-empresarial-Jeronimo-Rodrigues-na-china-1024x544-1.webp 1024w, https:\/\/uploads.acordacidade.com.br\/2025\/05\/k3vJuqab-seminario-empresarial-Jeronimo-Rodrigues-na-china-768x408.webp 768w, https:\/\/uploads.acordacidade.com.br\/2025\/05\/k3vJuqab-seminario-empresarial-Jeronimo-Rodrigues-na-china-150x80.webp 150w, https:\/\/uploads.acordacidade.com.br\/2025\/05\/k3vJuqab-seminario-empresarial-Jeronimo-Rodrigues-na-china.webp 1200w\"><figcaption class=\"wp-element-caption\">Foto: Daniel Sena\/ GOVBA<\/figcaption><\/figure>\n<p>\u201cEu fiz uma exposi\u00e7\u00e3o da experi\u00eancia nossa, nesses \u00faltimos 20 anos, o que a gente vem fazendo para construir um ambiente seguro de legisla\u00e7\u00e3o, pra quem quer investir e tem os incentivos fiscais, falei tamb\u00e9m de m\u00e3o de obra e da localiza\u00e7\u00e3o geogr\u00e1fica que a Bahia tem\u201d, destacou o chefe do executivo baiano.<\/p>\n<p>Destino de investimentos como a f\u00e1brica da BYD e da Goldwind, em Cama\u00e7ari, a Bahia atraiu o interesse de diversas empresas que procuraram a comitiva baiana com o objetivo de aprofundar discuss\u00f5es e obter mais detalhes sobre a possibilidade de investir no estado. A expectativa \u00e9 que o encontro resulte em avan\u00e7os nas \u00e1reas de qu\u00edmica e petroqu\u00edmica, inova\u00e7\u00e3o tecnol\u00f3gica, intelig\u00eancia artificial e desenvolvimento sustent\u00e1vel, abrindo caminho para uma nova fase de coopera\u00e7\u00e3o bilateral entre a Bahia e a China.<\/p>\n<p>\u201cEstou aqui representando o Brasil e a Bahia e buscando recursos para que possam ser investidos na Bahia, na gera\u00e7\u00e3o de emprego, renda, levando a marca do potencial da Bahia e do Brasil para o mundo\u201d, completou o governador.<\/p>\n<p>Antes do Semin\u00e1rio, o governador participou de tr\u00eas reuni\u00f5es com o presidente Lula e empresas que pretendem investir no Brasil. Uma delas, a Windey Energy, firmou parceria com o Senai-Cimatec para cria\u00e7\u00e3o de um centro de pesquisa e desenvolvimento em energia e\u00f3lica na Bahia. A iniciativa vai fomentar a colabora\u00e7\u00e3o tecnol\u00f3gica e desenvolver solu\u00e7\u00f5es inovadoras em energia renov\u00e1vel, como o armazenamento energ\u00e9tico e projetos de gera\u00e7\u00e3o h\u00edbrida, combinando energia e\u00f3lica e solar.<\/p>\n<p>No fim do dia, o governador prestigiou o encerramento do Semin\u00e1rio Empresarial China \u2013 Brasil, que contou com pronunciamento do presidente Lula aos empres\u00e1rios chineses. \u201cEsse f\u00f3rum \u00e9 mais uma demonstra\u00e7\u00e3o da import\u00e2ncia que damos \u00e0 rela\u00e7\u00e3o entre os nossos pa\u00edses. A constru\u00e7\u00e3o dessa alian\u00e7a econ\u00f4mica entre China e Brasil n\u00e3o tem retorno, daqui pra frente s\u00f3 vai fazer crescer. Queremos comprar mais e vender mais para a China\u201d, afirmou Lula.<\/p>\n<figure class=\"wp-block-image size-large\"><img data-dominant-color=\"3b4675\" data-has-transparency=\"false\" style=\"--dominant-color: #3b4675;\" decoding=\"async\" width=\"1024\" height=\"576\" sizes=\"(max-width: 1024px) 100vw, 1024px\" src=\"http:\/\/noticiasbahia360.com.br\/wp-content\/uploads\/2025\/05\/uUbONVHc-lula-na-China-1024x576-1.webp\" alt=\"Na China, governador Jer\u00f4nimo Rodrigues apresenta potencial da Bahia para receber investimentos em tecnologia\" class=\"wp-image-552400 not-transparent\" srcset=\"https:\/\/uploads.acordacidade.com.br\/2025\/05\/uUbONVHc-lula-na-China-300x169.webp 300w, http:\/\/noticiasbahia360.com.br\/wp-content\/uploads\/2025\/05\/uUbONVHc-lula-na-China-1024x576-1.webp 1024w, https:\/\/uploads.acordacidade.com.br\/2025\/05\/uUbONVHc-lula-na-China-768x432.webp 768w, https:\/\/uploads.acordacidade.com.br\/2025\/05\/uUbONVHc-lula-na-China-150x84.webp 150w, https:\/\/uploads.acordacidade.com.br\/2025\/05\/uUbONVHc-lula-na-China.webp 1280w\"><figcaption class=\"wp-element-caption\">Foto: Daniel Sena\/ GOVBA<\/figcaption><\/figure>\n<p><em>Siga o Acorda Cidade no<\/em><a href=\"https:\/\/news.google.com\/search?q=acorda%20cidade&amp;hl=pt-BR&amp;gl=BR&amp;ceid=BR%3Apt-419\"><strong><em>\u00a0Google Not\u00edcias<\/em><\/strong><\/a><em>\u00a0e receba os principais destaques do dia. Participe tamb\u00e9m dos nossos canais no\u00a0<\/em><a href=\"https:\/\/www.whatsapp.com\/channel\/0029Va6Rb4v3WHTNnsh8WI3N\"><strong><em>WhatsApp<\/em><\/strong><\/a><em>\u00a0e\u00a0<\/em><a href=\"https:\/\/www.youtube.com\/@acordacidadenoticias\/videos\"><strong>Youtube<\/strong><\/a><em>\u00a0e grupo de\u00a0<\/em><a href=\"https:\/\/t.me\/+sSz0khrgARA0ZmRh\"><strong><em>Telegram<\/em><\/strong><\/a><em>.<\/em><\/p>\n<\/div>\n","protected":false},"excerpt":{"rendered":"<div>\n<div>\n<figure><img decoding=\"async\" src=\"https:\/\/uploads.acordacidade.com.br\/2025\/05\/Governador-da-Bahia.jpg\" alt=\"Na China, governador Jer\u00f4nimo Rodrigues apresenta potencial da Bahia para receber investimentos em tecnologia\"><figcaption>Foto: Daniel Sena\/ GOVBA<\/figcaption><\/figure>\n<\/div>\n<p>O governador refor\u00e7ou o protagonismo da Bahia na produ\u00e7\u00e3o de energia limpa, o estado apresentou seu avan\u00e7o em transi\u00e7\u00e3o energ\u00e9tica e sustentabilidade.<\/p><\/div>\n","protected":false},"author":1,"featured_media":85822,"comment_status":"closed","ping_status":"closed","sticky":false,"template":"","format":"gallery","meta":{"footnotes":""},"categories":[8,9,6,57,56,10],"tags":[],"class_list":["post-85821","post","type-post","status-publish","format-gallery","has-post-thumbnail","hentry","category-bahia","category-brasil","category-feira-de-santana","category-mundo","category-policia","category-politica","post_format-post-format-gallery"],"featured_image_urls":{"full":["https:\/\/noticiasbahia360.com.br\/wp-content\/uploads\/2025\/05\/Governador-da-Bahia.jpg",1280,640,false],"thumbnail":["https:\/\/noticiasbahia360.com.br\/wp-content\/uploads\/2025\/05\/Governador-da-Bahia-150x150.jpg",150,150,true],"medium":["https:\/\/noticiasbahia360.com.br\/wp-content\/uploads\/2025\/05\/Governador-da-Bahia-300x150.jpg",300,150,true],"medium_large":["https:\/\/noticiasbahia360.com.br\/wp-content\/uploads\/2025\/05\/Governador-da-Bahia-768x384.jpg",640,320,true],"large":["https:\/\/noticiasbahia360.com.br\/wp-content\/uploads\/2025\/05\/Governador-da-Bahia-1024x512.jpg",640,320,true],"1536x1536":["https:\/\/noticiasbahia360.com.br\/wp-content\/uploads\/2025\/05\/Governador-da-Bahia.jpg",1280,640,false],"2048x2048":["https:\/\/noticiasbahia360.com.br\/wp-content\/uploads\/2025\/05\/Governador-da-Bahia.jpg",1280,640,false],"chromenews-featured":["https:\/\/noticiasbahia360.com.br\/wp-content\/uploads\/2025\/05\/Governador-da-Bahia-1024x512.jpg",1024,512,true],"chromenews-large":["https:\/\/noticiasbahia360.com.br\/wp-content\/uploads\/2025\/05\/Governador-da-Bahia-825x575.jpg",825,575,true],"chromenews-medium":["https:\/\/noticiasbahia360.com.br\/wp-content\/uploads\/2025\/05\/Governador-da-Bahia-590x410.jpg",590,410,true]},"author_info":{"display_name":"noticiasbahia360.com.br","author_link":"https:\/\/noticiasbahia360.com.br\/?author=1"},"category_info":"<a href=\"https:\/\/noticiasbahia360.com.br\/?cat=8\" rel=\"category\">Bahia<\/a> <a href=\"https:\/\/noticiasbahia360.com.br\/?cat=9\" rel=\"category\">Brasil<\/a> <a href=\"https:\/\/noticiasbahia360.com.br\/?cat=6\" rel=\"category\">Feira de Santana<\/a> <a href=\"https:\/\/noticiasbahia360.com.br\/?cat=57\" rel=\"category\">Mundo<\/a> <a href=\"https:\/\/noticiasbahia360.com.br\/?cat=56\" rel=\"category\">Pol\u00edcia<\/a> <a href=\"https:\/\/noticiasbahia360.com.br\/?cat=10\" rel=\"category\">Pol\u00edtica<\/a>","tag_info":"Pol\u00edtica","comment_count":"0","_links":{"self":[{"href":"https:\/\/noticiasbahia360.com.br\/index.php?rest_route=\/wp\/v2\/posts\/85821","targetHints":{"allow":["GET"]}}],"collection":[{"href":"https:\/\/noticiasbahia360.com.br\/index.php?rest_route=\/wp\/v2\/posts"}],"about":[{"href":"https:\/\/noticiasbahia360.com.br\/index.php?rest_route=\/wp\/v2\/types\/post"}],"author":[{"embeddable":true,"href":"https:\/\/noticiasbahia360.com.br\/index.php?rest_route=\/wp\/v2\/users\/1"}],"replies":[{"embeddable":true,"href":"https:\/\/noticiasbahia360.com.br\/index.php?rest_route=%2Fwp%2Fv2%2Fcomments&post=85821"}],"version-history":[{"count":0,"href":"https:\/\/noticiasbahia360.com.br\/index.php?rest_route=\/wp\/v2\/posts\/85821\/revisions"}],"wp:featuredmedia":[{"embeddable":true,"href":"https:\/\/noticiasbahia360.com.br\/index.php?rest_route=\/wp\/v2\/media\/85822"}],"wp:attachment":[{"href":"https:\/\/noticiasbahia360.com.br\/index.php?rest_route=%2Fwp%2Fv2%2Fmedia&parent=85821"}],"wp:term":[{"taxonomy":"category","embeddable":true,"href":"https:\/\/noticiasbahia360.com.br\/index.php?rest_route=%2Fwp%2Fv2%2Fcategories&post=85821"},{"taxonomy":"post_tag","embeddable":true,"href":"https:\/\/noticiasbahia360.com.br\/index.php?rest_route=%2Fwp%2Fv2%2Ftags&post=85821"}],"curies":[{"name":"wp","href":"https:\/\/api.w.org\/{rel}","templated":true}]}}