{"id":85825,"date":"2025-05-12T15:31:10","date_gmt":"2025-05-12T18:31:10","guid":{"rendered":"https:\/\/noticiasbahia360.com.br\/?p=85825"},"modified":"2025-05-12T15:31:10","modified_gmt":"2025-05-12T18:31:10","slug":"juscelino-brito-sera-homenageado-com-a-comenda-maria-quiteria","status":"publish","type":"post","link":"https:\/\/noticiasbahia360.com.br\/?p=85825","title":{"rendered":"Juscelino Brito ser\u00e1 homenageado com a Comenda Maria Quit\u00e9ria"},"content":{"rendered":"<div>\n<div>\n<figure><img decoding=\"async\" src=\"http:\/\/noticiasbahia360.com.br\/wp-content\/uploads\/2025\/05\/Juscelino-Brito.jpeg\" alt=\"Juscelino Brito\"><figcaption>Juscelino Brito | Foto: Arquivo Pessoal<\/figcaption><\/figure>\n<\/div>\n<p>O <strong><a href=\"https:\/\/www.acordacidade.com.br\/tag\/empresario\/\">empres\u00e1rio<\/a><\/strong> do ramo farmac\u00eautico, com mais de tr\u00eas d\u00e9cadas de atua\u00e7\u00e3o em <strong><a href=\"https:\/\/www.acordacidade.com.br\/tag\/feira-de-santana\/\">Feira de Santana<\/a><\/strong>, Juscelino Brito de Oliveira ser\u00e1 homenageado com a Comenda Maria Quit\u00e9ria, a mais alta honraria concedida pela C\u00e2mara Municipal de Feira de Santana. <\/p>\n<p>A sess\u00e3o solene acontecer\u00e1 nesta ter\u00e7a-feira, 14 de maio, \u00e0s 19h, no plen\u00e1rio da Casa Legislativa.<\/p>\n<h2 class=\"wp-block-heading\" id=\"h-homenagem-a-juscelino-brito\">Homenagem a Juscelino Brito<\/h2>\n<p>Reconhecido por sua atua\u00e7\u00e3o comprometida com o desenvolvimento econ\u00f4mico da cidade, com <strong>16 farm\u00e1cias em Feira de Santana e uma unidade no munic\u00edpio de Concei\u00e7\u00e3o do Jacu\u00edpe<\/strong>, o <strong>empres\u00e1rio<\/strong> celebra esse momento com alegria e gratid\u00e3o. Em convite aberto, ele destacou a import\u00e2ncia de compartilhar essa conquista com todos que fazem parte de sua trajet\u00f3ria.<\/p>\n<p>\u201cGostaria muito de contar com a presen\u00e7a de <strong><a href=\"https:\/\/www.acordacidade.com.br\/tag\/amigos\/\">amigos<\/a><\/strong>, parceiros e familiares nessa sess\u00e3o solene t\u00e3o especial. Sua presen\u00e7a tornar\u00e1 esse momento ainda mais significativo e, juntos, vamos celebrar essa conquista que tamb\u00e9m \u00e9 de todos que acreditam em um futuro melhor para Feira!\u201d, destacou.<\/p>\n<figure class=\"wp-block-image size-large\"><img fetchpriority=\"high\" data-dominant-color=\"60a28e\" data-has-transparency=\"false\" style=\"--dominant-color: #60a28e;\" fetchpriority=\"high\" decoding=\"async\" width=\"1024\" height=\"441\" sizes=\"(max-width: 1024px) 100vw, 1024px\" src=\"http:\/\/noticiasbahia360.com.br\/wp-content\/uploads\/2025\/05\/mbGFXgCY-Comenda-Brito-Foto-divulgacao-1024x441-1.webp\" alt=\"Comenda - Brito \" class=\"wp-image-552369 not-transparent\" srcset=\"https:\/\/uploads.acordacidade.com.br\/2025\/05\/mbGFXgCY-Comenda-Brito-Foto-divulgacao-300x129.webp 300w, http:\/\/noticiasbahia360.com.br\/wp-content\/uploads\/2025\/05\/mbGFXgCY-Comenda-Brito-Foto-divulgacao-1024x441-1.webp 1024w, https:\/\/uploads.acordacidade.com.br\/2025\/05\/mbGFXgCY-Comenda-Brito-Foto-divulgacao-768x331.webp 768w, https:\/\/uploads.acordacidade.com.br\/2025\/05\/mbGFXgCY-Comenda-Brito-Foto-divulgacao-150x65.webp 150w, https:\/\/uploads.acordacidade.com.br\/2025\/05\/mbGFXgCY-Comenda-Brito-Foto-divulgacao.webp 1200w\"><figcaption class=\"wp-element-caption\">Foto: Divulga\u00e7\u00e3o <\/figcaption><\/figure>\n<p><a href=\"https:\/\/docs.google.com\/forms\/d\/15xn2nweebNgpYH9gk_HD54PaxQeeTsF06rSLtt1FdVE\/viewform?edit_requested=true\">Clicando aqui voc\u00ea pode confirmar sua presen\u00e7a.<\/a><\/p>\n<p><em>Siga o Acorda Cidade no<\/em><a href=\"https:\/\/news.google.com\/search?q=acorda%20cidade&amp;hl=pt-BR&amp;gl=BR&amp;ceid=BR%3Apt-419\"><strong><em>\u00a0Google Not\u00edcias<\/em><\/strong><\/a><em>\u00a0e receba os principais destaques do dia. Participe tamb\u00e9m dos nossos canais no\u00a0<\/em><a href=\"https:\/\/www.whatsapp.com\/channel\/0029Va6Rb4v3WHTNnsh8WI3N\"><strong><em>WhatsApp<\/em><\/strong><\/a><em>\u00a0e\u00a0<\/em><a href=\"https:\/\/www.youtube.com\/@acordacidadenoticias\/videos\"><strong>YouTube<\/strong><\/a><em>\u00a0e do grupo no\u00a0<\/em><a href=\"https:\/\/t.me\/+sSz0khrgARA0ZmRh\"><strong><em>Telegram<\/em><\/strong><\/a><\/p>\n<\/div>\n","protected":false},"excerpt":{"rendered":"<div>\n<div>\n<figure><img decoding=\"async\" src=\"https:\/\/uploads.acordacidade.com.br\/2025\/02\/Juscelino-Brito.jpeg\" alt=\"Juscelino Brito\"><figcaption>Juscelino Brito | Foto: Arquivo Pessoal<\/figcaption><\/figure>\n<\/div>\n<p>A sess\u00e3o solene acontecer\u00e1 na C\u00e2mara Municipal de Feira de Santana, nesta ter\u00e7a-feira, \u00e0s 19h.<\/p><\/div>\n","protected":false},"author":1,"featured_media":85826,"comment_status":"closed","ping_status":"closed","sticky":false,"template":"","format":"gallery","meta":{"footnotes":""},"categories":[8,9,6,57,56,10],"tags":[],"class_list":["post-85825","post","type-post","status-publish","format-gallery","has-post-thumbnail","hentry","category-bahia","category-brasil","category-feira-de-santana","category-mundo","category-policia","category-politica","post_format-post-format-gallery"],"featured_image_urls":{"full":["https:\/\/noticiasbahia360.com.br\/wp-content\/uploads\/2025\/05\/Juscelino-Brito.jpeg",1920,1338,false],"thumbnail":["https:\/\/noticiasbahia360.com.br\/wp-content\/uploads\/2025\/05\/Juscelino-Brito-150x150.jpeg",150,150,true],"medium":["https:\/\/noticiasbahia360.com.br\/wp-content\/uploads\/2025\/05\/Juscelino-Brito-300x209.jpeg",300,209,true],"medium_large":["https:\/\/noticiasbahia360.com.br\/wp-content\/uploads\/2025\/05\/Juscelino-Brito-768x535.jpeg",640,446,true],"large":["https:\/\/noticiasbahia360.com.br\/wp-content\/uploads\/2025\/05\/Juscelino-Brito-1024x714.jpeg",640,446,true],"1536x1536":["https:\/\/noticiasbahia360.com.br\/wp-content\/uploads\/2025\/05\/Juscelino-Brito-1536x1070.jpeg",1536,1070,true],"2048x2048":["https:\/\/noticiasbahia360.com.br\/wp-content\/uploads\/2025\/05\/Juscelino-Brito.jpeg",1920,1338,false],"chromenews-featured":["https:\/\/noticiasbahia360.com.br\/wp-content\/uploads\/2025\/05\/Juscelino-Brito-1024x714.jpeg",1024,714,true],"chromenews-large":["https:\/\/noticiasbahia360.com.br\/wp-content\/uploads\/2025\/05\/Juscelino-Brito-825x575.jpeg",825,575,true],"chromenews-medium":["https:\/\/noticiasbahia360.com.br\/wp-content\/uploads\/2025\/05\/Juscelino-Brito-590x410.jpeg",590,410,true]},"author_info":{"display_name":"noticiasbahia360.com.br","author_link":"https:\/\/noticiasbahia360.com.br\/?author=1"},"category_info":"<a href=\"https:\/\/noticiasbahia360.com.br\/?cat=8\" rel=\"category\">Bahia<\/a> <a href=\"https:\/\/noticiasbahia360.com.br\/?cat=9\" rel=\"category\">Brasil<\/a> <a href=\"https:\/\/noticiasbahia360.com.br\/?cat=6\" rel=\"category\">Feira de Santana<\/a> <a href=\"https:\/\/noticiasbahia360.com.br\/?cat=57\" rel=\"category\">Mundo<\/a> <a href=\"https:\/\/noticiasbahia360.com.br\/?cat=56\" rel=\"category\">Pol\u00edcia<\/a> <a href=\"https:\/\/noticiasbahia360.com.br\/?cat=10\" rel=\"category\">Pol\u00edtica<\/a>","tag_info":"Pol\u00edtica","comment_count":"0","_links":{"self":[{"href":"https:\/\/noticiasbahia360.com.br\/index.php?rest_route=\/wp\/v2\/posts\/85825","targetHints":{"allow":["GET"]}}],"collection":[{"href":"https:\/\/noticiasbahia360.com.br\/index.php?rest_route=\/wp\/v2\/posts"}],"about":[{"href":"https:\/\/noticiasbahia360.com.br\/index.php?rest_route=\/wp\/v2\/types\/post"}],"author":[{"embeddable":true,"href":"https:\/\/noticiasbahia360.com.br\/index.php?rest_route=\/wp\/v2\/users\/1"}],"replies":[{"embeddable":true,"href":"https:\/\/noticiasbahia360.com.br\/index.php?rest_route=%2Fwp%2Fv2%2Fcomments&post=85825"}],"version-history":[{"count":0,"href":"https:\/\/noticiasbahia360.com.br\/index.php?rest_route=\/wp\/v2\/posts\/85825\/revisions"}],"wp:featuredmedia":[{"embeddable":true,"href":"https:\/\/noticiasbahia360.com.br\/index.php?rest_route=\/wp\/v2\/media\/85826"}],"wp:attachment":[{"href":"https:\/\/noticiasbahia360.com.br\/index.php?rest_route=%2Fwp%2Fv2%2Fmedia&parent=85825"}],"wp:term":[{"taxonomy":"category","embeddable":true,"href":"https:\/\/noticiasbahia360.com.br\/index.php?rest_route=%2Fwp%2Fv2%2Fcategories&post=85825"},{"taxonomy":"post_tag","embeddable":true,"href":"https:\/\/noticiasbahia360.com.br\/index.php?rest_route=%2Fwp%2Fv2%2Ftags&post=85825"}],"curies":[{"name":"wp","href":"https:\/\/api.w.org\/{rel}","templated":true}]}}