{"id":85828,"date":"2025-05-12T15:49:30","date_gmt":"2025-05-12T18:49:30","guid":{"rendered":"https:\/\/noticiasbahia360.com.br\/?p=85828"},"modified":"2025-05-12T15:49:30","modified_gmt":"2025-05-12T18:49:30","slug":"papa-leao-xiv-agradece-aos-jornalistas-pelo-servico-a-verdade","status":"publish","type":"post","link":"https:\/\/noticiasbahia360.com.br\/?p=85828","title":{"rendered":"Papa Le\u00e3o XIV agradece aos jornalistas pelo \u201cservi\u00e7o \u00e0 verdade\u201d"},"content":{"rendered":"<div>\n<div>\n<figure><img decoding=\"async\" src=\"http:\/\/noticiasbahia360.com.br\/wp-content\/uploads\/2025\/05\/Papa-Leao-14-4.jpg\" alt=\"Papa Le\u00e3o XIV agradece aos jornalistas pelo \" servi verdade><figcaption>Foto: Reprodu\u00e7\u00e3o\/ Vatican News<br \/>\n<\/figcaption><\/figure>\n<\/div>\n<p>O Papa Le\u00e3o XIV encontrou-se, nesta segunda-feira (12\/05), na Sala Paulo VI, no Vaticano, com a imprensa mundial.<\/p>\n<blockquote class=\"wp-block-quote is-layout-flow wp-block-quote-is-layout-flow\">\n<p>\u201cDou-lhes as boas-vindas, representantes da m\u00eddia de todo o mundo. Agrade\u00e7o o trabalho que realizaram e realizam neste tempo que, para a Igreja, \u00e9 essencialmente um tempo de Gra\u00e7a.\u201d<\/p>\n<\/blockquote>\n<p>Depois dessas palavras de boas-vindas no in\u00edcio de seu discurso, Le\u00e3o XIV prosseguiu, citando o \u201cSerm\u00e3o da Montanha\u201d, no Evangelho de Mateus, em que Jesus proclamou: \u201cFelizes os que promovem a paz\u201d.<\/p>\n<h2 class=\"wp-block-heading\" id=\"h-o-modo-como-comunicamos-e-de-fundamental-importancia\">O modo como comunicamos \u00e9 de fundamental import\u00e2ncia<\/h2>\n<p>Segundo o Pont\u00edfice, esta \u00e9 uma bem-aventuran\u00e7a que nos interpela a todos e chama quem trabalha nos meios de comunica\u00e7\u00e3o \u201cao compromisso de levar adiante uma forma de comunica\u00e7\u00e3o diferente, que n\u00e3o busque o consenso a todo custo, n\u00e3o se revista de palavras agressivas, n\u00e3o abrace o modelo da competi\u00e7\u00e3o, n\u00e3o separe nunca a busca da verdade do amor com que devemos humildemente busc\u00e1-la\u201d.<\/p>\n<blockquote class=\"wp-block-quote is-layout-flow wp-block-quote-is-layout-flow\">\n<p>\u201cA paz come\u00e7a em cada um de n\u00f3s: no modo como olhamos os outros, ouvimos os outros, falamos dos outros. Neste sentido, o modo como comunicamos \u00e9 de fundamental import\u00e2ncia: devemos dizer \u201cn\u00e3o\u201d \u00e0 guerra das palavras e das imagens, devemos rejeitar o paradigma da guerra.\u201d<\/p>\n<\/blockquote>\n<figure class=\"wp-block-image size-full\"><img fetchpriority=\"high\" data-dominant-color=\"323134\" data-has-transparency=\"false\" style=\"--dominant-color: #323134;\" fetchpriority=\"high\" decoding=\"async\" width=\"936\" height=\"616\" sizes=\"(max-width: 936px) 100vw, 936px\" src=\"http:\/\/noticiasbahia360.com.br\/wp-content\/uploads\/2025\/05\/hQn1ZU5l-Papa-Leao-14-5.webp\" alt='Papa Le\u00e3o XIV agradece aos jornalistas pelo \"servi\u00e7o \u00e0 verdade\"' class=\"wp-image-552429 not-transparent\" srcset=\"https:\/\/uploads.acordacidade.com.br\/2025\/05\/hQn1ZU5l-Papa-Leao-14-5-300x197.webp 300w, https:\/\/uploads.acordacidade.com.br\/2025\/05\/hQn1ZU5l-Papa-Leao-14-5-768x505.webp 768w, https:\/\/uploads.acordacidade.com.br\/2025\/05\/hQn1ZU5l-Papa-Leao-14-5-150x99.webp 150w, http:\/\/noticiasbahia360.com.br\/wp-content\/uploads\/2025\/05\/hQn1ZU5l-Papa-Leao-14-5.webp 936w\"><figcaption class=\"wp-element-caption\">Foto: Reprodu\u00e7\u00e3o\/ Vatican News<br \/>\n<\/figcaption><\/figure>\n<h2 class=\"wp-block-heading\" id=\"h-a-solidariedade-da-igreja-aos-jornalistas-presos\">A solidariedade da Igreja aos jornalistas presos<\/h2>\n<p>A seguir, Le\u00e3o XIV reiterou \u201ca solidariedade da Igreja aos jornalistas presos por terem buscado e relatado a verdade\u201d, pedindo sua liberta\u00e7\u00e3o.<\/p>\n<blockquote class=\"wp-block-quote is-layout-flow wp-block-quote-is-layout-flow\">\n<p>\u201cA Igreja reconhece nestas testemunhas, penso naqueles que relatam a guerra mesmo \u00e0 custa da pr\u00f3pria vida, a coragem de quem defende a dignidade, a justi\u00e7a e o direito dos povos \u00e0 informa\u00e7\u00e3o, porque s\u00f3 os povos informados podem fazer escolhas livres. O sofrimento destes jornalistas presos interpela a consci\u00eancia das Na\u00e7\u00f5es e da Comunidade internacional, chamando-nos a todos a salvaguardar o bem precioso da liberdade de express\u00e3o e de imprensa.\u201d<\/p>\n<\/blockquote>\n<h2 class=\"wp-block-heading\" id=\"h-agradecimento-pelo-servico-a-verdade\">Agradecimento pelo \u201cservi\u00e7o \u00e0 verdade\u201d<\/h2>\n<p>A seguir, Le\u00e3o XIV agradeceu aos comunicadores pelo seu \u201cservi\u00e7o \u00e0 verdade\u201d.<\/p>\n<blockquote class=\"wp-block-quote is-layout-flow wp-block-quote-is-layout-flow\">\n<p>\u201cVoc\u00eas estiveram em Roma nestas semanas para contar a Igreja, a sua variedade e, ao mesmo tempo, a sua unidade. Voc\u00eas acompanharam os ritos da Semana Santa; depois, contaram a hist\u00f3ria da dor pela morte do Papa Francisco, que, no entanto, ocorreu \u00e0 luz da P\u00e1scoa. Essa mesma f\u00e9 pascal nos introduziu no esp\u00edrito do Conclave, que os viu particularmente ocupados em dias cansativos; e, tamb\u00e9m nessa ocasi\u00e3o, voc\u00eas conseguiram narrar a beleza do amor de Cristo que nos une a todos e nos torna um s\u00f3 povo, guiados pelo Bom Pastor.\u201d<\/p>\n<\/blockquote>\n<figure class=\"wp-block-image size-full\"><img data-dominant-color=\"4e4f51\" data-has-transparency=\"false\" style=\"--dominant-color: #4e4f51;\" decoding=\"async\" width=\"999\" height=\"620\" sizes=\"(max-width: 999px) 100vw, 999px\" src=\"http:\/\/noticiasbahia360.com.br\/wp-content\/uploads\/2025\/05\/TWdPsbeg-Papa-Leao-14-6.webp\" alt=\"Papa\" class=\"wp-image-552430 not-transparent\" srcset=\"https:\/\/uploads.acordacidade.com.br\/2025\/05\/TWdPsbeg-Papa-Leao-14-6-300x186.webp 300w, https:\/\/uploads.acordacidade.com.br\/2025\/05\/TWdPsbeg-Papa-Leao-14-6-768x477.webp 768w, https:\/\/uploads.acordacidade.com.br\/2025\/05\/TWdPsbeg-Papa-Leao-14-6-150x93.webp 150w, http:\/\/noticiasbahia360.com.br\/wp-content\/uploads\/2025\/05\/TWdPsbeg-Papa-Leao-14-6.webp 999w\"><figcaption class=\"wp-element-caption\">Foto: Reprodu\u00e7\u00e3o\/ Vatican News<br \/>\n<\/figcaption><\/figure>\n<h2 class=\"wp-block-heading\" id=\"h-uma-comunicacao-capaz-de-nos-tirar-da-torre-de-babel\">Uma comunica\u00e7\u00e3o capaz de nos tirar da \u201cTorre de Babel\u201d<\/h2>\n<p>Le\u00e3o XIV recordou, em seu discurso, que \u201cvivemos tempos dif\u00edceis de percorrer e contar, que s\u00e3o um desafio para todos n\u00f3s e dos quais n\u00e3o devemos fugir. Pelo contr\u00e1rio, pedem a cada um de n\u00f3s, em nossos diferentes pap\u00e9is e servi\u00e7os, para nunca ceder \u00e0 mediocridade. A Igreja deve aceitar o desafio dos tempos e, da mesma forma, n\u00e3o pode haver comunica\u00e7\u00e3o e jornalismo fora do tempo e da hist\u00f3ria. Como nos lembra Santo Agostinho, que disse: \u00abVivamos bem e os tempos ser\u00e3o bons. N\u00f3s somos os tempos\u00bb\u201d.<\/p>\n<p>Segundo o Papa Le\u00e3o XIV, \u201cum dos desafios mais importantes hoje \u00e9 promover uma comunica\u00e7\u00e3o capaz de nos tirar da \u201cTorre de Babel\u201d em que \u00e0s vezes nos encontramos, da confus\u00e3o de linguagens sem amor, muitas vezes ideol\u00f3gicas ou tendenciosas. Por isso, o seu servi\u00e7o, com as palavras que voc\u00eas usam e o estilo que voc\u00eas adotam, \u00e9 importante\u201d.<\/p>\n<h2 class=\"wp-block-heading\" id=\"h-comunicacao-criacao-de-ambientes-humanos-e-digitais\">Comunica\u00e7\u00e3o, cria\u00e7\u00e3o de ambientes humanos e digitais<\/h2>\n<p>\u201cA comunica\u00e7\u00e3o, de fato\u201d, disse o Pont\u00edfice, \u201cn\u00e3o \u00e9 apenas a transmiss\u00e3o de informa\u00e7\u00f5es, mas a cria\u00e7\u00e3o de uma cultura, de ambientes humanos e digitais que se tornam espa\u00e7os de di\u00e1logo e discuss\u00e3o\u201d.<\/p>\n<blockquote class=\"wp-block-quote is-layout-flow wp-block-quote-is-layout-flow\">\n<p>\u201cOlhando para a evolu\u00e7\u00e3o tecnol\u00f3gica, essa miss\u00e3o se torna ainda mais necess\u00e1ria. Penso, em particular, na intelig\u00eancia artificial com seu imenso potencial, que exige, no entanto, responsabilidade e discernimento para orientar os instrumentos para o bem de todos, para que possam produzir benef\u00edcios para a humanidade. Essa responsabilidade diz respeito a todos, na propor\u00e7\u00e3o da idade e dos pap\u00e9is sociais.\u201d<\/p>\n<\/blockquote>\n<p>\u201cQueridos amigos, com o tempo aprenderemos a conhecer-nos melhor. Vivemos, podemos dizer juntos, dias realmente especiais\u201d, partilhados \u201cpor todos os meios de comunica\u00e7\u00e3o: TV, r\u00e1dio, internet, redes sociais\u201d.<\/p>\n<figure class=\"wp-block-image size-full\"><img data-dominant-color=\"625f60\" data-has-transparency=\"false\" style=\"--dominant-color: #625f60;\" decoding=\"async\" width=\"884\" height=\"559\" sizes=\"(max-width: 884px) 100vw, 884px\" src=\"http:\/\/noticiasbahia360.com.br\/wp-content\/uploads\/2025\/05\/HGhlUmD4-Papa-Leao.webp\" alt=\"Papa Le\u00e3o 14\" class=\"wp-image-552433 not-transparent\" srcset=\"https:\/\/uploads.acordacidade.com.br\/2025\/05\/HGhlUmD4-Papa-Leao-300x190.webp 300w, https:\/\/uploads.acordacidade.com.br\/2025\/05\/HGhlUmD4-Papa-Leao-768x486.webp 768w, https:\/\/uploads.acordacidade.com.br\/2025\/05\/HGhlUmD4-Papa-Leao-150x95.webp 150w, http:\/\/noticiasbahia360.com.br\/wp-content\/uploads\/2025\/05\/HGhlUmD4-Papa-Leao.webp 884w\"><figcaption class=\"wp-element-caption\">Foto: Reprodu\u00e7\u00e3o\/ Vatican News<br \/>\n<\/figcaption><\/figure>\n<h2 class=\"wp-block-heading\" id=\"h-desarmar-a-comunicacao-do-odio-e-do-preconceito\">Desarmar a comunica\u00e7\u00e3o do \u00f3dio e do preconceito<\/h2>\n<p>\u201cGostaria que cada um de n\u00f3s pudesse dizer deles que eles nos revelaram um pouco do mist\u00e9rio da nossa humanidade e que nos deixaram um desejo de amor e de paz\u201d, disse o Papa Le\u00e3o XIV, recordando o convite do Papa Francisco em sua \u00faltima mensagem para o pr\u00f3ximo Dia Mundial das Comunica\u00e7\u00f5es Sociais, celebrado em 1\u00ba de junho pr\u00f3ximo:<\/p>\n<blockquote class=\"wp-block-quote is-layout-flow wp-block-quote-is-layout-flow\">\n<p>\u201cDesarmemos a comunica\u00e7\u00e3o de todo preconceito, rancor, fanatismo e \u00f3dio; purifiquemo-la da agressividade. N\u00e3o precisamos de uma comunica\u00e7\u00e3o estrondosa e muscular, mas de uma comunica\u00e7\u00e3o capaz de ouvir, de acolher a voz dos fr\u00e1geis que n\u00e3o t\u00eam voz. Desarmemos as palavras e ajudaremos a desarmar a Terra. Uma comunica\u00e7\u00e3o desarmada e desarmante permite-nos partilhar uma vis\u00e3o diferente do mundo e agir de modo coerente com a nossa dignidade humana.\u201d<\/p>\n<\/blockquote>\n<p>\u201cVoc\u00eas est\u00e3o na linha de frente narrando conflitos e esperan\u00e7as de paz, situa\u00e7\u00f5es de injusti\u00e7a e pobreza, e o trabalho silencioso de muitos por um mundo melhor. Por isso, pe\u00e7o-lhes que escolham com consci\u00eancia e coragem o caminho da comunica\u00e7\u00e3o da paz\u201d, concluiu o Papa Le\u00e3o XIV.<\/p>\n<p><em>Fonte: Vatican News<\/em><\/p>\n<p><em>Siga o Acorda Cidade no<\/em><a href=\"https:\/\/news.google.com\/search?q=acorda%20cidade&amp;hl=pt-BR&amp;gl=BR&amp;ceid=BR%3Apt-419\"><strong><em>\u00a0Google Not\u00edcias<\/em><\/strong><\/a><em>\u00a0e receba os principais destaques do dia. Participe tamb\u00e9m dos nossos canais no\u00a0<\/em><a href=\"https:\/\/www.whatsapp.com\/channel\/0029Va6Rb4v3WHTNnsh8WI3N\"><strong><em>WhatsApp<\/em><\/strong><\/a><em>\u00a0e\u00a0<\/em><a href=\"https:\/\/www.youtube.com\/@acordacidadenoticias\/videos\"><strong>Youtube<\/strong><\/a><em>\u00a0e grupo de\u00a0<\/em><a href=\"https:\/\/t.me\/+sSz0khrgARA0ZmRh\"><strong><em>Telegram<\/em><\/strong><\/a><em>.<\/em><\/p>\n<\/div>\n","protected":false},"excerpt":{"rendered":"<div>\n<div>\n<figure><img decoding=\"async\" src=\"https:\/\/uploads.acordacidade.com.br\/2025\/05\/Papa-Leao-14-4.jpg\" alt=\"Papa Le\u00e3o XIV agradece aos jornalistas pelo \"><figcaption>Foto: Reprodu\u00e7\u00e3o\/ Vatican News<br \/>\n<\/figcaption><\/figure>\n<\/div>\n<p>&#8220;Dou-lhes as boas-vindas, representantes da m\u00eddia de todo o mundo. Agrade\u00e7o o trabalho que realizaram e realizam neste tempo que, para a Igreja, \u00e9 essencialmente um tempo de Gra\u00e7a&#8221;, disse o Papa Le\u00e3o XIV durante o encontro com a imprensa mundial.<\/p><\/div>\n","protected":false},"author":1,"featured_media":85829,"comment_status":"closed","ping_status":"closed","sticky":false,"template":"","format":"gallery","meta":{"footnotes":""},"categories":[8,9,6,57,56,10],"tags":[],"class_list":["post-85828","post","type-post","status-publish","format-gallery","has-post-thumbnail","hentry","category-bahia","category-brasil","category-feira-de-santana","category-mundo","category-policia","category-politica","post_format-post-format-gallery"],"featured_image_urls":{"full":["https:\/\/noticiasbahia360.com.br\/wp-content\/uploads\/2025\/05\/Papa-Leao-14-4.jpg",1059,643,false],"thumbnail":["https:\/\/noticiasbahia360.com.br\/wp-content\/uploads\/2025\/05\/Papa-Leao-14-4-150x150.jpg",150,150,true],"medium":["https:\/\/noticiasbahia360.com.br\/wp-content\/uploads\/2025\/05\/Papa-Leao-14-4-300x182.jpg",300,182,true],"medium_large":["https:\/\/noticiasbahia360.com.br\/wp-content\/uploads\/2025\/05\/Papa-Leao-14-4-768x466.jpg",640,388,true],"large":["https:\/\/noticiasbahia360.com.br\/wp-content\/uploads\/2025\/05\/Papa-Leao-14-4-1024x622.jpg",640,389,true],"1536x1536":["https:\/\/noticiasbahia360.com.br\/wp-content\/uploads\/2025\/05\/Papa-Leao-14-4.jpg",1059,643,false],"2048x2048":["https:\/\/noticiasbahia360.com.br\/wp-content\/uploads\/2025\/05\/Papa-Leao-14-4.jpg",1059,643,false],"chromenews-featured":["https:\/\/noticiasbahia360.com.br\/wp-content\/uploads\/2025\/05\/Papa-Leao-14-4-1024x622.jpg",1024,622,true],"chromenews-large":["https:\/\/noticiasbahia360.com.br\/wp-content\/uploads\/2025\/05\/Papa-Leao-14-4-825x575.jpg",825,575,true],"chromenews-medium":["https:\/\/noticiasbahia360.com.br\/wp-content\/uploads\/2025\/05\/Papa-Leao-14-4-590x410.jpg",590,410,true]},"author_info":{"display_name":"noticiasbahia360.com.br","author_link":"https:\/\/noticiasbahia360.com.br\/?author=1"},"category_info":"<a href=\"https:\/\/noticiasbahia360.com.br\/?cat=8\" rel=\"category\">Bahia<\/a> <a href=\"https:\/\/noticiasbahia360.com.br\/?cat=9\" rel=\"category\">Brasil<\/a> <a href=\"https:\/\/noticiasbahia360.com.br\/?cat=6\" rel=\"category\">Feira de Santana<\/a> <a href=\"https:\/\/noticiasbahia360.com.br\/?cat=57\" rel=\"category\">Mundo<\/a> <a href=\"https:\/\/noticiasbahia360.com.br\/?cat=56\" rel=\"category\">Pol\u00edcia<\/a> <a href=\"https:\/\/noticiasbahia360.com.br\/?cat=10\" rel=\"category\">Pol\u00edtica<\/a>","tag_info":"Pol\u00edtica","comment_count":"0","_links":{"self":[{"href":"https:\/\/noticiasbahia360.com.br\/index.php?rest_route=\/wp\/v2\/posts\/85828","targetHints":{"allow":["GET"]}}],"collection":[{"href":"https:\/\/noticiasbahia360.com.br\/index.php?rest_route=\/wp\/v2\/posts"}],"about":[{"href":"https:\/\/noticiasbahia360.com.br\/index.php?rest_route=\/wp\/v2\/types\/post"}],"author":[{"embeddable":true,"href":"https:\/\/noticiasbahia360.com.br\/index.php?rest_route=\/wp\/v2\/users\/1"}],"replies":[{"embeddable":true,"href":"https:\/\/noticiasbahia360.com.br\/index.php?rest_route=%2Fwp%2Fv2%2Fcomments&post=85828"}],"version-history":[{"count":0,"href":"https:\/\/noticiasbahia360.com.br\/index.php?rest_route=\/wp\/v2\/posts\/85828\/revisions"}],"wp:featuredmedia":[{"embeddable":true,"href":"https:\/\/noticiasbahia360.com.br\/index.php?rest_route=\/wp\/v2\/media\/85829"}],"wp:attachment":[{"href":"https:\/\/noticiasbahia360.com.br\/index.php?rest_route=%2Fwp%2Fv2%2Fmedia&parent=85828"}],"wp:term":[{"taxonomy":"category","embeddable":true,"href":"https:\/\/noticiasbahia360.com.br\/index.php?rest_route=%2Fwp%2Fv2%2Fcategories&post=85828"},{"taxonomy":"post_tag","embeddable":true,"href":"https:\/\/noticiasbahia360.com.br\/index.php?rest_route=%2Fwp%2Fv2%2Ftags&post=85828"}],"curies":[{"name":"wp","href":"https:\/\/api.w.org\/{rel}","templated":true}]}}