{"id":85833,"date":"2025-05-12T16:09:12","date_gmt":"2025-05-12T19:09:12","guid":{"rendered":"https:\/\/noticiasbahia360.com.br\/?p=85833"},"modified":"2025-05-12T16:09:12","modified_gmt":"2025-05-12T19:09:12","slug":"e-dor-nao-e-visivel-mas-a-luta-e-real-acao-social-no-centro-da-cidade-marca-o-dia-da-fibromialgia-em-feira-de-santana","status":"publish","type":"post","link":"https:\/\/noticiasbahia360.com.br\/?p=85833","title":{"rendered":"\u201c\u00c9 dor n\u00e3o \u00e9 vis\u00edvel, mas a luta \u00e9 real\u201d: A\u00e7\u00e3o Social no centro da cidade marca o Dia da Fibromialgia em Feira de Santana"},"content":{"rendered":"<div>\n<div>\n<figure><img decoding=\"async\" src=\"http:\/\/noticiasbahia360.com.br\/wp-content\/uploads\/2025\/05\/9p77Mi6s-Acao-Social-Fibromialgia-ft-ney-silva-acorda-cidade2.webp\" alt=\"A\u00e7\u00e3o Social - Fibromialgia\"><figcaption>Foto: Ney Silva\/Acorda Cidade<\/figcaption><\/figure>\n<\/div>\n<p>Pacientes, familiares, profissionais da sa\u00fade, entre outros, se reuniram por um bem maior nesta segunda-feira, 12 de maio, para chamar aten\u00e7\u00e3o para o <a href=\"https:\/\/www.acordacidade.com.br\/tag\/dia-nacional\/\"><strong>Dia Nacional<\/strong><\/a> de Conscientiza\u00e7\u00e3o e Enfrentamento da <a href=\"https:\/\/www.acordacidade.com.br\/tag\/fibromialgia\/\"><strong>Fibromialgia<\/strong><\/a>, doen\u00e7a cr\u00f4nica silenciosa que causa dores generalizadas em todo o corpo. A data institu\u00edda em 2021 por meio da Lei 14.233, foi marcada em Feira de Santana por a\u00e7\u00f5es sociais com a realiza\u00e7\u00e3o de palestras, consultas em v\u00e1rias \u00e1reas, orienta\u00e7\u00e3o jur\u00eddica, entre outros servi\u00e7os como massoterapia, yoga e auriculoterapia. O evento tamb\u00e9m distribuiu brindes e levantou o astral dos pacientes com din\u00e2micas educativas e divertidas.<\/p>\n<p>A a\u00e7\u00e3o, promovida pela Organiza\u00e7\u00e3o da Sociedade Civil \u201cAmor que Conforta\u201d (ONGAQC), foi realizada no Estacionamento da Prefeitura e contou com a colabora\u00e7\u00e3o de diversos profissionais. Entre eles estava <strong>Eliana Santana<\/strong>, presidente da Ong que ressaltou a import\u00e2ncia de alertar a popula\u00e7\u00e3o sobre as dificuldades enfrentadas por quem sofre com a doen\u00e7a.<\/p>\n<figure class=\"wp-block-image size-large\"><img fetchpriority=\"high\" data-dominant-color=\"807a7c\" data-has-transparency=\"false\" style=\"--dominant-color: #807a7c;\" fetchpriority=\"high\" decoding=\"async\" width=\"1024\" height=\"703\" sizes=\"(max-width: 1024px) 100vw, 1024px\" src=\"http:\/\/noticiasbahia360.com.br\/wp-content\/uploads\/2025\/05\/2beFuyRK-Acao-Social-Fibromialgia-ft-ney-silva-acorda-cidade1-1024x703-1.webp\" alt=\"A\u00e7\u00e3o Social - Fibromialgia\" class=\"wp-image-552448 not-transparent\" srcset=\"https:\/\/uploads.acordacidade.com.br\/2025\/05\/2beFuyRK-Acao-Social-Fibromialgia-ft-ney-silva-acorda-cidade1-300x206.webp 300w, http:\/\/noticiasbahia360.com.br\/wp-content\/uploads\/2025\/05\/2beFuyRK-Acao-Social-Fibromialgia-ft-ney-silva-acorda-cidade1-1024x703-1.webp 1024w, https:\/\/uploads.acordacidade.com.br\/2025\/05\/2beFuyRK-Acao-Social-Fibromialgia-ft-ney-silva-acorda-cidade1-768x527.webp 768w, https:\/\/uploads.acordacidade.com.br\/2025\/05\/2beFuyRK-Acao-Social-Fibromialgia-ft-ney-silva-acorda-cidade1-150x103.webp 150w, https:\/\/uploads.acordacidade.com.br\/2025\/05\/2beFuyRK-Acao-Social-Fibromialgia-ft-ney-silva-acorda-cidade1.webp 1200w\"><figcaption class=\"wp-element-caption\">Foto: Ney Silva\/Acorda Cidade<\/figcaption><\/figure>\n<p>\u201c\u00c9 atrav\u00e9s desses movimentos que a gente chama aten\u00e7\u00e3o da m\u00eddia, dos governantes, da popula\u00e7\u00e3o para conscientizar que Feira de Santana tem crescido o n\u00famero de pessoas com fibromialgia\u201d, disse ao Acorda Cidade.<\/p>\n<p>Segundo <strong>Eliana<\/strong>, a AQC abra\u00e7a atualmente 400 pacientes que possuem fibromialgia. Dados do munic\u00edpio revelam que h\u00e1 em toda cidade pelo menos 1.320 pessoas que possuem o cadastro na Secretaria de Sa\u00fade e que configuram pacientes com a <strong>doen\u00e7a<\/strong>, apesar disso, a contagem ainda \u00e9 subnotificada porque muitos outros ainda n\u00e3o adquiririam ou renovaram a carteira para usufruir dos direitos que j\u00e1 foram conquistados, como a gratuidade no transporte p\u00fablico.<\/p>\n<figure class=\"wp-block-image size-large\"><img data-dominant-color=\"8f8f97\" data-has-transparency=\"false\" style=\"--dominant-color: #8f8f97;\" decoding=\"async\" width=\"1024\" height=\"669\" sizes=\"(max-width: 1024px) 100vw, 1024px\" src=\"http:\/\/noticiasbahia360.com.br\/wp-content\/uploads\/2025\/05\/lLO1ZFqJ-Acao-Social-Fibromialgia-ft-ney-silva-acorda-cidade3-1024x669-1.webp\" alt=\"A\u00e7\u00e3o Social - Fibromialgia\" class=\"wp-image-552446 not-transparent\" srcset=\"https:\/\/uploads.acordacidade.com.br\/2025\/05\/lLO1ZFqJ-Acao-Social-Fibromialgia-ft-ney-silva-acorda-cidade3-300x196.webp 300w, http:\/\/noticiasbahia360.com.br\/wp-content\/uploads\/2025\/05\/lLO1ZFqJ-Acao-Social-Fibromialgia-ft-ney-silva-acorda-cidade3-1024x669-1.webp 1024w, https:\/\/uploads.acordacidade.com.br\/2025\/05\/lLO1ZFqJ-Acao-Social-Fibromialgia-ft-ney-silva-acorda-cidade3-768x502.webp 768w, https:\/\/uploads.acordacidade.com.br\/2025\/05\/lLO1ZFqJ-Acao-Social-Fibromialgia-ft-ney-silva-acorda-cidade3-150x98.webp 150w, https:\/\/uploads.acordacidade.com.br\/2025\/05\/lLO1ZFqJ-Acao-Social-Fibromialgia-ft-ney-silva-acorda-cidade3.webp 1200w\"><figcaption class=\"wp-element-caption\">Eliana Santana | Foto: Ney Silva\/Acorda Cidade<\/figcaption><\/figure>\n<p>\u201cTem que renovar o seu relat\u00f3rio m\u00e9dico porque depois de um ano j\u00e1 n\u00e3o tem validade. Ent\u00e3o, a gente agora tem um m\u00e9dico da dor l\u00e1, que est\u00e1 fazendo esse trabalho, est\u00e1 pegando esses relat\u00f3rios que j\u00e1 est\u00e3o vencidos e ele atualiza para justamente as pessoas fazerem a carteirinha. Esse n\u00famero a gente tem uma base assim, que chega a quase 2 mil pessoas em Feira.\u201d<\/p>\n<p><strong>Na <a href=\"https:\/\/www.acordacidade.com.br\/tag\/bahia\/\">Bahia<\/a>, assim como em diversos estados brasileiros, a fibromialgia j\u00e1 \u00e9 reconhecida como uma defici\u00eancia. A Lei estadual 5.376\/\/2024 tem o objetivo de garantir que os pacientes tenham os mesmos direitos e garantias assegurados \u00e0s pessoas com defici\u00eancia.<\/strong><\/p>\n<h2 class=\"wp-block-heading\">Impacto da Fibromialgia na Vida dos Pacientes<\/h2>\n<p><strong>Eliana<\/strong>, que tamb\u00e9m possui fibromialgia e artrite reumatoide, disse que sofre muito com a dor generalizada, a s\u00edndrome do intestino irrit\u00e1vel, al\u00e9m de problemas ligados \u00e0 autoestima e a sa\u00fade mental, como desenvolvimento da depress\u00e3o e outras doen\u00e7as ps\u00edquicas.<\/p>\n<p>\u201cO emocional \u00e9 afetado. A fibromialgia tem uma escala de tratamento que \u00e9 uma pir\u00e2mide. O primeiro passo \u00e9 o psiquiatra, psic\u00f3logo, a\u00ed vem m\u00e9dico, nutricionista, atividade f\u00edsica e a medica\u00e7\u00e3o\u201d, explicou a presidente ao Acorda Cidade.<\/p>\n<p>Quem tamb\u00e9m convive com essas dores \u00e9 <strong>Rosimeira Santos<\/strong>. Ela compareceu nesta tarde para acompanhar a a\u00e7\u00e3o social e contou ao Acorda Cidade o quanto a desinforma\u00e7\u00e3o entre as pessoas causa ainda mais danos para os pacientes que possuem a defici\u00eancia. H\u00e1 tr\u00eas anos ela est\u00e1 desempregada por conta da fibromialgia.<\/p>\n<figure class=\"wp-block-image size-large\"><img data-dominant-color=\"625d5c\" data-has-transparency=\"false\" style=\"--dominant-color: #625d5c;\" decoding=\"async\" width=\"1024\" height=\"720\" sizes=\"(max-width: 1024px) 100vw, 1024px\" src=\"http:\/\/noticiasbahia360.com.br\/wp-content\/uploads\/2025\/05\/OU1Du3v8-Acao-Social-Fibromialgia-ft-ney-silva-acorda-cidade8-1024x720-1.webp\" alt=\"A\u00e7\u00e3o Social - Fibromialgia\" class=\"wp-image-552441 not-transparent\" srcset=\"https:\/\/uploads.acordacidade.com.br\/2025\/05\/OU1Du3v8-Acao-Social-Fibromialgia-ft-ney-silva-acorda-cidade8-300x211.webp 300w, http:\/\/noticiasbahia360.com.br\/wp-content\/uploads\/2025\/05\/OU1Du3v8-Acao-Social-Fibromialgia-ft-ney-silva-acorda-cidade8-1024x720-1.webp 1024w, https:\/\/uploads.acordacidade.com.br\/2025\/05\/OU1Du3v8-Acao-Social-Fibromialgia-ft-ney-silva-acorda-cidade8-768x540.webp 768w, https:\/\/uploads.acordacidade.com.br\/2025\/05\/OU1Du3v8-Acao-Social-Fibromialgia-ft-ney-silva-acorda-cidade8-150x106.webp 150w, https:\/\/uploads.acordacidade.com.br\/2025\/05\/OU1Du3v8-Acao-Social-Fibromialgia-ft-ney-silva-acorda-cidade8.webp 1200w\"><figcaption class=\"wp-element-caption\">Rosimeira Santos | Foto: Ney Silva\/Acorda Cidade<\/figcaption><\/figure>\n<p>\u201c\u00c9 uma tristeza, porque al\u00e9m das dores, ainda tem a rejei\u00e7\u00e3o das pessoas. Elas n\u00e3o acreditam, por conta da nossa apar\u00eancia. Ainda semana passada eu escutei uma mo\u00e7a dizer que o que a gente tem \u00e9 frescura. Eu ainda n\u00e3o fui diagnosticada com depress\u00e3o, mas tenho ansiedade, fadiga, ins\u00f4nia, sonol\u00eancia, impaci\u00eancia. No trabalho prejudica muito. Falta de concentra\u00e7\u00e3o, porque quem tem a fibromialgia tamb\u00e9m t\u00eam enxaqueca\u201d, contou. Ela ainda explicou que somente a medica\u00e7\u00e3o ameniza apenas  cerca de 40% das dores que ela sente.<\/p>\n<p>A assistente financeira <strong>Patr\u00edcia Vasconcelos<\/strong> tamb\u00e9m confirmou o quanto \u00e9 desgastante, fisicamente, emocionalmente e socialmente para quem convive com a doen\u00e7a. Ela ressaltou a falta de apoio at\u00e9 mesmo do Sistema \u00danico de Sa\u00fade (Sus), que n\u00e3o consegue beneficiar os pacientes com a qualidade multidisciplinar dos atendimentos que todos os diagnosticados da cidade necessitam.<\/p>\n<figure class=\"wp-block-image size-large\"><img data-dominant-color=\"a19a97\" data-has-transparency=\"false\" style=\"--dominant-color: #a19a97;\" decoding=\"async\" width=\"1024\" height=\"768\" sizes=\"(max-width: 1024px) 100vw, 1024px\" src=\"http:\/\/noticiasbahia360.com.br\/wp-content\/uploads\/2025\/05\/lzECbZKn-Acao-Social-Fibromialgia-ft-ney-silva-acorda-cidade0-1024x768-1.webp\" alt=\"A\u00e7\u00e3o Social - Fibromialgia\" class=\"wp-image-552455 not-transparent\" srcset=\"https:\/\/uploads.acordacidade.com.br\/2025\/05\/lzECbZKn-Acao-Social-Fibromialgia-ft-ney-silva-acorda-cidade0-300x225.webp 300w, http:\/\/noticiasbahia360.com.br\/wp-content\/uploads\/2025\/05\/lzECbZKn-Acao-Social-Fibromialgia-ft-ney-silva-acorda-cidade0-1024x768-1.webp 1024w, https:\/\/uploads.acordacidade.com.br\/2025\/05\/lzECbZKn-Acao-Social-Fibromialgia-ft-ney-silva-acorda-cidade0-768x576.webp 768w, https:\/\/uploads.acordacidade.com.br\/2025\/05\/lzECbZKn-Acao-Social-Fibromialgia-ft-ney-silva-acorda-cidade0-150x113.webp 150w, https:\/\/uploads.acordacidade.com.br\/2025\/05\/lzECbZKn-Acao-Social-Fibromialgia-ft-ney-silva-acorda-cidade0.webp 1200w\"><figcaption class=\"wp-element-caption\">Patr\u00edcia Vasconcelos | Foto: Ney Silva\/Acorda Cidade<\/figcaption><\/figure>\n<p>\u201cNos limita a uma s\u00e9rie de coisas na nossa vida, principalmente a gente que \u00e9 ativa, nos limita no trabalho, nos afazeres simples da nossa casa, como varrer uma casa, lavar uma lou\u00e7a, estender uma roupa no varal. \u00c9 incapacitante em alguns momentos. Quando temos crises, temos que ir para a emerg\u00eancia tomar um combo de 7, 8 medica\u00e7\u00f5es para segurar a dor. \u00c9 uma <strong>dor<\/strong> difusa, onde a gente n\u00e3o sabe onde come\u00e7a, onde termina. Ent\u00e3o, a gente usa uma escala de 0 a 10\u201d, relatou.<\/p>\n<figure class=\"wp-block-image size-large\"><img loading=\"lazy\" data-dominant-color=\"676163\" data-has-transparency=\"false\" style=\"--dominant-color: #676163;\" decoding=\"async\" width=\"1024\" height=\"598\" sizes=\"(max-width: 1024px) 100vw, 1024px\" src=\"http:\/\/noticiasbahia360.com.br\/wp-content\/uploads\/2025\/05\/IYKyK93F-Acao-Social-Fibromialgia-ft-ney-silva-acorda-cidade6-1024x598-1.webp\" alt=\"A\u00e7\u00e3o Social - Fibromialgia\" class=\"wp-image-552443 not-transparent\" srcset=\"https:\/\/uploads.acordacidade.com.br\/2025\/05\/IYKyK93F-Acao-Social-Fibromialgia-ft-ney-silva-acorda-cidade6-300x175.webp 300w, http:\/\/noticiasbahia360.com.br\/wp-content\/uploads\/2025\/05\/IYKyK93F-Acao-Social-Fibromialgia-ft-ney-silva-acorda-cidade6-1024x598-1.webp 1024w, https:\/\/uploads.acordacidade.com.br\/2025\/05\/IYKyK93F-Acao-Social-Fibromialgia-ft-ney-silva-acorda-cidade6-768x449.webp 768w, https:\/\/uploads.acordacidade.com.br\/2025\/05\/IYKyK93F-Acao-Social-Fibromialgia-ft-ney-silva-acorda-cidade6-150x88.webp 150w, https:\/\/uploads.acordacidade.com.br\/2025\/05\/IYKyK93F-Acao-Social-Fibromialgia-ft-ney-silva-acorda-cidade6.webp 1200w\"><figcaption class=\"wp-element-caption\">Foto: Ney Silva\/Acorda Cidade<\/figcaption><\/figure>\n<p>Entre os rem\u00e9dios mais utilizados por ela est\u00e3o a pregabalina, do fluoxetina, amytril, mas tamb\u00e9m outros que s\u00e3o para conter os efeitos que a doen\u00e7a causa para al\u00e9m das dores cr\u00f4nicas. \u201cJ\u00e1 estou no Atenolol e na Losartana, porque a dor faz aumentar a press\u00e3o tamb\u00e9m. Canabidiol, atividade f\u00edsica e um atendimento multidisciplinar tamb\u00e9m que a gente precisa, reumatologista, psic\u00f3logo, psiquiatra\u201d.<\/p>\n<h2 class=\"wp-block-heading\">A\u00e7\u00f5es e Pol\u00edticas P\u00fablicas em Feira de Santana<\/h2>\n<p>O vereador <a href=\"https:\/\/www.acordacidade.com.br\/tag\/pedro-americo\/\"><strong>Pedro Am\u00e9rico<\/strong><\/a>, que tamb\u00e9m esteve presente durante a a\u00e7\u00e3o, tem planos de criar em Feira de Santana, a Cl\u00ednica da Dor, especializada no atendimento dos pacientes. Ele destacou a import\u00e2ncia de combater a desinforma\u00e7\u00e3o relacionada \u00e0 condi\u00e7\u00e3o, mas tamb\u00e9m da necessidade das autoridades criarem pol\u00edticas p\u00fablicas para essa popula\u00e7\u00e3o.<\/p>\n<figure class=\"wp-block-image size-large\"><img loading=\"lazy\" data-dominant-color=\"9ea0a3\" data-has-transparency=\"false\" style=\"--dominant-color: #9ea0a3;\" decoding=\"async\" width=\"1024\" height=\"768\" sizes=\"(max-width: 1024px) 100vw, 1024px\" src=\"http:\/\/noticiasbahia360.com.br\/wp-content\/uploads\/2025\/05\/cQBM0xsZ-Acao-Social-Fibromialgia-ft-ney-silva-acorda-cidade-1024x768-1.webp\" alt=\"A\u00e7\u00e3o Social - Fibromialgia\" class=\"wp-image-552449 not-transparent\" srcset=\"https:\/\/uploads.acordacidade.com.br\/2025\/05\/cQBM0xsZ-Acao-Social-Fibromialgia-ft-ney-silva-acorda-cidade-300x225.webp 300w, http:\/\/noticiasbahia360.com.br\/wp-content\/uploads\/2025\/05\/cQBM0xsZ-Acao-Social-Fibromialgia-ft-ney-silva-acorda-cidade-1024x768-1.webp 1024w, https:\/\/uploads.acordacidade.com.br\/2025\/05\/cQBM0xsZ-Acao-Social-Fibromialgia-ft-ney-silva-acorda-cidade-768x576.webp 768w, https:\/\/uploads.acordacidade.com.br\/2025\/05\/cQBM0xsZ-Acao-Social-Fibromialgia-ft-ney-silva-acorda-cidade-150x113.webp 150w, https:\/\/uploads.acordacidade.com.br\/2025\/05\/cQBM0xsZ-Acao-Social-Fibromialgia-ft-ney-silva-acorda-cidade.webp 1200w\"><figcaption class=\"wp-element-caption\">Pedro Am\u00e9rico | Foto: Ney Silva\/Acorda Cidade<\/figcaption><\/figure>\n<p>\u201cO INSS precisa reconhecer a fibromialgia como uma doen\u00e7a, com o CID estabelecido para que possa ser tamb\u00e9m para a aposentadoria. E claro a n\u00edvel estadual e municipal a gente buscar pol\u00edticas p\u00fablicas que possam fortalecer essa rela\u00e7\u00e3o. Por exemplo, existe uma indica\u00e7\u00e3o nossa um estudo detalhado que o nosso mandato fez sobre a cl\u00ednica da dor que trata de voc\u00ea ter reumatologistas, ortopedistas, mas trata em especial daquilo que mais importante que s\u00e3o as pr\u00e1ticas integrativas e tamb\u00e9m as terapias ocupacionais, que podem fazer com que a pessoa tenha mais sensibilidade no sentido de cuidar do seu corpo, evitar dores em lugares muito espec\u00edficos que o rem\u00e9dio por si s\u00f3 n\u00e3o resolve\u201d, disse o vereador ao Acorda Cidade.<\/p>\n<figure class=\"wp-block-image size-large\"><img loading=\"lazy\" data-dominant-color=\"635e5f\" data-has-transparency=\"false\" style=\"--dominant-color: #635e5f;\" decoding=\"async\" width=\"1024\" height=\"666\" sizes=\"(max-width: 1024px) 100vw, 1024px\" src=\"http:\/\/noticiasbahia360.com.br\/wp-content\/uploads\/2025\/05\/MhbcGTyT-Acao-Social-Fibromialgia-ft-ney-silva-acorda-cidade5-1024x666-1.webp\" alt=\"A\u00e7\u00e3o Social - Fibromialgia\" class=\"wp-image-552444 not-transparent\" srcset=\"https:\/\/uploads.acordacidade.com.br\/2025\/05\/MhbcGTyT-Acao-Social-Fibromialgia-ft-ney-silva-acorda-cidade5-300x195.webp 300w, http:\/\/noticiasbahia360.com.br\/wp-content\/uploads\/2025\/05\/MhbcGTyT-Acao-Social-Fibromialgia-ft-ney-silva-acorda-cidade5-1024x666-1.webp 1024w, https:\/\/uploads.acordacidade.com.br\/2025\/05\/MhbcGTyT-Acao-Social-Fibromialgia-ft-ney-silva-acorda-cidade5-768x499.webp 768w, https:\/\/uploads.acordacidade.com.br\/2025\/05\/MhbcGTyT-Acao-Social-Fibromialgia-ft-ney-silva-acorda-cidade5-150x98.webp 150w, https:\/\/uploads.acordacidade.com.br\/2025\/05\/MhbcGTyT-Acao-Social-Fibromialgia-ft-ney-silva-acorda-cidade5.webp 1200w\"><figcaption class=\"wp-element-caption\">Foto: Ney Silva\/Acorda Cidade<\/figcaption><\/figure>\n<p><strong>Am\u00e9rico<\/strong> \u00e9 criador do projeto de lei que garante o passe livre, a gratuidade no transporte p\u00fablico para pessoas que convivem com anemia falciforme e a fibromialgia. A Lei foi promulgada este ano e j\u00e1 est\u00e1 valendo nos \u00f4nibus da cidade.<\/p>\n<p>\u201cMuitos deles dependem do passe livre para poderem ir ao m\u00e9dico, para poderem estar nos lugares que s\u00e3o de necessidade deles. E esse acesso ao transporte p\u00fablico \u00e9 fundamental. A Prefeitura faz a sua parte, a Semob autoriza a emiss\u00e3o do cart\u00e3o, mas as empresas e o Viafeira est\u00e3o segurando isso e est\u00e1 atrasando muito e as pessoas precisam disso para terem o seu tratamento digno.\u201d<\/p>\n<figure class=\"wp-block-image size-large\"><img loading=\"lazy\" data-dominant-color=\"77706f\" data-has-transparency=\"false\" style=\"--dominant-color: #77706f;\" decoding=\"async\" width=\"1024\" height=\"591\" sizes=\"(max-width: 1024px) 100vw, 1024px\" src=\"http:\/\/noticiasbahia360.com.br\/wp-content\/uploads\/2025\/05\/eBCGUTpT-Acao-Social-Fibromialgia-ft-ney-silva-acorda-cidade4-1024x591-1.webp\" alt=\"A\u00e7\u00e3o Social - Fibromialgia\" class=\"wp-image-552445 not-transparent\" srcset=\"https:\/\/uploads.acordacidade.com.br\/2025\/05\/eBCGUTpT-Acao-Social-Fibromialgia-ft-ney-silva-acorda-cidade4-300x173.webp 300w, http:\/\/noticiasbahia360.com.br\/wp-content\/uploads\/2025\/05\/eBCGUTpT-Acao-Social-Fibromialgia-ft-ney-silva-acorda-cidade4-1024x591-1.webp 1024w, https:\/\/uploads.acordacidade.com.br\/2025\/05\/eBCGUTpT-Acao-Social-Fibromialgia-ft-ney-silva-acorda-cidade4-768x443.webp 768w, https:\/\/uploads.acordacidade.com.br\/2025\/05\/eBCGUTpT-Acao-Social-Fibromialgia-ft-ney-silva-acorda-cidade4-150x87.webp 150w, https:\/\/uploads.acordacidade.com.br\/2025\/05\/eBCGUTpT-Acao-Social-Fibromialgia-ft-ney-silva-acorda-cidade4.webp 1200w\"><figcaption class=\"wp-element-caption\">Foto: Ney Silva\/Acorda Cidade<\/figcaption><\/figure>\n<h2 class=\"wp-block-heading\">Desafios no Acesso a Benef\u00edcios Previdenci\u00e1rios<\/h2>\n<p>O advogado Luiz Neto, especialista em direito previdenci\u00e1rio, destacou ao Acorda Cidade, as dificuldades que os pacientes tem para acessar os benef\u00edcios por meio do Minist\u00e9rio da Previd\u00eancia Social.<\/p>\n<p>\u201cEle nega muito os pedidos de aposentadoria, os pedidos de BPC, dos aux\u00edlios e nosso trabalho \u00e9 justamente facilitar e fazer com que essas pessoas tenham o seu direito reconhecido. Se a condi\u00e7\u00e3o de sa\u00fade dela n\u00e3o permitir com que ela trabalhe, impedir ela de exercer suas atividades laborais, a\u00ed a gente pode entrar com o pedido de aux\u00edlio por incapacidade tempor\u00e1ria, que \u00e9 o antigo aux\u00edlio-doen\u00e7a, aux\u00edlio por incapacidade permanente, que \u00e9 a antiga aposentadoria por invalidez, e tamb\u00e9m o BPC, que \u00e9 o benef\u00edcio de presta\u00e7\u00e3o continuada, que \u00e9 conhecido como LOAS\u201d, orientou.<\/p>\n<figure class=\"wp-block-image size-large\"><img loading=\"lazy\" data-dominant-color=\"847978\" data-has-transparency=\"false\" style=\"--dominant-color: #847978;\" decoding=\"async\" width=\"1024\" height=\"720\" sizes=\"(max-width: 1024px) 100vw, 1024px\" src=\"http:\/\/noticiasbahia360.com.br\/wp-content\/uploads\/2025\/05\/R8unrJ2g-Acao-Social-Fibromialgia-ft-ney-silva-acorda-cidade7-1024x720-1.webp\" alt=\"A\u00e7\u00e3o Social - Fibromialgia\" class=\"wp-image-552442 not-transparent\" srcset=\"https:\/\/uploads.acordacidade.com.br\/2025\/05\/R8unrJ2g-Acao-Social-Fibromialgia-ft-ney-silva-acorda-cidade7-300x211.webp 300w, http:\/\/noticiasbahia360.com.br\/wp-content\/uploads\/2025\/05\/R8unrJ2g-Acao-Social-Fibromialgia-ft-ney-silva-acorda-cidade7-1024x720-1.webp 1024w, https:\/\/uploads.acordacidade.com.br\/2025\/05\/R8unrJ2g-Acao-Social-Fibromialgia-ft-ney-silva-acorda-cidade7-768x540.webp 768w, https:\/\/uploads.acordacidade.com.br\/2025\/05\/R8unrJ2g-Acao-Social-Fibromialgia-ft-ney-silva-acorda-cidade7-150x106.webp 150w, https:\/\/uploads.acordacidade.com.br\/2025\/05\/R8unrJ2g-Acao-Social-Fibromialgia-ft-ney-silva-acorda-cidade7.webp 1200w\"><figcaption class=\"wp-element-caption\">Luiz Neto | Foto: Ney Silva\/Acorda Cidade<\/figcaption><\/figure>\n<p>Segundo o <a href=\"https:\/\/www.acordacidade.com.br\/tag\/advogado\/\"><strong>advogado<\/strong><\/a>, que tamb\u00e9m fez orienta\u00e7\u00f5es durante a a\u00e7\u00e3o, o BPC \u00e9 o benef\u00edcio pedido por aquelas pessoas que n\u00e3o trabalharam durante a vida ou que trabalharam de forma informal e n\u00e3o recolheram para o INSS.<\/p>\n<p>\u201cFazemos todo o pedido, organizamos a documenta\u00e7\u00e3o e geralmente o benef\u00edcio \u00e9 concedido. A\u00ed o benef\u00edcio no valor de um sal\u00e1rio m\u00ednimo, sem direito a d\u00e9cimo terceiro. A maioria dos pedidos, principalmente os pedidos das pessoas com fibromialgia, s\u00e3o negados pelo INSS. A gente consegue recorrer e a\u00ed na Justi\u00e7a Federal, a gente consegue a concess\u00e3o do benef\u00edcio. O custo varia de escrit\u00f3rio para escrit\u00f3rio, cada advogado trabalha de um jeito. Mas a maioria dos advogados presidencialistas, e nisso eu me incluo, o valor a ser cobrado \u00e9 somente no \u00eaxito da a\u00e7\u00e3o, s\u00f3 no final e se ganhar\u201d, completou.<\/p>\n<p><em>Com informa\u00e7\u00f5es do rep\u00f3rter Ney Silva do Acorda Cidade<\/em><\/p>\n<p><em>Siga o Acorda Cidade no<\/em><a href=\"https:\/\/news.google.com\/search?q=acorda%20cidade&amp;hl=pt-BR&amp;gl=BR&amp;ceid=BR%3Apt-419\"><strong><em>\u00a0Google Not\u00edcias<\/em><\/strong><\/a><em>\u00a0e receba os principais destaques do dia. Participe tamb\u00e9m dos nossos canais no\u00a0<\/em><a href=\"https:\/\/www.whatsapp.com\/channel\/0029Va6Rb4v3WHTNnsh8WI3N\"><strong><em>WhatsApp<\/em><\/strong><\/a><em>\u00a0e\u00a0<\/em><a href=\"https:\/\/www.youtube.com\/@acordacidadenoticias\/videos\"><strong>Youtube<\/strong><\/a><em>\u00a0e grupo de\u00a0<\/em><a href=\"https:\/\/t.me\/+sSz0khrgARA0ZmRh\"><strong><em>Telegram<\/em><\/strong><\/a><em>.<\/em><\/p>\n<\/div>\n","protected":false},"excerpt":{"rendered":"<div>\n<div>\n<figure><img decoding=\"async\" src=\"https:\/\/uploads.acordacidade.com.br\/2025\/05\/9p77Mi6s-Acao-Social-Fibromialgia-ft-ney-silva-acorda-cidade2.webp\" alt=\"A\u00e7\u00e3o Social - Fibromialgia\"><figcaption>Foto: Ney Silva\/Acorda Cidade<\/figcaption><\/figure>\n<\/div>\n<p>A Organiza\u00e7\u00e3o da Sociedade Civil \u201cAmor que Conforta\u201d (ONGAQC), que promoveu a a\u00e7\u00e3o, abra\u00e7a atualmente 400 pacientes que possuem fibromialgia.<\/p><\/div>\n","protected":false},"author":1,"featured_media":85834,"comment_status":"closed","ping_status":"closed","sticky":false,"template":"","format":"gallery","meta":{"footnotes":""},"categories":[8,9,6,57,56,10],"tags":[],"class_list":["post-85833","post","type-post","status-publish","format-gallery","has-post-thumbnail","hentry","category-bahia","category-brasil","category-feira-de-santana","category-mundo","category-policia","category-politica","post_format-post-format-gallery"],"featured_image_urls":{"full":["https:\/\/noticiasbahia360.com.br\/wp-content\/uploads\/2025\/05\/9p77Mi6s-Acao-Social-Fibromialgia-ft-ney-silva-acorda-cidade2.webp",1200,824,false],"thumbnail":["https:\/\/noticiasbahia360.com.br\/wp-content\/uploads\/2025\/05\/9p77Mi6s-Acao-Social-Fibromialgia-ft-ney-silva-acorda-cidade2-150x150.webp",150,150,true],"medium":["https:\/\/noticiasbahia360.com.br\/wp-content\/uploads\/2025\/05\/9p77Mi6s-Acao-Social-Fibromialgia-ft-ney-silva-acorda-cidade2-300x206.webp",300,206,true],"medium_large":["https:\/\/noticiasbahia360.com.br\/wp-content\/uploads\/2025\/05\/9p77Mi6s-Acao-Social-Fibromialgia-ft-ney-silva-acorda-cidade2-768x527.webp",640,439,true],"large":["https:\/\/noticiasbahia360.com.br\/wp-content\/uploads\/2025\/05\/9p77Mi6s-Acao-Social-Fibromialgia-ft-ney-silva-acorda-cidade2-1024x703.webp",640,439,true],"1536x1536":["https:\/\/noticiasbahia360.com.br\/wp-content\/uploads\/2025\/05\/9p77Mi6s-Acao-Social-Fibromialgia-ft-ney-silva-acorda-cidade2.webp",1200,824,false],"2048x2048":["https:\/\/noticiasbahia360.com.br\/wp-content\/uploads\/2025\/05\/9p77Mi6s-Acao-Social-Fibromialgia-ft-ney-silva-acorda-cidade2.webp",1200,824,false],"chromenews-featured":["https:\/\/noticiasbahia360.com.br\/wp-content\/uploads\/2025\/05\/9p77Mi6s-Acao-Social-Fibromialgia-ft-ney-silva-acorda-cidade2-1024x703.webp",1024,703,true],"chromenews-large":["https:\/\/noticiasbahia360.com.br\/wp-content\/uploads\/2025\/05\/9p77Mi6s-Acao-Social-Fibromialgia-ft-ney-silva-acorda-cidade2-825x575.webp",825,575,true],"chromenews-medium":["https:\/\/noticiasbahia360.com.br\/wp-content\/uploads\/2025\/05\/9p77Mi6s-Acao-Social-Fibromialgia-ft-ney-silva-acorda-cidade2-590x410.webp",590,410,true]},"author_info":{"display_name":"noticiasbahia360.com.br","author_link":"https:\/\/noticiasbahia360.com.br\/?author=1"},"category_info":"<a href=\"https:\/\/noticiasbahia360.com.br\/?cat=8\" rel=\"category\">Bahia<\/a> <a href=\"https:\/\/noticiasbahia360.com.br\/?cat=9\" rel=\"category\">Brasil<\/a> <a href=\"https:\/\/noticiasbahia360.com.br\/?cat=6\" rel=\"category\">Feira de Santana<\/a> <a href=\"https:\/\/noticiasbahia360.com.br\/?cat=57\" rel=\"category\">Mundo<\/a> <a href=\"https:\/\/noticiasbahia360.com.br\/?cat=56\" rel=\"category\">Pol\u00edcia<\/a> <a href=\"https:\/\/noticiasbahia360.com.br\/?cat=10\" rel=\"category\">Pol\u00edtica<\/a>","tag_info":"Pol\u00edtica","comment_count":"0","_links":{"self":[{"href":"https:\/\/noticiasbahia360.com.br\/index.php?rest_route=\/wp\/v2\/posts\/85833","targetHints":{"allow":["GET"]}}],"collection":[{"href":"https:\/\/noticiasbahia360.com.br\/index.php?rest_route=\/wp\/v2\/posts"}],"about":[{"href":"https:\/\/noticiasbahia360.com.br\/index.php?rest_route=\/wp\/v2\/types\/post"}],"author":[{"embeddable":true,"href":"https:\/\/noticiasbahia360.com.br\/index.php?rest_route=\/wp\/v2\/users\/1"}],"replies":[{"embeddable":true,"href":"https:\/\/noticiasbahia360.com.br\/index.php?rest_route=%2Fwp%2Fv2%2Fcomments&post=85833"}],"version-history":[{"count":0,"href":"https:\/\/noticiasbahia360.com.br\/index.php?rest_route=\/wp\/v2\/posts\/85833\/revisions"}],"wp:featuredmedia":[{"embeddable":true,"href":"https:\/\/noticiasbahia360.com.br\/index.php?rest_route=\/wp\/v2\/media\/85834"}],"wp:attachment":[{"href":"https:\/\/noticiasbahia360.com.br\/index.php?rest_route=%2Fwp%2Fv2%2Fmedia&parent=85833"}],"wp:term":[{"taxonomy":"category","embeddable":true,"href":"https:\/\/noticiasbahia360.com.br\/index.php?rest_route=%2Fwp%2Fv2%2Fcategories&post=85833"},{"taxonomy":"post_tag","embeddable":true,"href":"https:\/\/noticiasbahia360.com.br\/index.php?rest_route=%2Fwp%2Fv2%2Ftags&post=85833"}],"curies":[{"name":"wp","href":"https:\/\/api.w.org\/{rel}","templated":true}]}}