{"id":85844,"date":"2025-05-12T16:42:05","date_gmt":"2025-05-12T19:42:05","guid":{"rendered":"https:\/\/noticiasbahia360.com.br\/?p=85844"},"modified":"2025-05-12T16:42:05","modified_gmt":"2025-05-12T19:42:05","slug":"agressao-contra-mae-provocou-briga-entre-irmaos-em-feira-de-santana-diz-delegada","status":"publish","type":"post","link":"https:\/\/noticiasbahia360.com.br\/?p=85844","title":{"rendered":"Agress\u00e3o contra m\u00e3e provocou briga entre irm\u00e3os em Feira de Santana, diz delegada"},"content":{"rendered":"<div>\n<div>\n<figure><img decoding=\"async\" src=\"http:\/\/noticiasbahia360.com.br\/wp-content\/uploads\/2025\/05\/complexo-sobradinho.jpg\" alt=\"complexo sobradinho\"><figcaption>Foto: Ney Silva\/Acorda Cidade<\/figcaption><\/figure>\n<\/div>\n<p>A reportagem do Acorda Cidade conversou com a delegada Cl\u00e9cia Vasconcelos, titular da Delegacia Especializada de Atendimento \u00e0 Mulher (Deam), de Feira de Santana, para obter mais esclarecimentos do que pode ter provocado a <a href=\"https:\/\/www.acordacidade.com.br\/policia\/irmao-esfaqueia-irma-durante-surto-no-bairro-sim-em-feira-de-santana\/\">briga entre dois irm\u00e3os g\u00eameos na tarde de domingo (11), em um condom\u00ednio particular do bairro SIM<\/a>.<\/p>\n<p>Conforme o Acorda Cidade j\u00e1 divulgou, a irm\u00e3 permanece em estado grave em um hospital do munic\u00edpio, j\u00e1 o dentista Tarcio Vinicius Ouriques Cordeiro, 36 anos de idade, que ap\u00f3s a confus\u00e3o, foi encaminhado para uma Unidade de Pronto Atendimento (UPA), do bairro Queimadinha e depois ficou custodiado no Complexo de Delegacias do bairro Sobradinho, <a href=\"https:\/\/www.acordacidade.com.br\/policia\/dentista-suspeito-de-esfaquear-irma-no-bairro-sim-e-encontrado-morto-dentro-de-cela\/\">foi encontrado morto na manh\u00e3 desta segunda-feira (12), dentro da cela<\/a>.<\/p>\n<p>De acordo com a delegada, Tarcio disse na delegacia, que a m\u00e3e, que \u00e9 m\u00e9dica, estava sendo agredida pela pr\u00f3pria filha e, em um momento de desespero, se dirigiu at\u00e9 o quarto, onde n\u00e3o conseguiu ter acesso e destruiu uma janela de vidro para adentrar ao c\u00f4modo.<\/p>\n<figure class=\"wp-block-image size-large\"><img fetchpriority=\"high\" data-dominant-color=\"949189\" data-has-transparency=\"false\" style=\"--dominant-color: #949189;\" fetchpriority=\"high\" decoding=\"async\" width=\"1024\" height=\"768\" sizes=\"(max-width: 1024px) 100vw, 1024px\" src=\"http:\/\/noticiasbahia360.com.br\/wp-content\/uploads\/2025\/05\/MpcJvy34-cleciavasconcelos_edsantos_acordacidade-1024x768-1.webp\" alt=\"Delegada Cl\u00e9cia Vasconcelos\" class=\"wp-image-552478 not-transparent\" srcset=\"https:\/\/uploads.acordacidade.com.br\/2025\/05\/MpcJvy34-cleciavasconcelos_edsantos_acordacidade-300x225.webp 300w, http:\/\/noticiasbahia360.com.br\/wp-content\/uploads\/2025\/05\/MpcJvy34-cleciavasconcelos_edsantos_acordacidade-1024x768-1.webp 1024w, https:\/\/uploads.acordacidade.com.br\/2025\/05\/MpcJvy34-cleciavasconcelos_edsantos_acordacidade-768x576.webp 768w, https:\/\/uploads.acordacidade.com.br\/2025\/05\/MpcJvy34-cleciavasconcelos_edsantos_acordacidade-150x113.webp 150w, https:\/\/uploads.acordacidade.com.br\/2025\/05\/MpcJvy34-cleciavasconcelos_edsantos_acordacidade.webp 1200w\"><figcaption class=\"wp-element-caption\">Foto: Ed Santos\/Acorda Cidade<\/figcaption><\/figure>\n<p>\u201cEle disse que ao perceber a m\u00e3e chorando, sendo agredida pela irm\u00e3, ele ficou descontrolado e saiu em defesa da genitora. Confirmou ter agredido a irm\u00e3, com murros e tudo mais, tanto \u00e9 que a referida ficou desacordada, precisando de atendimento m\u00e9dico. Ao que consta nos autos, quando ele falou com a m\u00e3e por telefone, e ela disse que estava sendo agredida pela filha, ele foi em socorro da m\u00e3e, ele foi at\u00e9 o quarto, mas a porta estava trancada. A raz\u00e3o pela qual ele adentrou o c\u00f4modo pela janela, precisando danific\u00e1-la. Os estilha\u00e7os de vidro provocaram as les\u00f5es que ele tem nos bra\u00e7os e nas m\u00e3os\u201d, explicou.<\/p>\n<p>Ao Acorda Cidade, a delegada informou que a filha, irm\u00e3 de Tarcio, faz uso de medicamentos e tem problemas de sa\u00fade.<\/p>\n<p>\u201cA m\u00e3e relata que muitas vezes a menina faz uso de medicamento, est\u00e1 com um problema de sa\u00fade e tudo isso \u00e9 um somat\u00f3rio para o comportamento. N\u00e3o \u00e9 que estejamos dizendo que o jovem Vin\u00edcius, a irm\u00e3 dele \u00e9 m\u00e1, bom, ruim, desobedece o pai. Mas \u00e9 toda uma contextualiza\u00e7\u00e3o. A menina estava fazendo uso de medicamento, e todo esse contexto contribui, infelizmente, para o que temos hoje\u201d, concluiu.<\/p>\n<p><em>Com informa\u00e7\u00f5es do rep\u00f3rter Ed Santos do Acorda Cidade<\/em><\/p>\n<p><strong>Leia tamb\u00e9m:<\/strong><\/p>\n<p><a href=\"https:\/\/www.acordacidade.com.br\/policia\/dentista-suspeito-de-esfaquear-irma-no-bairro-sim-e-encontrado-morto-dentro-de-cela\/\">Dentista suspeito de agredir irm\u00e3 no bairro SIM \u00e9 encontrado morto dentro de cela<\/a><\/p>\n<p><a href=\"https:\/\/www.acordacidade.com.br\/policia\/irmao-esfaqueia-irma-durante-surto-no-bairro-sim-em-feira-de-santana\/\">Irm\u00e3o agride irm\u00e3 durante surto no bairro SIM, em Feira de Santana<\/a><\/p>\n<p><em>Siga o Acorda Cidade no<\/em><a href=\"https:\/\/news.google.com\/search?q=acorda%20cidade&amp;hl=pt-BR&amp;gl=BR&amp;ceid=BR%3Apt-419\"><strong><em> Google Not\u00edcias<\/em><\/strong><\/a><em> e receba os principais destaques do dia. Participe tamb\u00e9m dos nossos canais no <\/em><a href=\"https:\/\/whatsapp.com\/channel\/0029Va6Rb4v3WHTNnsh8WI3N\"><strong><em>WhatsApp<\/em><\/strong><\/a><em> e <\/em><a href=\"https:\/\/www.youtube.com\/@acordacidadenoticias\/videos\"><strong>Youtube<\/strong><\/a><em> e grupo de <\/em><a href=\"https:\/\/t.me\/+sSz0khrgARA0ZmRh\"><strong><em>Telegram<\/em><\/strong><\/a><em>.<\/em><\/p>\n<\/div>\n","protected":false},"excerpt":{"rendered":"<div>\n<div>\n<figure><img decoding=\"async\" src=\"https:\/\/uploads.acordacidade.com.br\/2025\/03\/complexo-sobradinho.jpg\" alt=\"complexo sobradinho\"><figcaption>Foto: Ney Silva\/Acorda Cidade<\/figcaption><\/figure>\n<\/div>\n<p>Ao Acorda Cidade, a delegada informou que a filha, irm\u00e3 de Tarcio, faz uso de medicamentos e tem problemas de sa\u00fade.<\/p><\/div>\n","protected":false},"author":1,"featured_media":85845,"comment_status":"closed","ping_status":"closed","sticky":false,"template":"","format":"gallery","meta":{"footnotes":""},"categories":[8,9,6,57,56,10],"tags":[],"class_list":["post-85844","post","type-post","status-publish","format-gallery","has-post-thumbnail","hentry","category-bahia","category-brasil","category-feira-de-santana","category-mundo","category-policia","category-politica","post_format-post-format-gallery"],"featured_image_urls":{"full":["https:\/\/noticiasbahia360.com.br\/wp-content\/uploads\/2025\/05\/complexo-sobradinho.jpg",1920,1440,false],"thumbnail":["https:\/\/noticiasbahia360.com.br\/wp-content\/uploads\/2025\/05\/complexo-sobradinho-150x150.jpg",150,150,true],"medium":["https:\/\/noticiasbahia360.com.br\/wp-content\/uploads\/2025\/05\/complexo-sobradinho-300x225.jpg",300,225,true],"medium_large":["https:\/\/noticiasbahia360.com.br\/wp-content\/uploads\/2025\/05\/complexo-sobradinho-768x576.jpg",640,480,true],"large":["https:\/\/noticiasbahia360.com.br\/wp-content\/uploads\/2025\/05\/complexo-sobradinho-1024x768.jpg",640,480,true],"1536x1536":["https:\/\/noticiasbahia360.com.br\/wp-content\/uploads\/2025\/05\/complexo-sobradinho-1536x1152.jpg",1536,1152,true],"2048x2048":["https:\/\/noticiasbahia360.com.br\/wp-content\/uploads\/2025\/05\/complexo-sobradinho.jpg",1920,1440,false],"chromenews-featured":["https:\/\/noticiasbahia360.com.br\/wp-content\/uploads\/2025\/05\/complexo-sobradinho-1024x768.jpg",1024,768,true],"chromenews-large":["https:\/\/noticiasbahia360.com.br\/wp-content\/uploads\/2025\/05\/complexo-sobradinho-825x575.jpg",825,575,true],"chromenews-medium":["https:\/\/noticiasbahia360.com.br\/wp-content\/uploads\/2025\/05\/complexo-sobradinho-590x410.jpg",590,410,true]},"author_info":{"display_name":"noticiasbahia360.com.br","author_link":"https:\/\/noticiasbahia360.com.br\/?author=1"},"category_info":"<a href=\"https:\/\/noticiasbahia360.com.br\/?cat=8\" rel=\"category\">Bahia<\/a> <a href=\"https:\/\/noticiasbahia360.com.br\/?cat=9\" rel=\"category\">Brasil<\/a> <a href=\"https:\/\/noticiasbahia360.com.br\/?cat=6\" rel=\"category\">Feira de Santana<\/a> <a href=\"https:\/\/noticiasbahia360.com.br\/?cat=57\" rel=\"category\">Mundo<\/a> <a href=\"https:\/\/noticiasbahia360.com.br\/?cat=56\" rel=\"category\">Pol\u00edcia<\/a> <a href=\"https:\/\/noticiasbahia360.com.br\/?cat=10\" rel=\"category\">Pol\u00edtica<\/a>","tag_info":"Pol\u00edtica","comment_count":"0","_links":{"self":[{"href":"https:\/\/noticiasbahia360.com.br\/index.php?rest_route=\/wp\/v2\/posts\/85844","targetHints":{"allow":["GET"]}}],"collection":[{"href":"https:\/\/noticiasbahia360.com.br\/index.php?rest_route=\/wp\/v2\/posts"}],"about":[{"href":"https:\/\/noticiasbahia360.com.br\/index.php?rest_route=\/wp\/v2\/types\/post"}],"author":[{"embeddable":true,"href":"https:\/\/noticiasbahia360.com.br\/index.php?rest_route=\/wp\/v2\/users\/1"}],"replies":[{"embeddable":true,"href":"https:\/\/noticiasbahia360.com.br\/index.php?rest_route=%2Fwp%2Fv2%2Fcomments&post=85844"}],"version-history":[{"count":0,"href":"https:\/\/noticiasbahia360.com.br\/index.php?rest_route=\/wp\/v2\/posts\/85844\/revisions"}],"wp:featuredmedia":[{"embeddable":true,"href":"https:\/\/noticiasbahia360.com.br\/index.php?rest_route=\/wp\/v2\/media\/85845"}],"wp:attachment":[{"href":"https:\/\/noticiasbahia360.com.br\/index.php?rest_route=%2Fwp%2Fv2%2Fmedia&parent=85844"}],"wp:term":[{"taxonomy":"category","embeddable":true,"href":"https:\/\/noticiasbahia360.com.br\/index.php?rest_route=%2Fwp%2Fv2%2Fcategories&post=85844"},{"taxonomy":"post_tag","embeddable":true,"href":"https:\/\/noticiasbahia360.com.br\/index.php?rest_route=%2Fwp%2Fv2%2Ftags&post=85844"}],"curies":[{"name":"wp","href":"https:\/\/api.w.org\/{rel}","templated":true}]}}