{"id":85847,"date":"2025-05-12T16:42:13","date_gmt":"2025-05-12T19:42:13","guid":{"rendered":"https:\/\/noticiasbahia360.com.br\/?p=85847"},"modified":"2025-05-12T16:42:13","modified_gmt":"2025-05-12T19:42:13","slug":"uneb-convoca-mais-140-tecnicos-e-analistas-universitarios-aprovados-no-concurso-publico","status":"publish","type":"post","link":"https:\/\/noticiasbahia360.com.br\/?p=85847","title":{"rendered":"Uneb convoca mais 140 t\u00e9cnicos e analistas universit\u00e1rios aprovados no concurso p\u00fablico"},"content":{"rendered":"<div>\n<div>\n<figure><img decoding=\"async\" src=\"http:\/\/noticiasbahia360.com.br\/wp-content\/uploads\/2025\/05\/Universidade-do-Estado-da-Bahia-UNEB.jpg\" alt=\"Universidade do Estado da Bahia (UNEB)\"><figcaption>Foto: Feij\u00e3o Almeida\/GOV-BA<\/figcaption><\/figure>\n<\/div>\n<p>A Universidade do Estado da Bahia (Uneb) publicou, na edi\u00e7\u00e3o do \u00faltimo s\u00e1bado (10), do Di\u00e1rio Oficial do Estado (DOE), a convoca\u00e7\u00e3o de mais 70 t\u00e9cnicos universit\u00e1rios e 70 analistas universit\u00e1rios classificados no Concurso P\u00fablico, realizado nos termos do Edital 089\/2024.<\/p>\n<p>A medida refor\u00e7a o compromisso da institui\u00e7\u00e3o em suprir a necessidade de profissionais qualificados em diversos setores acad\u00eamicos e administrativos.<br \/>Segundo a Portaria 282\/2025, os convocados devem encaminhar os documentos necess\u00e1rios \u00e0 nomea\u00e7\u00e3o (elencados em anexo da portaria) at\u00e9 o dia 08\/06\/2025, exclusivamente por meio do e-mail admissaoconcurso@uneb.br.<\/p>\n<p>Os novos servidores t\u00e9cnicos v\u00e3o exercer suas fun\u00e7\u00f5es em v\u00e1rios departamentos e campi da universidade, na capital e interior do estado, e tamb\u00e9m na administra\u00e7\u00e3o central suprindo car\u00eancia de profissionais nas unidades da institui\u00e7\u00e3o.<\/p>\n<p>\u201cA amplia\u00e7\u00e3o da convoca\u00e7\u00e3o do concurso para t\u00e9cnicos e analistas universit\u00e1rios refor\u00e7a o compromisso da Uneb com a valoriza\u00e7\u00e3o dos servidores e a excel\u00eancia na gest\u00e3o universit\u00e1ria. Com a chegada de mais 140 profissionais, fortalecemos a estrutura da universidade e aprimoramos os servi\u00e7os oferecidos \u00e0 comunidade acad\u00eamica. Esse avan\u00e7o representa um investimento direto na educa\u00e7\u00e3o p\u00fablica e no desenvolvimento da sociedade baiana\u201d, ressalta a reitora da institui\u00e7\u00e3o, Adriana Marmori.<\/p>\n<p>A pr\u00f3-reitora de Gest\u00e3o e Desenvolvimento de Pessoas (PGDP) da Uneb, Ros\u00e2ngela Matos, celebra a expans\u00e3o do quadro de servidores da institui\u00e7\u00e3o como um marco do trabalho da gest\u00e3o e das conquistas obtidas ao longo dos anos. \u201cHoje \u00e9 um dia de muita felicidade para a nossa Uneb. Ver a recomposi\u00e7\u00e3o de nossos quadros de servidores se ampliando a passos largos traduz o reflexo de nossas lutas e do \u00e1rduo trabalho que a nossa gest\u00e3o tem desenvolvido. Neste momento, gostaria de parabenizar nossa reitora, professora Adriana Marmori, a comiss\u00e3o instalada para guiar o concurso e minha equipe da Pr\u00f3-Reitoria de Gest\u00e3o e Desenvolvimento de Pessoas pelo empenho e dedica\u00e7\u00e3o em prol da nossa universidade. Hoje \u00e9 um dia de alegria e celebra\u00e7\u00e3o\u201d, afirma.<\/p>\n<p>Com essa nova chamada, o concurso p\u00fablico (Edital 089\/2024) da Uneb soma o total de 208 convocados, sendo 104 t\u00e9cnicos universit\u00e1rios (n\u00edvel m\u00e9dio) e 104 para analistas universit\u00e1rios (n\u00edvel superior), a partir de convoca\u00e7\u00e3o imediata e da constitui\u00e7\u00e3o de um cadastro reserva de candidatos classificados e n\u00e3o convocados, que poder\u00e3o ser convocados a qualquer momento, assim que houver a aprova\u00e7\u00e3o de novas vagas.<\/p>\n<p>\u201cQuero voltar para Itamaraju e ensinar o skaline e o highline para as crian\u00e7as, para os jovens. N\u00e3o tive nenhum acesso \u00e0 arte e ao esporte quando era mais novo, mas sonho em transformar vidas no meu estado\u201d, conclui, de forma positiva, o Mago do Equil\u00edbrio.<\/p>\n<p><em>Siga o Acorda Cidade no<\/em><a href=\"https:\/\/news.google.com\/search?q=acorda%20cidade&amp;hl=pt-BR&amp;gl=BR&amp;ceid=BR%3Apt-419\"><strong><em>\u00a0Google Not\u00edcias<\/em><\/strong><\/a><em>\u00a0e receba os principais destaques do dia. Participe tamb\u00e9m dos nossos canais no\u00a0<\/em><a href=\"https:\/\/www.whatsapp.com\/channel\/0029Va6Rb4v3WHTNnsh8WI3N\"><strong><em>WhatsApp<\/em><\/strong><\/a><em>\u00a0e\u00a0<\/em><a href=\"https:\/\/www.youtube.com\/@acordacidadenoticias\/videos\"><strong>Youtube<\/strong><\/a><em>\u00a0e grupo de\u00a0<\/em><a href=\"https:\/\/t.me\/+sSz0khrgARA0ZmRh\"><strong><em>Telegram<\/em><\/strong><\/a><em>.<\/em><\/p>\n<\/div>\n","protected":false},"excerpt":{"rendered":"<div>\n<div>\n<figure><img decoding=\"async\" src=\"https:\/\/uploads.acordacidade.com.br\/wp-content\/uploads\/2023\/04\/07173445\/Universidade-do-Estado-da-Bahia-UNEB.jpg\" alt=\"Universidade do Estado da Bahia (UNEB)\"><figcaption>Foto: Feij\u00e3o Almeida\/GOV-BA<\/figcaption><\/figure>\n<\/div>\n<p>Os novos servidores t\u00e9cnicos v\u00e3o exercer suas fun\u00e7\u00f5es em v\u00e1rios departamentos e campi da universidade, na capital e interior do estado.<\/p><\/div>\n","protected":false},"author":1,"featured_media":85848,"comment_status":"closed","ping_status":"closed","sticky":false,"template":"","format":"gallery","meta":{"footnotes":""},"categories":[8,9,6,57,56,10],"tags":[],"class_list":["post-85847","post","type-post","status-publish","format-gallery","has-post-thumbnail","hentry","category-bahia","category-brasil","category-feira-de-santana","category-mundo","category-policia","category-politica","post_format-post-format-gallery"],"featured_image_urls":{"full":["https:\/\/noticiasbahia360.com.br\/wp-content\/uploads\/2025\/05\/Universidade-do-Estado-da-Bahia-UNEB-scaled.jpg",2560,1669,false],"thumbnail":["https:\/\/noticiasbahia360.com.br\/wp-content\/uploads\/2025\/05\/Universidade-do-Estado-da-Bahia-UNEB-150x150.jpg",150,150,true],"medium":["https:\/\/noticiasbahia360.com.br\/wp-content\/uploads\/2025\/05\/Universidade-do-Estado-da-Bahia-UNEB-300x196.jpg",300,196,true],"medium_large":["https:\/\/noticiasbahia360.com.br\/wp-content\/uploads\/2025\/05\/Universidade-do-Estado-da-Bahia-UNEB-768x501.jpg",640,418,true],"large":["https:\/\/noticiasbahia360.com.br\/wp-content\/uploads\/2025\/05\/Universidade-do-Estado-da-Bahia-UNEB-1024x667.jpg",640,417,true],"1536x1536":["https:\/\/noticiasbahia360.com.br\/wp-content\/uploads\/2025\/05\/Universidade-do-Estado-da-Bahia-UNEB-1536x1001.jpg",1536,1001,true],"2048x2048":["https:\/\/noticiasbahia360.com.br\/wp-content\/uploads\/2025\/05\/Universidade-do-Estado-da-Bahia-UNEB-2048x1335.jpg",2048,1335,true],"chromenews-featured":["https:\/\/noticiasbahia360.com.br\/wp-content\/uploads\/2025\/05\/Universidade-do-Estado-da-Bahia-UNEB-1024x667.jpg",1024,667,true],"chromenews-large":["https:\/\/noticiasbahia360.com.br\/wp-content\/uploads\/2025\/05\/Universidade-do-Estado-da-Bahia-UNEB-825x575.jpg",825,575,true],"chromenews-medium":["https:\/\/noticiasbahia360.com.br\/wp-content\/uploads\/2025\/05\/Universidade-do-Estado-da-Bahia-UNEB-590x410.jpg",590,410,true]},"author_info":{"display_name":"noticiasbahia360.com.br","author_link":"https:\/\/noticiasbahia360.com.br\/?author=1"},"category_info":"<a href=\"https:\/\/noticiasbahia360.com.br\/?cat=8\" rel=\"category\">Bahia<\/a> <a href=\"https:\/\/noticiasbahia360.com.br\/?cat=9\" rel=\"category\">Brasil<\/a> <a href=\"https:\/\/noticiasbahia360.com.br\/?cat=6\" rel=\"category\">Feira de Santana<\/a> <a href=\"https:\/\/noticiasbahia360.com.br\/?cat=57\" rel=\"category\">Mundo<\/a> <a href=\"https:\/\/noticiasbahia360.com.br\/?cat=56\" rel=\"category\">Pol\u00edcia<\/a> <a href=\"https:\/\/noticiasbahia360.com.br\/?cat=10\" rel=\"category\">Pol\u00edtica<\/a>","tag_info":"Pol\u00edtica","comment_count":"0","_links":{"self":[{"href":"https:\/\/noticiasbahia360.com.br\/index.php?rest_route=\/wp\/v2\/posts\/85847","targetHints":{"allow":["GET"]}}],"collection":[{"href":"https:\/\/noticiasbahia360.com.br\/index.php?rest_route=\/wp\/v2\/posts"}],"about":[{"href":"https:\/\/noticiasbahia360.com.br\/index.php?rest_route=\/wp\/v2\/types\/post"}],"author":[{"embeddable":true,"href":"https:\/\/noticiasbahia360.com.br\/index.php?rest_route=\/wp\/v2\/users\/1"}],"replies":[{"embeddable":true,"href":"https:\/\/noticiasbahia360.com.br\/index.php?rest_route=%2Fwp%2Fv2%2Fcomments&post=85847"}],"version-history":[{"count":0,"href":"https:\/\/noticiasbahia360.com.br\/index.php?rest_route=\/wp\/v2\/posts\/85847\/revisions"}],"wp:featuredmedia":[{"embeddable":true,"href":"https:\/\/noticiasbahia360.com.br\/index.php?rest_route=\/wp\/v2\/media\/85848"}],"wp:attachment":[{"href":"https:\/\/noticiasbahia360.com.br\/index.php?rest_route=%2Fwp%2Fv2%2Fmedia&parent=85847"}],"wp:term":[{"taxonomy":"category","embeddable":true,"href":"https:\/\/noticiasbahia360.com.br\/index.php?rest_route=%2Fwp%2Fv2%2Fcategories&post=85847"},{"taxonomy":"post_tag","embeddable":true,"href":"https:\/\/noticiasbahia360.com.br\/index.php?rest_route=%2Fwp%2Fv2%2Ftags&post=85847"}],"curies":[{"name":"wp","href":"https:\/\/api.w.org\/{rel}","templated":true}]}}