{"id":85849,"date":"2025-05-12T16:42:32","date_gmt":"2025-05-12T19:42:32","guid":{"rendered":"https:\/\/noticiasbahia360.com.br\/?p=85849"},"modified":"2025-05-12T16:42:32","modified_gmt":"2025-05-12T19:42:32","slug":"uesb-abre-mais-de-250-vagas-para-portadores-de-diploma","status":"publish","type":"post","link":"https:\/\/noticiasbahia360.com.br\/?p=85849","title":{"rendered":"Uesb abre mais de 250 vagas para portadores de diploma"},"content":{"rendered":"<div>\n<div>\n<figure><img decoding=\"async\" src=\"http:\/\/noticiasbahia360.com.br\/wp-content\/uploads\/2025\/05\/VT9GT1eF-Uesb-01_1-1.webp\" alt=\"Uesb\"><figcaption>Foto: Divulga\u00e7\u00e3o\/Ascom Uesb<\/figcaption><\/figure>\n<\/div>\n<p>At\u00e9 o dia 20 de maio, est\u00e3o abertas as <a href=\"https:\/\/www.acordacidade.com.br\/tag\/inscricoes\/\">inscri\u00e7\u00f5es <\/a>do Processo Seletivo para Portador Diploma, voltado para os cursos de gradua\u00e7\u00e3o da Uesb. As inscri\u00e7\u00f5es dever\u00e3o ser realizadas, exclusivamente, pelo site da Uesb. Est\u00e3o sendo ofertadas 265 vagas para 33 op\u00e7\u00f5es de cursos, distribu\u00eddos entre os campi de Itapetinga, Jequi\u00e9 e <a href=\"https:\/\/www.acordacidade.com.br\/tag\/vitoria-da-conquista\/\">Vit\u00f3ria da Conquista<\/a>.<\/p>\n<p>A sele\u00e7\u00e3o ser\u00e1 feita por meio de uma prova escrita (reda\u00e7\u00e3o), a partir de temas previamente definidos pelos colegiados dos Cursos, que ser\u00e3o divulgados em breve. Al\u00e9m disso, ser\u00e1 avaliado o hist\u00f3rico escolar da primeira gradua\u00e7\u00e3o.<\/p>\n<p>A documenta\u00e7\u00e3o necess\u00e1ria para inscri\u00e7\u00e3o consta no Edital 115\/2025, que regulamenta o processo seletivo, e o n\u00famero de vagas por curso no Anexo do documento. Para quem deseja ter atendimento especializado durante a aplica\u00e7\u00e3o da prova, a solicita\u00e7\u00e3o deve ser feita at\u00e9 21 de maio.<\/p>\n<p>Os aprovados ingressar\u00e3o no segundo per\u00edodo letivo de 2025. Mais informa\u00e7\u00f5es ou em caso de d\u00favidas, acesse o Edital ou entre em contato com o setor respons\u00e1vel pelo e-mail pse@uesb.edu.br.<\/p>\n<p><em>Siga o Acorda Cidade no<\/em><a href=\"https:\/\/news.google.com\/search?q=acorda%20cidade&amp;hl=pt-BR&amp;gl=BR&amp;ceid=BR%3Apt-419\"><strong><em>\u00a0Google Not\u00edcias<\/em><\/strong><\/a><em>\u00a0e receba os principais destaques do dia. Participe tamb\u00e9m dos nossos canais no\u00a0<\/em><a href=\"https:\/\/www.whatsapp.com\/channel\/0029Va6Rb4v3WHTNnsh8WI3N\"><strong><em>WhatsApp<\/em><\/strong><\/a><em>\u00a0e\u00a0<\/em><a href=\"https:\/\/www.youtube.com\/@acordacidadenoticias\/videos\"><strong>Youtube<\/strong><\/a><em>\u00a0e grupo de\u00a0<\/em><a href=\"https:\/\/t.me\/+sSz0khrgARA0ZmRh\"><strong><em>Telegram<\/em><\/strong><\/a><em>.<\/em><\/p>\n<\/div>\n","protected":false},"excerpt":{"rendered":"<div>\n<div>\n<figure><img decoding=\"async\" src=\"https:\/\/uploads.acordacidade.com.br\/2025\/04\/VT9GT1eF-Uesb-01_1.webp\" alt=\"Uesb\"><figcaption>Foto: Divulga\u00e7\u00e3o\/Ascom Uesb<\/figcaption><\/figure>\n<\/div>\n<p>At\u00e9 o dia 20 de maio, est\u00e3o abertas as inscri\u00e7\u00f5es do Processo Seletivo para Portador Diploma, voltado para os cursos de gradua\u00e7\u00e3o da Uesb. As inscri\u00e7\u00f5es dever\u00e3o ser realizadas, exclusivamente, pelo site da Uesb. Est\u00e3o sendo ofertadas 265 vagas para 33 op\u00e7\u00f5es de cursos, distribu\u00eddos entre os campi de Itapetinga, Jequi\u00e9 e Vit\u00f3ria da Conquista. [\u2026]<\/p><\/div>\n","protected":false},"author":1,"featured_media":85850,"comment_status":"closed","ping_status":"closed","sticky":false,"template":"","format":"gallery","meta":{"footnotes":""},"categories":[8,9,6,57,56,10],"tags":[],"class_list":["post-85849","post","type-post","status-publish","format-gallery","has-post-thumbnail","hentry","category-bahia","category-brasil","category-feira-de-santana","category-mundo","category-policia","category-politica","post_format-post-format-gallery"],"featured_image_urls":{"full":["https:\/\/noticiasbahia360.com.br\/wp-content\/uploads\/2025\/05\/VT9GT1eF-Uesb-01_1-1.webp",1200,702,false],"thumbnail":["https:\/\/noticiasbahia360.com.br\/wp-content\/uploads\/2025\/05\/VT9GT1eF-Uesb-01_1-1-150x150.webp",150,150,true],"medium":["https:\/\/noticiasbahia360.com.br\/wp-content\/uploads\/2025\/05\/VT9GT1eF-Uesb-01_1-1-300x176.webp",300,176,true],"medium_large":["https:\/\/noticiasbahia360.com.br\/wp-content\/uploads\/2025\/05\/VT9GT1eF-Uesb-01_1-1-768x449.webp",640,374,true],"large":["https:\/\/noticiasbahia360.com.br\/wp-content\/uploads\/2025\/05\/VT9GT1eF-Uesb-01_1-1-1024x599.webp",640,374,true],"1536x1536":["https:\/\/noticiasbahia360.com.br\/wp-content\/uploads\/2025\/05\/VT9GT1eF-Uesb-01_1-1.webp",1200,702,false],"2048x2048":["https:\/\/noticiasbahia360.com.br\/wp-content\/uploads\/2025\/05\/VT9GT1eF-Uesb-01_1-1.webp",1200,702,false],"chromenews-featured":["https:\/\/noticiasbahia360.com.br\/wp-content\/uploads\/2025\/05\/VT9GT1eF-Uesb-01_1-1-1024x599.webp",1024,599,true],"chromenews-large":["https:\/\/noticiasbahia360.com.br\/wp-content\/uploads\/2025\/05\/VT9GT1eF-Uesb-01_1-1-825x575.webp",825,575,true],"chromenews-medium":["https:\/\/noticiasbahia360.com.br\/wp-content\/uploads\/2025\/05\/VT9GT1eF-Uesb-01_1-1-590x410.webp",590,410,true]},"author_info":{"display_name":"noticiasbahia360.com.br","author_link":"https:\/\/noticiasbahia360.com.br\/?author=1"},"category_info":"<a href=\"https:\/\/noticiasbahia360.com.br\/?cat=8\" rel=\"category\">Bahia<\/a> <a href=\"https:\/\/noticiasbahia360.com.br\/?cat=9\" rel=\"category\">Brasil<\/a> <a href=\"https:\/\/noticiasbahia360.com.br\/?cat=6\" rel=\"category\">Feira de Santana<\/a> <a href=\"https:\/\/noticiasbahia360.com.br\/?cat=57\" rel=\"category\">Mundo<\/a> <a href=\"https:\/\/noticiasbahia360.com.br\/?cat=56\" rel=\"category\">Pol\u00edcia<\/a> <a href=\"https:\/\/noticiasbahia360.com.br\/?cat=10\" rel=\"category\">Pol\u00edtica<\/a>","tag_info":"Pol\u00edtica","comment_count":"0","_links":{"self":[{"href":"https:\/\/noticiasbahia360.com.br\/index.php?rest_route=\/wp\/v2\/posts\/85849","targetHints":{"allow":["GET"]}}],"collection":[{"href":"https:\/\/noticiasbahia360.com.br\/index.php?rest_route=\/wp\/v2\/posts"}],"about":[{"href":"https:\/\/noticiasbahia360.com.br\/index.php?rest_route=\/wp\/v2\/types\/post"}],"author":[{"embeddable":true,"href":"https:\/\/noticiasbahia360.com.br\/index.php?rest_route=\/wp\/v2\/users\/1"}],"replies":[{"embeddable":true,"href":"https:\/\/noticiasbahia360.com.br\/index.php?rest_route=%2Fwp%2Fv2%2Fcomments&post=85849"}],"version-history":[{"count":0,"href":"https:\/\/noticiasbahia360.com.br\/index.php?rest_route=\/wp\/v2\/posts\/85849\/revisions"}],"wp:featuredmedia":[{"embeddable":true,"href":"https:\/\/noticiasbahia360.com.br\/index.php?rest_route=\/wp\/v2\/media\/85850"}],"wp:attachment":[{"href":"https:\/\/noticiasbahia360.com.br\/index.php?rest_route=%2Fwp%2Fv2%2Fmedia&parent=85849"}],"wp:term":[{"taxonomy":"category","embeddable":true,"href":"https:\/\/noticiasbahia360.com.br\/index.php?rest_route=%2Fwp%2Fv2%2Fcategories&post=85849"},{"taxonomy":"post_tag","embeddable":true,"href":"https:\/\/noticiasbahia360.com.br\/index.php?rest_route=%2Fwp%2Fv2%2Ftags&post=85849"}],"curies":[{"name":"wp","href":"https:\/\/api.w.org\/{rel}","templated":true}]}}