{"id":85851,"date":"2025-05-12T17:07:34","date_gmt":"2025-05-12T20:07:34","guid":{"rendered":"https:\/\/noticiasbahia360.com.br\/?p=85851"},"modified":"2025-05-12T17:07:34","modified_gmt":"2025-05-12T20:07:34","slug":"lupin-esta-de-volta-gravacoes-da-serie-ja-iniciaram-em-paris","status":"publish","type":"post","link":"https:\/\/noticiasbahia360.com.br\/?p=85851","title":{"rendered":"Lupin est\u00e1 de volta: grava\u00e7\u00f5es da s\u00e9rie j\u00e1 iniciaram em Paris"},"content":{"rendered":"<div>\n<div>\n<figure><img decoding=\"async\" src=\"http:\/\/noticiasbahia360.com.br\/wp-content\/uploads\/2025\/05\/kgR1nTZi-Lupin.webp\" alt=\"Lupin\"><figcaption>Foto: Divulga\u00e7\u00e3o\/Netflix<\/figcaption><\/figure>\n<\/div>\n<p>O fen\u00f4meno est\u00e1 retornando! A <a href=\"https:\/\/www.acordacidade.com.br\/tag\/netflix\/\">Netflix<\/a> anuncia, nesta segunda-feira (12), o in\u00edcio das grava\u00e7\u00f5es da Parte 4 de Lupin na charmosa cidade de Paris. Omar Sy retorna ao papel de Assane Diop, o ladr\u00e3o elegante que conquistou os telespectadores ao redor do mundo.<\/p>\n<p>Aclamada pelo p\u00fablico e pela cr\u00edtica, a s\u00e9rie francesa se firmou como uma das produ\u00e7\u00f5es de l\u00edngua n\u00e3o-inglesa mais populares da hist\u00f3ria da Netflix, com as tr\u00eas primeiras temporadas ocupando, respectivamente, a terceira, sexta e d\u00e9cima posi\u00e7\u00f5es no ranking hist\u00f3rico da plataforma.<\/p>\n<p>Inspirada pelas cl\u00e1ssicas hist\u00f3rias de Ars\u00e8ne Lupin, criadas por Maurice Leblanc, Lupin surpreende com as reviravoltas e personagens cativantes, tendo como cen\u00e1rio a beleza inconfund\u00edvel de Paris. Com dire\u00e7\u00e3o de Edouard Salier, Everardo Gout e Hugo Gelin, a nova temporada contar\u00e1 com oito epis\u00f3dios de 45 minutos.<\/p>\n<h2 class=\"wp-block-heading\" id=\"h-sobre-a-4\u00aa-temporada-de-lupin\">Sobre a 4\u00aa Temporada de Lupin<\/h2>\n<p><strong>A s\u00e9rie \u00e9 inspirada na obra e personagem \u2018Ars\u00e8ne Lupin\u2019, criada por Maurice Leblanc, e foi criada por George Kay em colabora\u00e7\u00e3o com Fran\u00e7ois Uzan, contando com a participa\u00e7\u00e3o de Marie Roussin, Florent Meyer e Tigran Rosine.<br \/>Showrunners: Omar Sy e Louis Leterrier<br \/>Dire\u00e7\u00e3o: Edouard Salier, Everardo Gout e Hugo Gelin<br \/>Roteiro: Mathilde Arnaud, Jean-Yves Arnaud, Florent Meyer, Tigran Rosine e Pennda Ba<br \/>Elenco: Omar Sy, Ludivine Sagnier, Antoine Gouy, Soufiane Guerrab, Shirine Boutella, Th\u00e9o Christine, La\u00efka Blanc-Francard<br \/>Produzida por Gaumont com a participa\u00e7\u00e3o de Carrousel Studios<\/strong><\/p>\n<h2 class=\"wp-block-heading\" id=\"h-veja-o-video\">Veja o v\u00eddeo:<\/h2>\n<figure class=\"wp-block-embed is-type-video is-provider-youtube wp-block-embed-youtube wp-embed-aspect-16-9 wp-has-aspect-ratio\">\n<div class=\"wp-block-embed__wrapper\">\n<iframe class=\"aspect-9x16\" title=\"LUPIN VAI VOLTAR \ud83c\udfa9 #lupin\" width=\"500\" height=\"281\" src=\"https:\/\/www.youtube.com\/embed\/vx1bpo-TMfA?feature=oembed\" frameborder=\"0\" allow=\"accelerometer; autoplay; clipboard-write; encrypted-media; gyroscope; picture-in-picture; web-share\" referrerpolicy=\"strict-origin-when-cross-origin\" allowfullscreen><\/iframe>\n<\/div>\n<\/figure>\n<p><em>Siga o Acorda Cidade no<\/em><a href=\"https:\/\/news.google.com\/search?q=acorda%20cidade&amp;hl=pt-BR&amp;gl=BR&amp;ceid=BR%3Apt-419\"><strong><em>\u00a0Google Not\u00edcias<\/em><\/strong><\/a><em>\u00a0e receba os principais destaques do dia. Participe tamb\u00e9m dos nossos canais no\u00a0<\/em><a href=\"https:\/\/www.whatsapp.com\/channel\/0029Va6Rb4v3WHTNnsh8WI3N\"><strong><em>WhatsApp<\/em><\/strong><\/a><em>\u00a0e\u00a0<\/em><a href=\"https:\/\/www.youtube.com\/@acordacidadenoticias\/videos\"><strong>Youtube<\/strong><\/a><em>\u00a0e grupo de\u00a0<\/em><a href=\"https:\/\/t.me\/+sSz0khrgARA0ZmRh\"><strong><em>Telegram<\/em><\/strong><\/a><em>.<\/em><\/p>\n<\/div>\n","protected":false},"excerpt":{"rendered":"<div>\n<div>\n<figure><img decoding=\"async\" src=\"https:\/\/uploads.acordacidade.com.br\/2025\/05\/kgR1nTZi-Lupin.webp\" alt=\"Lupin\"><figcaption>Foto: Divulga\u00e7\u00e3o\/Netflix<\/figcaption><\/figure>\n<\/div>\n<p>Omar Sy retorna ao papel de Assane Diop na Parte 4 do sucesso global da Netflix.<\/p><\/div>\n","protected":false},"author":1,"featured_media":85852,"comment_status":"closed","ping_status":"closed","sticky":false,"template":"","format":"gallery","meta":{"footnotes":""},"categories":[8,9,6,57,56,10],"tags":[],"class_list":["post-85851","post","type-post","status-publish","format-gallery","has-post-thumbnail","hentry","category-bahia","category-brasil","category-feira-de-santana","category-mundo","category-policia","category-politica","post_format-post-format-gallery"],"featured_image_urls":{"full":["https:\/\/noticiasbahia360.com.br\/wp-content\/uploads\/2025\/05\/kgR1nTZi-Lupin.webp",1200,800,false],"thumbnail":["https:\/\/noticiasbahia360.com.br\/wp-content\/uploads\/2025\/05\/kgR1nTZi-Lupin-150x150.webp",150,150,true],"medium":["https:\/\/noticiasbahia360.com.br\/wp-content\/uploads\/2025\/05\/kgR1nTZi-Lupin-300x200.webp",300,200,true],"medium_large":["https:\/\/noticiasbahia360.com.br\/wp-content\/uploads\/2025\/05\/kgR1nTZi-Lupin-768x512.webp",640,427,true],"large":["https:\/\/noticiasbahia360.com.br\/wp-content\/uploads\/2025\/05\/kgR1nTZi-Lupin-1024x683.webp",640,427,true],"1536x1536":["https:\/\/noticiasbahia360.com.br\/wp-content\/uploads\/2025\/05\/kgR1nTZi-Lupin.webp",1200,800,false],"2048x2048":["https:\/\/noticiasbahia360.com.br\/wp-content\/uploads\/2025\/05\/kgR1nTZi-Lupin.webp",1200,800,false],"chromenews-featured":["https:\/\/noticiasbahia360.com.br\/wp-content\/uploads\/2025\/05\/kgR1nTZi-Lupin-1024x683.webp",1024,683,true],"chromenews-large":["https:\/\/noticiasbahia360.com.br\/wp-content\/uploads\/2025\/05\/kgR1nTZi-Lupin-825x575.webp",825,575,true],"chromenews-medium":["https:\/\/noticiasbahia360.com.br\/wp-content\/uploads\/2025\/05\/kgR1nTZi-Lupin-590x410.webp",590,410,true]},"author_info":{"display_name":"noticiasbahia360.com.br","author_link":"https:\/\/noticiasbahia360.com.br\/?author=1"},"category_info":"<a href=\"https:\/\/noticiasbahia360.com.br\/?cat=8\" rel=\"category\">Bahia<\/a> <a href=\"https:\/\/noticiasbahia360.com.br\/?cat=9\" rel=\"category\">Brasil<\/a> <a href=\"https:\/\/noticiasbahia360.com.br\/?cat=6\" rel=\"category\">Feira de Santana<\/a> <a href=\"https:\/\/noticiasbahia360.com.br\/?cat=57\" rel=\"category\">Mundo<\/a> <a href=\"https:\/\/noticiasbahia360.com.br\/?cat=56\" rel=\"category\">Pol\u00edcia<\/a> <a href=\"https:\/\/noticiasbahia360.com.br\/?cat=10\" rel=\"category\">Pol\u00edtica<\/a>","tag_info":"Pol\u00edtica","comment_count":"0","_links":{"self":[{"href":"https:\/\/noticiasbahia360.com.br\/index.php?rest_route=\/wp\/v2\/posts\/85851","targetHints":{"allow":["GET"]}}],"collection":[{"href":"https:\/\/noticiasbahia360.com.br\/index.php?rest_route=\/wp\/v2\/posts"}],"about":[{"href":"https:\/\/noticiasbahia360.com.br\/index.php?rest_route=\/wp\/v2\/types\/post"}],"author":[{"embeddable":true,"href":"https:\/\/noticiasbahia360.com.br\/index.php?rest_route=\/wp\/v2\/users\/1"}],"replies":[{"embeddable":true,"href":"https:\/\/noticiasbahia360.com.br\/index.php?rest_route=%2Fwp%2Fv2%2Fcomments&post=85851"}],"version-history":[{"count":0,"href":"https:\/\/noticiasbahia360.com.br\/index.php?rest_route=\/wp\/v2\/posts\/85851\/revisions"}],"wp:featuredmedia":[{"embeddable":true,"href":"https:\/\/noticiasbahia360.com.br\/index.php?rest_route=\/wp\/v2\/media\/85852"}],"wp:attachment":[{"href":"https:\/\/noticiasbahia360.com.br\/index.php?rest_route=%2Fwp%2Fv2%2Fmedia&parent=85851"}],"wp:term":[{"taxonomy":"category","embeddable":true,"href":"https:\/\/noticiasbahia360.com.br\/index.php?rest_route=%2Fwp%2Fv2%2Fcategories&post=85851"},{"taxonomy":"post_tag","embeddable":true,"href":"https:\/\/noticiasbahia360.com.br\/index.php?rest_route=%2Fwp%2Fv2%2Ftags&post=85851"}],"curies":[{"name":"wp","href":"https:\/\/api.w.org\/{rel}","templated":true}]}}