{"id":85853,"date":"2025-05-12T17:15:11","date_gmt":"2025-05-12T20:15:11","guid":{"rendered":"https:\/\/noticiasbahia360.com.br\/?p=85853"},"modified":"2025-05-12T17:15:11","modified_gmt":"2025-05-12T20:15:11","slug":"no-brasil-carlo-ancelotti-tera-salario-milionario-casa-de-luxo-e-jatinho-disponivel","status":"publish","type":"post","link":"https:\/\/noticiasbahia360.com.br\/?p=85853","title":{"rendered":"No Brasil, Carlo Ancelotti ter\u00e1 sal\u00e1rio milion\u00e1rio, casa de luxo e jatinho dispon\u00edvel"},"content":{"rendered":"<div>\n<div>\n<figure><img decoding=\"async\" src=\"http:\/\/noticiasbahia360.com.br\/wp-content\/uploads\/2025\/05\/carlo-ancelotti-2.jpg\" alt=\"No Brasil, Carlo Ancelotti ter\u00e1 sal\u00e1rio milion\u00e1rio, casa de luxo e jatinho dispon\u00edvel\"><figcaption>Foto: Divulga\u00e7\u00e3o\/ @realmadrid<\/figcaption><\/figure>\n<\/div>\n<p>O italiano Carlo Ancelotti, assume o comando da sele\u00e7\u00e3o brasileira no dia 26 de maio. Conhecido por ser um t\u00e9cnico que coleciona dezenas de t\u00edtulos pelos clubes em que treinou. S\u00e3o cerca de 32 t\u00edtulos, sendo 17 nacionais e 15 internacionais.<\/p>\n<h2 class=\"wp-block-heading\" id=\"h-times\">Times<\/h2>\n<p>Atualmente com 62 anos e uma carreira de sucesso, Carlo Ancelotti j\u00e1 treinou clubes como Bayern de Munique, Paris Saint-Germain, Juventus, Milan, Chelsea, Napoli, Everton e Real Madri, o seu \u00faltimo time.<\/p>\n<p>Ele \u00e9 o t\u00e9cnico que mais venceu a Liga dos Campe\u00f5es da Uni\u00e3o das Associa\u00e7\u00f5es Europeias de Futebol Associa\u00e7\u00e3o de futebol (Uefa), al\u00e9m de ser o \u00fanico a vencer cinco das principais ligas europeias.<\/p>\n<h2 class=\"wp-block-heading\" id=\"h-salario-no-real-madrid\">Sal\u00e1rio no Real Madrid<\/h2>\n<p>Com um dos maiores sal\u00e1rios de t\u00e9cnicos do mundo, no Real Madrid, Ancelotti ganhava cerca de 11 milh\u00f5es de euros (cerca de R$ 70 milh\u00f5es) por ano, como apurou o jornal espanhol As.<\/p>\n<h2 class=\"wp-block-heading\" id=\"h-salario-na-selecao-brasileira\">Sal\u00e1rio na Sele\u00e7\u00e3o Brasileira<\/h2>\n<p>Sendo o terceiro estrangeiro a comandar a sele\u00e7\u00e3o masculina principal, segundo o jornal espanhol As, foi acordado que Carlo Ancelotti receber\u00e1 da Confedera\u00e7\u00e3o Brasileira de Futebol (CBF) aproximadamente R$ 5 milh\u00f5es mensais, sendo cerca de R$ 166 mil por dia, R$ 1,16 milh\u00e3o e R$ 63 milh\u00f5es por ano.<\/p>\n<p>O contrato do t\u00e9cnico vai at\u00e9 junho de 2026.<\/p>\n<h2 class=\"wp-block-heading\" id=\"h-bonus\">B\u00f4nus<\/h2>\n<p>Em caso de t\u00edtulo para a sele\u00e7\u00e3o brasileira na copa de 2026, nos Canad\u00e1, Estados Unidos e M\u00e9xico, o treinador receber\u00e1 um b\u00f4nus no valor de 5 milh\u00f5es de euros (cerca de R$ 31,61 milh\u00f5es).<\/p>\n<h2 class=\"wp-block-heading\" id=\"h-regalias\">Regalias<\/h2>\n<figure class=\"wp-block-image size-large\"><img fetchpriority=\"high\" data-dominant-color=\"3f343a\" data-has-transparency=\"false\" style=\"--dominant-color: #3f343a;\" fetchpriority=\"high\" decoding=\"async\" width=\"1024\" height=\"577\" sizes=\"(max-width: 1024px) 100vw, 1024px\" src=\"http:\/\/noticiasbahia360.com.br\/wp-content\/uploads\/2025\/05\/upINrfzj-carlo-ancelotti-1024x577-1.webp\" alt=\"No Brasil, Carlo Ancelotti ter\u00e1 sal\u00e1rio milion\u00e1rio, casa de luxo e jatinho dispon\u00edvel\" class=\"wp-image-552513 not-transparent\" srcset=\"https:\/\/uploads.acordacidade.com.br\/2025\/05\/upINrfzj-carlo-ancelotti-300x169.webp 300w, http:\/\/noticiasbahia360.com.br\/wp-content\/uploads\/2025\/05\/upINrfzj-carlo-ancelotti-1024x577-1.webp 1024w, https:\/\/uploads.acordacidade.com.br\/2025\/05\/upINrfzj-carlo-ancelotti-768x432.webp 768w, https:\/\/uploads.acordacidade.com.br\/2025\/05\/upINrfzj-carlo-ancelotti-150x84.webp 150w, https:\/\/uploads.acordacidade.com.br\/2025\/05\/upINrfzj-carlo-ancelotti.webp 1316w\"><figcaption class=\"wp-element-caption\">Foto: Divulga\u00e7\u00e3o\/ Real Madrid<\/figcaption><\/figure>\n<p>Numa negocia\u00e7\u00e3o que durou semanas, entre a CBF e Carlo Ancelotti, ficou decidido que no Brasil o treinador ter\u00e1 diversos benef\u00edcios, como uma casa de luxo, seguro de vida, um carro blindado e um jato alugado \u00e0 disposi\u00e7\u00e3o para leva-lo para Europa sempre que desejar, segundo o R7 Esportes.<\/p>\n<p><em>Siga o Acorda Cidade no<\/em><a href=\"https:\/\/news.google.com\/search?q=acorda%20cidade&amp;hl=pt-BR&amp;gl=BR&amp;ceid=BR%3Apt-419\"><strong><em>\u00a0Google Not\u00edcias<\/em><\/strong><\/a><em>\u00a0e receba os principais destaques do dia. Participe tamb\u00e9m dos nossos canais no\u00a0<\/em><a href=\"https:\/\/www.whatsapp.com\/channel\/0029Va6Rb4v3WHTNnsh8WI3N\"><strong><em>WhatsApp<\/em><\/strong><\/a><em>\u00a0e\u00a0<\/em><a href=\"https:\/\/www.youtube.com\/@acordacidadenoticias\/videos\"><strong>Youtube<\/strong><\/a><em>\u00a0e grupo de\u00a0<\/em><a href=\"https:\/\/t.me\/+sSz0khrgARA0ZmRh\"><strong><em>Telegram<\/em><\/strong><\/a><em>.<\/em><\/p>\n<\/div>\n","protected":false},"excerpt":{"rendered":"<div>\n<div>\n<figure><img decoding=\"async\" src=\"https:\/\/uploads.acordacidade.com.br\/2025\/05\/carlo-ancelotti-2.jpg\" alt=\"No Brasil, Carlo Ancelotti ter\u00e1 sal\u00e1rio milion\u00e1rio, casa de luxo e jatinho dispon\u00edvel\"><figcaption>Foto: Divulga\u00e7\u00e3o\/ @realmadrid<\/figcaption><\/figure>\n<\/div>\n<p>Em caso de t\u00edtulo para a sele\u00e7\u00e3o brasileira na copa de 2026, nos Canad\u00e1, Estados Unidos e M\u00e9xico, o treinador receber\u00e1 um b\u00f4nus.<\/p><\/div>\n","protected":false},"author":1,"featured_media":85854,"comment_status":"closed","ping_status":"closed","sticky":false,"template":"","format":"gallery","meta":{"footnotes":""},"categories":[8,9,6,57,56,10],"tags":[],"class_list":["post-85853","post","type-post","status-publish","format-gallery","has-post-thumbnail","hentry","category-bahia","category-brasil","category-feira-de-santana","category-mundo","category-policia","category-politica","post_format-post-format-gallery"],"featured_image_urls":{"full":["https:\/\/noticiasbahia360.com.br\/wp-content\/uploads\/2025\/05\/carlo-ancelotti-2.jpg",1314,737,false],"thumbnail":["https:\/\/noticiasbahia360.com.br\/wp-content\/uploads\/2025\/05\/carlo-ancelotti-2-150x150.jpg",150,150,true],"medium":["https:\/\/noticiasbahia360.com.br\/wp-content\/uploads\/2025\/05\/carlo-ancelotti-2-300x168.jpg",300,168,true],"medium_large":["https:\/\/noticiasbahia360.com.br\/wp-content\/uploads\/2025\/05\/carlo-ancelotti-2-768x431.jpg",640,359,true],"large":["https:\/\/noticiasbahia360.com.br\/wp-content\/uploads\/2025\/05\/carlo-ancelotti-2-1024x574.jpg",640,359,true],"1536x1536":["https:\/\/noticiasbahia360.com.br\/wp-content\/uploads\/2025\/05\/carlo-ancelotti-2.jpg",1314,737,false],"2048x2048":["https:\/\/noticiasbahia360.com.br\/wp-content\/uploads\/2025\/05\/carlo-ancelotti-2.jpg",1314,737,false],"chromenews-featured":["https:\/\/noticiasbahia360.com.br\/wp-content\/uploads\/2025\/05\/carlo-ancelotti-2-1024x574.jpg",1024,574,true],"chromenews-large":["https:\/\/noticiasbahia360.com.br\/wp-content\/uploads\/2025\/05\/carlo-ancelotti-2-825x575.jpg",825,575,true],"chromenews-medium":["https:\/\/noticiasbahia360.com.br\/wp-content\/uploads\/2025\/05\/carlo-ancelotti-2-590x410.jpg",590,410,true]},"author_info":{"display_name":"noticiasbahia360.com.br","author_link":"https:\/\/noticiasbahia360.com.br\/?author=1"},"category_info":"<a href=\"https:\/\/noticiasbahia360.com.br\/?cat=8\" rel=\"category\">Bahia<\/a> <a href=\"https:\/\/noticiasbahia360.com.br\/?cat=9\" rel=\"category\">Brasil<\/a> <a href=\"https:\/\/noticiasbahia360.com.br\/?cat=6\" rel=\"category\">Feira de Santana<\/a> <a href=\"https:\/\/noticiasbahia360.com.br\/?cat=57\" rel=\"category\">Mundo<\/a> <a href=\"https:\/\/noticiasbahia360.com.br\/?cat=56\" rel=\"category\">Pol\u00edcia<\/a> <a href=\"https:\/\/noticiasbahia360.com.br\/?cat=10\" rel=\"category\">Pol\u00edtica<\/a>","tag_info":"Pol\u00edtica","comment_count":"0","_links":{"self":[{"href":"https:\/\/noticiasbahia360.com.br\/index.php?rest_route=\/wp\/v2\/posts\/85853","targetHints":{"allow":["GET"]}}],"collection":[{"href":"https:\/\/noticiasbahia360.com.br\/index.php?rest_route=\/wp\/v2\/posts"}],"about":[{"href":"https:\/\/noticiasbahia360.com.br\/index.php?rest_route=\/wp\/v2\/types\/post"}],"author":[{"embeddable":true,"href":"https:\/\/noticiasbahia360.com.br\/index.php?rest_route=\/wp\/v2\/users\/1"}],"replies":[{"embeddable":true,"href":"https:\/\/noticiasbahia360.com.br\/index.php?rest_route=%2Fwp%2Fv2%2Fcomments&post=85853"}],"version-history":[{"count":0,"href":"https:\/\/noticiasbahia360.com.br\/index.php?rest_route=\/wp\/v2\/posts\/85853\/revisions"}],"wp:featuredmedia":[{"embeddable":true,"href":"https:\/\/noticiasbahia360.com.br\/index.php?rest_route=\/wp\/v2\/media\/85854"}],"wp:attachment":[{"href":"https:\/\/noticiasbahia360.com.br\/index.php?rest_route=%2Fwp%2Fv2%2Fmedia&parent=85853"}],"wp:term":[{"taxonomy":"category","embeddable":true,"href":"https:\/\/noticiasbahia360.com.br\/index.php?rest_route=%2Fwp%2Fv2%2Fcategories&post=85853"},{"taxonomy":"post_tag","embeddable":true,"href":"https:\/\/noticiasbahia360.com.br\/index.php?rest_route=%2Fwp%2Fv2%2Ftags&post=85853"}],"curies":[{"name":"wp","href":"https:\/\/api.w.org\/{rel}","templated":true}]}}