{"id":85856,"date":"2025-05-12T17:15:17","date_gmt":"2025-05-12T20:15:17","guid":{"rendered":"https:\/\/noticiasbahia360.com.br\/?p=85856"},"modified":"2025-05-12T17:15:17","modified_gmt":"2025-05-12T20:15:17","slug":"homem-encontra-corpo-em-porta-malas-de-carro-e-aciona-a-policia","status":"publish","type":"post","link":"https:\/\/noticiasbahia360.com.br\/?p=85856","title":{"rendered":"Homem encontra corpo em porta-malas de carro e aciona a pol\u00edcia"},"content":{"rendered":"<div>\n<div>\n<figure><img decoding=\"async\" src=\"http:\/\/noticiasbahia360.com.br\/wp-content\/uploads\/2025\/05\/Homem-encontra-corpo-em-porta-malas-de-carro-e-aciona-a-policia-.jpg\" alt=\"Homem encontra corpo em porta-malas de carro e aciona a pol\u00edcia\"><figcaption>Foto: Ivonaldo Paiva \/ Blog do Braga<\/p>\n<\/figcaption><\/figure>\n<\/div>\n<p>Um homem procurou a <a href=\"https:\/\/www.acordacidade.com.br\/tag\/policia-civil\/\">Pol\u00edcia Civil<\/a> ap\u00f3s encontrar um corpo no porta-malas do carro dele. O carro aconteceu no domingo (11) na cidade de <a href=\"https:\/\/www.acordacidade.com.br\/tag\/barreiras\/\">Barreiras<\/a>, oeste da Bahia.<\/p>\n<p>De acordo o portal g1, a Pol\u00edcia Civil informou que o homem disse que levou o ve\u00edculo para uma concession\u00e1ria, onde pretendia vender no s\u00e1bado (10). Como n\u00e3o conseguiu fazer a venda, ele pegou de volta, estacionou na frente de casa e fez uma vistoria, quando encontrou o corpo no local.<\/p>\n<p>O corpo, que n\u00e3o tinha sinais de <a href=\"https:\/\/www.acordacidade.com.br\/tag\/violencia\/\">viol\u00eancia <\/a>aparentes, foi identificado como de Thiago Foloni Silva, de 29 anos, natural de S\u00e3o Benedito, no Cear\u00e1. Ainda segundo a pol\u00edcia, o dono do carro contou que n\u00e3o conhece Thiago e n\u00e3o sabe como o corpo dele foi colocado no ve\u00edculo.<\/p>\n<p>O corpo dele foi levado para o Departamento de Pol\u00edcia T\u00e9cnica (DPT) de Barreiras, onde passar\u00e1 por per\u00edcia, para identificar a causa da morte. A Pol\u00edcia est\u00e1 investigando o caso.<\/p>\n<p><em>Siga o Acorda Cidade no<\/em><a href=\"https:\/\/news.google.com\/search?q=acorda%20cidade&amp;hl=pt-BR&amp;gl=BR&amp;ceid=BR%3Apt-419\"><strong><em>\u00a0Google Not\u00edcias<\/em><\/strong><\/a><em>\u00a0e receba os principais destaques do dia. Participe tamb\u00e9m dos nossos canais no\u00a0<\/em><a href=\"https:\/\/www.whatsapp.com\/channel\/0029Va6Rb4v3WHTNnsh8WI3N\"><strong><em>WhatsApp<\/em><\/strong><\/a><em>\u00a0e\u00a0<\/em><a href=\"https:\/\/www.youtube.com\/@acordacidadenoticias\/videos\"><strong>Youtube<\/strong><\/a><em>\u00a0e grupo de\u00a0<\/em><a href=\"https:\/\/t.me\/+sSz0khrgARA0ZmRh\"><strong><em>Telegram<\/em><\/strong><\/a><em>.<\/em><\/p>\n<\/div>\n","protected":false},"excerpt":{"rendered":"<div>\n<div>\n<figure><img decoding=\"async\" src=\"https:\/\/uploads.acordacidade.com.br\/2025\/05\/Homem-encontra-corpo-em-porta-malas-de-carro-e-aciona-a-policia-.jpg\" alt=\"Homem encontra corpo em porta-malas de carro e aciona a pol\u00edcia\"><figcaption>Foto: Ivonaldo Paiva \/ Blog do Braga<\/p>\n<\/figcaption><\/figure>\n<\/div>\n<p>A Pol\u00edcia est\u00e1 investigando o caso.<\/p><\/div>\n","protected":false},"author":1,"featured_media":85857,"comment_status":"closed","ping_status":"closed","sticky":false,"template":"","format":"gallery","meta":{"footnotes":""},"categories":[8,9,6,57,56,10],"tags":[],"class_list":["post-85856","post","type-post","status-publish","format-gallery","has-post-thumbnail","hentry","category-bahia","category-brasil","category-feira-de-santana","category-mundo","category-policia","category-politica","post_format-post-format-gallery"],"featured_image_urls":{"full":["https:\/\/noticiasbahia360.com.br\/wp-content\/uploads\/2025\/05\/Homem-encontra-corpo-em-porta-malas-de-carro-e-aciona-a-policia-.jpg",1200,676,false],"thumbnail":["https:\/\/noticiasbahia360.com.br\/wp-content\/uploads\/2025\/05\/Homem-encontra-corpo-em-porta-malas-de-carro-e-aciona-a-policia--150x150.jpg",150,150,true],"medium":["https:\/\/noticiasbahia360.com.br\/wp-content\/uploads\/2025\/05\/Homem-encontra-corpo-em-porta-malas-de-carro-e-aciona-a-policia--300x169.jpg",300,169,true],"medium_large":["https:\/\/noticiasbahia360.com.br\/wp-content\/uploads\/2025\/05\/Homem-encontra-corpo-em-porta-malas-de-carro-e-aciona-a-policia--768x433.jpg",640,361,true],"large":["https:\/\/noticiasbahia360.com.br\/wp-content\/uploads\/2025\/05\/Homem-encontra-corpo-em-porta-malas-de-carro-e-aciona-a-policia--1024x577.jpg",640,361,true],"1536x1536":["https:\/\/noticiasbahia360.com.br\/wp-content\/uploads\/2025\/05\/Homem-encontra-corpo-em-porta-malas-de-carro-e-aciona-a-policia-.jpg",1200,676,false],"2048x2048":["https:\/\/noticiasbahia360.com.br\/wp-content\/uploads\/2025\/05\/Homem-encontra-corpo-em-porta-malas-de-carro-e-aciona-a-policia-.jpg",1200,676,false],"chromenews-featured":["https:\/\/noticiasbahia360.com.br\/wp-content\/uploads\/2025\/05\/Homem-encontra-corpo-em-porta-malas-de-carro-e-aciona-a-policia--1024x577.jpg",1024,577,true],"chromenews-large":["https:\/\/noticiasbahia360.com.br\/wp-content\/uploads\/2025\/05\/Homem-encontra-corpo-em-porta-malas-de-carro-e-aciona-a-policia--825x575.jpg",825,575,true],"chromenews-medium":["https:\/\/noticiasbahia360.com.br\/wp-content\/uploads\/2025\/05\/Homem-encontra-corpo-em-porta-malas-de-carro-e-aciona-a-policia--590x410.jpg",590,410,true]},"author_info":{"display_name":"noticiasbahia360.com.br","author_link":"https:\/\/noticiasbahia360.com.br\/?author=1"},"category_info":"<a href=\"https:\/\/noticiasbahia360.com.br\/?cat=8\" rel=\"category\">Bahia<\/a> <a href=\"https:\/\/noticiasbahia360.com.br\/?cat=9\" rel=\"category\">Brasil<\/a> <a href=\"https:\/\/noticiasbahia360.com.br\/?cat=6\" rel=\"category\">Feira de Santana<\/a> <a href=\"https:\/\/noticiasbahia360.com.br\/?cat=57\" rel=\"category\">Mundo<\/a> <a href=\"https:\/\/noticiasbahia360.com.br\/?cat=56\" rel=\"category\">Pol\u00edcia<\/a> <a href=\"https:\/\/noticiasbahia360.com.br\/?cat=10\" rel=\"category\">Pol\u00edtica<\/a>","tag_info":"Pol\u00edtica","comment_count":"0","_links":{"self":[{"href":"https:\/\/noticiasbahia360.com.br\/index.php?rest_route=\/wp\/v2\/posts\/85856","targetHints":{"allow":["GET"]}}],"collection":[{"href":"https:\/\/noticiasbahia360.com.br\/index.php?rest_route=\/wp\/v2\/posts"}],"about":[{"href":"https:\/\/noticiasbahia360.com.br\/index.php?rest_route=\/wp\/v2\/types\/post"}],"author":[{"embeddable":true,"href":"https:\/\/noticiasbahia360.com.br\/index.php?rest_route=\/wp\/v2\/users\/1"}],"replies":[{"embeddable":true,"href":"https:\/\/noticiasbahia360.com.br\/index.php?rest_route=%2Fwp%2Fv2%2Fcomments&post=85856"}],"version-history":[{"count":0,"href":"https:\/\/noticiasbahia360.com.br\/index.php?rest_route=\/wp\/v2\/posts\/85856\/revisions"}],"wp:featuredmedia":[{"embeddable":true,"href":"https:\/\/noticiasbahia360.com.br\/index.php?rest_route=\/wp\/v2\/media\/85857"}],"wp:attachment":[{"href":"https:\/\/noticiasbahia360.com.br\/index.php?rest_route=%2Fwp%2Fv2%2Fmedia&parent=85856"}],"wp:term":[{"taxonomy":"category","embeddable":true,"href":"https:\/\/noticiasbahia360.com.br\/index.php?rest_route=%2Fwp%2Fv2%2Fcategories&post=85856"},{"taxonomy":"post_tag","embeddable":true,"href":"https:\/\/noticiasbahia360.com.br\/index.php?rest_route=%2Fwp%2Fv2%2Ftags&post=85856"}],"curies":[{"name":"wp","href":"https:\/\/api.w.org\/{rel}","templated":true}]}}