{"id":85858,"date":"2025-05-12T18:10:17","date_gmt":"2025-05-12T21:10:17","guid":{"rendered":"https:\/\/noticiasbahia360.com.br\/?p=85858"},"modified":"2025-05-12T18:10:17","modified_gmt":"2025-05-12T21:10:17","slug":"professores-da-rede-municipal-aprovam-indicativo-de-greve-a-partir-do-dia-20-caso-governo-nao-responda-reivindicacoes","status":"publish","type":"post","link":"https:\/\/noticiasbahia360.com.br\/?p=85858","title":{"rendered":"Professores da rede municipal aprovam indicativo de greve a partir do dia 20, caso governo n\u00e3o responda reivindica\u00e7\u00f5es"},"content":{"rendered":"<div>\n<div>\n<figure><img decoding=\"async\" src=\"http:\/\/noticiasbahia360.com.br\/wp-content\/uploads\/2025\/05\/yHpyN6bk-Assembleia-de-Professores-da-APLB-Paulo-Jose-Acorda-Cidade5.webp\" alt=\"Assembleia de Professores da APLB - indicativo de greve\"><figcaption>Foto: Paulo Jos\u00e9\/Acorda Cidade<\/figcaption><\/figure>\n<\/div>\n<p>Em assembleia realizada nesta segunda-feira (12), na sede da <strong>APLB Sindicato<\/strong>, em Feira de Santana, os professores da rede municipal de ensino aprovaram um <strong>indicativo de <a href=\"https:\/\/www.acordacidade.com.br\/tag\/greve\/\">greve<\/a><\/strong> a partir do dia 20 de maio, caso a prefeitura n\u00e3o responda \u00e0s reivindica\u00e7\u00f5es da categoria.<\/p>\n<p>\u201cSe at\u00e9 o dia 20 n\u00e3o tiver resposta da nossa pauta, n\u00f3s poderemos entrar em greve por tempo indeterminado, porque vai ter uma nova assembleia que a categoria vai discutir\u201c, declarou a professora Marlede Oliveira, presidente da APLB, <\/p>\n<p>Ao Acorda Cidade, ela destacou que, apesar da recente vit\u00f3ria na Justi\u00e7a sobre a reserva da carga hor\u00e1ria, outros pontos seguem sem resposta por parte da gest\u00e3o municipal. <\/p>\n<figure class=\"wp-block-image size-large\"><img fetchpriority=\"high\" data-dominant-color=\"8a6a60\" data-has-transparency=\"false\" style=\"--dominant-color: #8a6a60;\" fetchpriority=\"high\" decoding=\"async\" width=\"1024\" height=\"473\" sizes=\"(max-width: 1024px) 100vw, 1024px\" src=\"http:\/\/noticiasbahia360.com.br\/wp-content\/uploads\/2025\/05\/PRsST5IN-Assembleia-de-Professores-da-APLB-Paulo-Jose-Acorda-Cidade4-1024x473-1.webp\" alt=\"Assembleia de Professores da APLB - indicativo de greve\" class=\"wp-image-552537 not-transparent\" srcset=\"https:\/\/uploads.acordacidade.com.br\/2025\/05\/PRsST5IN-Assembleia-de-Professores-da-APLB-Paulo-Jose-Acorda-Cidade4-300x139.webp 300w, http:\/\/noticiasbahia360.com.br\/wp-content\/uploads\/2025\/05\/PRsST5IN-Assembleia-de-Professores-da-APLB-Paulo-Jose-Acorda-Cidade4-1024x473-1.webp 1024w, https:\/\/uploads.acordacidade.com.br\/2025\/05\/PRsST5IN-Assembleia-de-Professores-da-APLB-Paulo-Jose-Acorda-Cidade4-768x355.webp 768w, https:\/\/uploads.acordacidade.com.br\/2025\/05\/PRsST5IN-Assembleia-de-Professores-da-APLB-Paulo-Jose-Acorda-Cidade4-150x69.webp 150w, https:\/\/uploads.acordacidade.com.br\/2025\/05\/PRsST5IN-Assembleia-de-Professores-da-APLB-Paulo-Jose-Acorda-Cidade4.webp 1200w\"><figcaption class=\"wp-element-caption\">Foto: Paulo Jos\u00e9\/Acorda Cidade<\/figcaption><\/figure>\n<p>\u201cContinuamos na luta. [\u2026]A \u00fanica coisa que o governo fez foi uma atitude perversa, cruel, de aumentar a carga hor\u00e1ria de professor numa portaria, passou por cima da lei e n\u00f3s conseguimos derrotar o governo na justi\u00e7a\u201d, disse em entrevista ao Acorda Cidade.<\/p>\n<p>A liminar mencionada por <strong>Marlede<\/strong> garante que os docentes mantenham a reserva de carga hor\u00e1ria conforme a legisla\u00e7\u00e3o: 13 horas para professores de 20h e 26 horas para os de 40h semanais. <\/p>\n<p>No entanto, ela denuncia que professores contratados via Reda (Regime Especial de Direito Administrativo) continuam com a carga hor\u00e1ria diferente, o que levou o sindicato a buscar novas medidas judiciais.<\/p>\n<figure class=\"wp-block-image size-large\"><img data-dominant-color=\"7a6b66\" data-has-transparency=\"false\" style=\"--dominant-color: #7a6b66;\" decoding=\"async\" width=\"1024\" height=\"473\" sizes=\"(max-width: 1024px) 100vw, 1024px\" src=\"http:\/\/noticiasbahia360.com.br\/wp-content\/uploads\/2025\/05\/hEucwq4B-Assembleia-de-Professores-da-APLB-Paulo-Jose-Acorda-Cidade3-1024x473-1.webp\" alt=\"Assembleia de Professores da APLB - indicativo de greve\" class=\"wp-image-552538 not-transparent\" srcset=\"https:\/\/uploads.acordacidade.com.br\/2025\/05\/hEucwq4B-Assembleia-de-Professores-da-APLB-Paulo-Jose-Acorda-Cidade3-300x139.webp 300w, http:\/\/noticiasbahia360.com.br\/wp-content\/uploads\/2025\/05\/hEucwq4B-Assembleia-de-Professores-da-APLB-Paulo-Jose-Acorda-Cidade3-1024x473-1.webp 1024w, https:\/\/uploads.acordacidade.com.br\/2025\/05\/hEucwq4B-Assembleia-de-Professores-da-APLB-Paulo-Jose-Acorda-Cidade3-768x355.webp 768w, https:\/\/uploads.acordacidade.com.br\/2025\/05\/hEucwq4B-Assembleia-de-Professores-da-APLB-Paulo-Jose-Acorda-Cidade3-150x69.webp 150w, https:\/\/uploads.acordacidade.com.br\/2025\/05\/hEucwq4B-Assembleia-de-Professores-da-APLB-Paulo-Jose-Acorda-Cidade3.webp 1200w\"><figcaption class=\"wp-element-caption\">Foto: Paulo Jos\u00e9\/Acorda Cidade<\/figcaption><\/figure>\n<p>\u201cNo in\u00edcio do ano, o Reda era diferenciado na sua carga hor\u00e1ria dos demais professores efetivos. E isso a gente est\u00e1 tomando as provid\u00eancias j\u00e1 jur\u00eddicas. Professor de Reda, professor efetivo, todo mundo \u00e9 igual\u201d, refor\u00e7ou.<\/p>\n<p><strong>A assembleia tamb\u00e9m definiu a realiza\u00e7\u00e3o de uma aula p\u00fablica na pr\u00f3xima quinta-feira (16), pela manh\u00e3, em frente \u00e0 Secretaria Municipal de Educa\u00e7\u00e3o (Seduc), para pressionar o governo.<\/strong><\/p>\n<figure class=\"wp-block-image size-large\"><img data-dominant-color=\"8d827a\" data-has-transparency=\"false\" style=\"--dominant-color: #8d827a;\" decoding=\"async\" width=\"1024\" height=\"473\" sizes=\"(max-width: 1024px) 100vw, 1024px\" src=\"http:\/\/noticiasbahia360.com.br\/wp-content\/uploads\/2025\/05\/uSo1d1dY-Assembleia-de-Professores-da-APLB-Paulo-Jose-Acorda-Cidade2-1024x473-1.webp\" alt=\"Assembleia de Professores da APLB - indicativo de greve\" class=\"wp-image-552539 not-transparent\" srcset=\"https:\/\/uploads.acordacidade.com.br\/2025\/05\/uSo1d1dY-Assembleia-de-Professores-da-APLB-Paulo-Jose-Acorda-Cidade2-300x139.webp 300w, http:\/\/noticiasbahia360.com.br\/wp-content\/uploads\/2025\/05\/uSo1d1dY-Assembleia-de-Professores-da-APLB-Paulo-Jose-Acorda-Cidade2-1024x473-1.webp 1024w, https:\/\/uploads.acordacidade.com.br\/2025\/05\/uSo1d1dY-Assembleia-de-Professores-da-APLB-Paulo-Jose-Acorda-Cidade2-768x355.webp 768w, https:\/\/uploads.acordacidade.com.br\/2025\/05\/uSo1d1dY-Assembleia-de-Professores-da-APLB-Paulo-Jose-Acorda-Cidade2-150x69.webp 150w, https:\/\/uploads.acordacidade.com.br\/2025\/05\/uSo1d1dY-Assembleia-de-Professores-da-APLB-Paulo-Jose-Acorda-Cidade2.webp 1200w\"><figcaption class=\"wp-element-caption\">Foto: Paulo Jos\u00e9\/Acorda Cidade<\/figcaption><\/figure>\n<p>Na pr\u00e1tica, enquanto o <strong>estado de greve<\/strong> \u00e9 um alerta de mobiliza\u00e7\u00e3o, o <strong>indicativo<\/strong> \u00e9 uma sinaliza\u00e7\u00e3o mais concreta de que a paralisa\u00e7\u00e3o das atividades pode mesmo come\u00e7ar em breve.<\/p>\n<figure class=\"wp-block-image size-large\"><img data-dominant-color=\"80766c\" data-has-transparency=\"false\" style=\"--dominant-color: #80766c;\" decoding=\"async\" width=\"1024\" height=\"473\" sizes=\"(max-width: 1024px) 100vw, 1024px\" src=\"http:\/\/noticiasbahia360.com.br\/wp-content\/uploads\/2025\/05\/tXQtE6Lb-Assembleia-de-Professores-da-APLB-Paulo-Jose-Acorda-Cidade1-1024x473-1.webp\" alt=\"Assembleia de Professores da APLB - indicativo de greve\" class=\"wp-image-552540 not-transparent\" srcset=\"https:\/\/uploads.acordacidade.com.br\/2025\/05\/tXQtE6Lb-Assembleia-de-Professores-da-APLB-Paulo-Jose-Acorda-Cidade1-300x139.webp 300w, http:\/\/noticiasbahia360.com.br\/wp-content\/uploads\/2025\/05\/tXQtE6Lb-Assembleia-de-Professores-da-APLB-Paulo-Jose-Acorda-Cidade1-1024x473-1.webp 1024w, https:\/\/uploads.acordacidade.com.br\/2025\/05\/tXQtE6Lb-Assembleia-de-Professores-da-APLB-Paulo-Jose-Acorda-Cidade1-768x355.webp 768w, https:\/\/uploads.acordacidade.com.br\/2025\/05\/tXQtE6Lb-Assembleia-de-Professores-da-APLB-Paulo-Jose-Acorda-Cidade1-150x69.webp 150w, https:\/\/uploads.acordacidade.com.br\/2025\/05\/tXQtE6Lb-Assembleia-de-Professores-da-APLB-Paulo-Jose-Acorda-Cidade1.webp 1200w\"><figcaption class=\"wp-element-caption\">Foto: Paulo Jos\u00e9\/Acorda Cidade<\/figcaption><\/figure>\n<p>\u201cO estado de greve \u00e9 quando est\u00e1 mobilizado para, a qualquer hora, entrar em greve. Ent\u00e3o, o que n\u00f3s aprovamos foi isso aqui hoje: j\u00e1 um indicativo de que pode, a partir do dia 20, ter\u00e7a-feira da pr\u00f3xima semana, a categoria j\u00e1 entrar em greve por tempo indeterminado. Vamos mandar toda a documenta\u00e7\u00e3o, os of\u00edcios, oficializando tudo, para que o governo entenda que agora \u00e9 para se dar uma resposta\u201d, acrescentou Marlede.<\/p>\n<p><strong>Entre os principais pontos da pauta est\u00e3o recomposi\u00e7\u00e3o salarial, com defasagem desde 2022, mudan\u00e7a de refer\u00eancia, cumprimento do piso nacional da educa\u00e7\u00e3o e reformula\u00e7\u00e3o do plano de carreira.<\/strong><\/p>\n<figure class=\"wp-block-image size-large\"><img loading=\"lazy\" data-dominant-color=\"84706c\" data-has-transparency=\"false\" style=\"--dominant-color: #84706c;\" decoding=\"async\" width=\"1024\" height=\"473\" sizes=\"(max-width: 1024px) 100vw, 1024px\" src=\"http:\/\/noticiasbahia360.com.br\/wp-content\/uploads\/2025\/05\/Yf3hesqH-Assembleia-de-Professores-da-APLB-Paulo-Jose-Acorda-Cidade-1024x473-1.webp\" alt=\"Assembleia de Professores da APLB - indicativo de greve\" class=\"wp-image-552541 not-transparent\" srcset=\"https:\/\/uploads.acordacidade.com.br\/2025\/05\/Yf3hesqH-Assembleia-de-Professores-da-APLB-Paulo-Jose-Acorda-Cidade-300x139.webp 300w, http:\/\/noticiasbahia360.com.br\/wp-content\/uploads\/2025\/05\/Yf3hesqH-Assembleia-de-Professores-da-APLB-Paulo-Jose-Acorda-Cidade-1024x473-1.webp 1024w, https:\/\/uploads.acordacidade.com.br\/2025\/05\/Yf3hesqH-Assembleia-de-Professores-da-APLB-Paulo-Jose-Acorda-Cidade-768x355.webp 768w, https:\/\/uploads.acordacidade.com.br\/2025\/05\/Yf3hesqH-Assembleia-de-Professores-da-APLB-Paulo-Jose-Acorda-Cidade-150x69.webp 150w, https:\/\/uploads.acordacidade.com.br\/2025\/05\/Yf3hesqH-Assembleia-de-Professores-da-APLB-Paulo-Jose-Acorda-Cidade.webp 1200w\"><figcaption class=\"wp-element-caption\">Foto: Paulo Jos\u00e9\/Acorda Cidade<\/figcaption><\/figure>\n<p><strong>Uma nova assembleia ser\u00e1 realizada no dia 20 de maio, ter\u00e7a-feira, para deliberar sobre a deflagra\u00e7\u00e3o oficial da greve.<\/strong><\/p>\n<p><em>Com informa\u00e7\u00f5es do rep\u00f3rter Paulo Jos\u00e9 do Acorda Cidade<\/em><\/p>\n<p><strong>Leia tamb\u00e9m: <\/strong><\/p>\n<p><a href=\"https:\/\/www.acordacidade.com.br\/educacao\/professores-mantem-estado-de-greve-durante-assembleia-na-sede-da-aplb\/\" target=\"_blank\" rel=\"noreferrer noopener\">Professores mant\u00eam estado de greve durante assembleia na sede da APLB<\/a><\/p>\n<p><a href=\"https:\/\/www.acordacidade.com.br\/educacao\/secretaria-de-educacao-emite-nota-oficial-apos-justica-suspender-portaria-que-aumentava-carga-horaria-de-professores\/\" target=\"_blank\" rel=\"noreferrer noopener\">Secretaria de Educa\u00e7\u00e3o emite nota oficial ap\u00f3s Justi\u00e7a suspender portaria que aumentava carga hor\u00e1ria de professore<\/a>s<\/p>\n<p><a href=\"https:\/\/www.acordacidade.com.br\/educacao\/em-assembleia-professores-decidem-manter-paralisacao-na-rede-municipal\/\">Em assembleia, professores decidem manter paralisa\u00e7\u00e3o na rede municipal<\/a><\/p>\n<p><a href=\"https:\/\/www.acordacidade.com.br\/educacao\/apos-mudanca-na-carga-horaria-dos-professores-aplb-aprova-paralisacao-de-tres-dias-na-rede-municipal-de-ensino\/\">Ap\u00f3s mudan\u00e7a na carga hor\u00e1ria dos professores, APLB aprova paralisa\u00e7\u00e3o de tr\u00eas dias na rede municipal de ensino<\/a><\/p>\n<p><a href=\"https:\/\/www.acordacidade.com.br\/educacao\/tribunal-de-justica-suspende-licitacao-para-credenciamento-de-bancos-para-antecipacao-dos-precatorios-do-fundef\/\">Tribunal de Justi\u00e7a suspende licita\u00e7\u00e3o para credenciamento de bancos para antecipa\u00e7\u00e3o dos precat\u00f3rios do Fundef<\/a><\/p>\n<p><a href=\"https:\/\/www.acordacidade.com.br\/feira-de-santana\/prefeitura-nomeia-44-novos-professores-e-define-jornada-de-trabalho-da-rede-municipal\/\" target=\"_blank\" rel=\"noreferrer noopener\">Prefeitura nomeia 44 novos professores e define jornada de trabalho da rede municipal<\/a><\/p>\n<p><a href=\"https:\/\/www.acordacidade.com.br\/educacao\/em-assembleia-presidente-da-aplb-diz-que-nao-vai-aceitar-alteracoes-na-carga-horaria-dos-professores\/\" target=\"_blank\" rel=\"noreferrer noopener\">Em assembleia, presidente da APLB diz que n\u00e3o vai aceitar altera\u00e7\u00f5es na carga hor\u00e1ria dos professores<\/a><\/p>\n<p><em>Siga o Acorda Cidade no<\/em><a href=\"https:\/\/news.google.com\/search?q=acorda%20cidade&amp;hl=pt-BR&amp;gl=BR&amp;ceid=BR%3Apt-419\"><strong><em>\u00a0Google Not\u00edcias<\/em><\/strong><\/a><em>\u00a0e receba os principais destaques do dia. Participe tamb\u00e9m dos nossos canais no\u00a0<\/em><a href=\"https:\/\/www.whatsapp.com\/channel\/0029Va6Rb4v3WHTNnsh8WI3N\"><strong><em>WhatsApp<\/em><\/strong><\/a><em>\u00a0e\u00a0<\/em><a href=\"https:\/\/www.youtube.com\/@acordacidadenoticias\/videos\"><strong>YouTube<\/strong><\/a><em>\u00a0e do grupo no\u00a0<\/em><a href=\"https:\/\/t.me\/+sSz0khrgARA0ZmRh\"><strong><em>Telegram<\/em><\/strong><\/a><em>.<\/em><\/p>\n<\/div>\n","protected":false},"excerpt":{"rendered":"<div>\n<div>\n<figure><img decoding=\"async\" src=\"https:\/\/uploads.acordacidade.com.br\/2025\/05\/yHpyN6bk-Assembleia-de-Professores-da-APLB-Paulo-Jose-Acorda-Cidade5.webp\" alt=\"Assembleia de Professores da APLB - indicativo de greve\"><figcaption>Foto: Paulo Jos\u00e9\/Acorda Cidade<\/figcaption><\/figure>\n<\/div>\n<p>Em assembleia realizada nesta segunda-feira (12), na sede da APLB Sindicato, em Feira de Santana, os professores da rede municipal de ensino aprovaram um indicativo de greve a partir do dia 20 de maio, caso a prefeitura n\u00e3o responda \u00e0s reivindica\u00e7\u00f5es da categoria. \u201cSe at\u00e9 o dia 20 n\u00e3o tiver resposta da nossa pauta, n\u00f3s [\u2026]<\/p><\/div>\n","protected":false},"author":1,"featured_media":85859,"comment_status":"closed","ping_status":"closed","sticky":false,"template":"","format":"gallery","meta":{"footnotes":""},"categories":[8,9,6,57,56,10],"tags":[],"class_list":["post-85858","post","type-post","status-publish","format-gallery","has-post-thumbnail","hentry","category-bahia","category-brasil","category-feira-de-santana","category-mundo","category-policia","category-politica","post_format-post-format-gallery"],"featured_image_urls":{"full":["https:\/\/noticiasbahia360.com.br\/wp-content\/uploads\/2025\/05\/yHpyN6bk-Assembleia-de-Professores-da-APLB-Paulo-Jose-Acorda-Cidade5.webp",1200,554,false],"thumbnail":["https:\/\/noticiasbahia360.com.br\/wp-content\/uploads\/2025\/05\/yHpyN6bk-Assembleia-de-Professores-da-APLB-Paulo-Jose-Acorda-Cidade5-150x150.webp",150,150,true],"medium":["https:\/\/noticiasbahia360.com.br\/wp-content\/uploads\/2025\/05\/yHpyN6bk-Assembleia-de-Professores-da-APLB-Paulo-Jose-Acorda-Cidade5-300x139.webp",300,139,true],"medium_large":["https:\/\/noticiasbahia360.com.br\/wp-content\/uploads\/2025\/05\/yHpyN6bk-Assembleia-de-Professores-da-APLB-Paulo-Jose-Acorda-Cidade5-768x355.webp",640,296,true],"large":["https:\/\/noticiasbahia360.com.br\/wp-content\/uploads\/2025\/05\/yHpyN6bk-Assembleia-de-Professores-da-APLB-Paulo-Jose-Acorda-Cidade5-1024x473.webp",640,296,true],"1536x1536":["https:\/\/noticiasbahia360.com.br\/wp-content\/uploads\/2025\/05\/yHpyN6bk-Assembleia-de-Professores-da-APLB-Paulo-Jose-Acorda-Cidade5.webp",1200,554,false],"2048x2048":["https:\/\/noticiasbahia360.com.br\/wp-content\/uploads\/2025\/05\/yHpyN6bk-Assembleia-de-Professores-da-APLB-Paulo-Jose-Acorda-Cidade5.webp",1200,554,false],"chromenews-featured":["https:\/\/noticiasbahia360.com.br\/wp-content\/uploads\/2025\/05\/yHpyN6bk-Assembleia-de-Professores-da-APLB-Paulo-Jose-Acorda-Cidade5-1024x473.webp",1024,473,true],"chromenews-large":["https:\/\/noticiasbahia360.com.br\/wp-content\/uploads\/2025\/05\/yHpyN6bk-Assembleia-de-Professores-da-APLB-Paulo-Jose-Acorda-Cidade5-825x554.webp",825,554,true],"chromenews-medium":["https:\/\/noticiasbahia360.com.br\/wp-content\/uploads\/2025\/05\/yHpyN6bk-Assembleia-de-Professores-da-APLB-Paulo-Jose-Acorda-Cidade5-590x410.webp",590,410,true]},"author_info":{"display_name":"noticiasbahia360.com.br","author_link":"https:\/\/noticiasbahia360.com.br\/?author=1"},"category_info":"<a href=\"https:\/\/noticiasbahia360.com.br\/?cat=8\" rel=\"category\">Bahia<\/a> <a href=\"https:\/\/noticiasbahia360.com.br\/?cat=9\" rel=\"category\">Brasil<\/a> <a href=\"https:\/\/noticiasbahia360.com.br\/?cat=6\" rel=\"category\">Feira de Santana<\/a> <a href=\"https:\/\/noticiasbahia360.com.br\/?cat=57\" rel=\"category\">Mundo<\/a> <a href=\"https:\/\/noticiasbahia360.com.br\/?cat=56\" rel=\"category\">Pol\u00edcia<\/a> <a href=\"https:\/\/noticiasbahia360.com.br\/?cat=10\" rel=\"category\">Pol\u00edtica<\/a>","tag_info":"Pol\u00edtica","comment_count":"0","_links":{"self":[{"href":"https:\/\/noticiasbahia360.com.br\/index.php?rest_route=\/wp\/v2\/posts\/85858","targetHints":{"allow":["GET"]}}],"collection":[{"href":"https:\/\/noticiasbahia360.com.br\/index.php?rest_route=\/wp\/v2\/posts"}],"about":[{"href":"https:\/\/noticiasbahia360.com.br\/index.php?rest_route=\/wp\/v2\/types\/post"}],"author":[{"embeddable":true,"href":"https:\/\/noticiasbahia360.com.br\/index.php?rest_route=\/wp\/v2\/users\/1"}],"replies":[{"embeddable":true,"href":"https:\/\/noticiasbahia360.com.br\/index.php?rest_route=%2Fwp%2Fv2%2Fcomments&post=85858"}],"version-history":[{"count":0,"href":"https:\/\/noticiasbahia360.com.br\/index.php?rest_route=\/wp\/v2\/posts\/85858\/revisions"}],"wp:featuredmedia":[{"embeddable":true,"href":"https:\/\/noticiasbahia360.com.br\/index.php?rest_route=\/wp\/v2\/media\/85859"}],"wp:attachment":[{"href":"https:\/\/noticiasbahia360.com.br\/index.php?rest_route=%2Fwp%2Fv2%2Fmedia&parent=85858"}],"wp:term":[{"taxonomy":"category","embeddable":true,"href":"https:\/\/noticiasbahia360.com.br\/index.php?rest_route=%2Fwp%2Fv2%2Fcategories&post=85858"},{"taxonomy":"post_tag","embeddable":true,"href":"https:\/\/noticiasbahia360.com.br\/index.php?rest_route=%2Fwp%2Fv2%2Ftags&post=85858"}],"curies":[{"name":"wp","href":"https:\/\/api.w.org\/{rel}","templated":true}]}}