{"id":85865,"date":"2025-05-12T18:25:28","date_gmt":"2025-05-12T21:25:28","guid":{"rendered":"https:\/\/noticiasbahia360.com.br\/?p=85865"},"modified":"2025-05-12T18:25:28","modified_gmt":"2025-05-12T21:25:28","slug":"campeonato-feirense-de-basquetebol-reune-atletas-e-autoridades-em-dia-de-grandes-jogos","status":"publish","type":"post","link":"https:\/\/noticiasbahia360.com.br\/?p=85865","title":{"rendered":"Campeonato Feirense de Basquetebol re\u00fane atletas e autoridades em dia de grandes jogos"},"content":{"rendered":"<div>\n<div>\n<figure><img decoding=\"async\" src=\"http:\/\/noticiasbahia360.com.br\/wp-content\/uploads\/2025\/05\/uJXBMyCO-Campeonato-Feirense-de-Basquetebol-.webp\" alt=\"Campeonato Feirense de Basquetebol\"><figcaption>Foto: Divulga\u00e7\u00e3o<\/figcaption><\/figure>\n<\/div>\n<p>No \u00faltimo s\u00e1bado, 10 de maio, foi realizada a abertura do <a href=\"https:\/\/www.acordacidade.com.br\/tag\/campeonato\/\">Campeonato<\/a> Feirense de Basquetebol, reunindo atletas, torcedores e autoridades locais em um evento que destacou o crescimento do esporte na cidade.<\/p>\n<p>Entre os presentes, esteve o prefeito Jos\u00e9 Ronaldo, que tem sido um importante apoiador do basquete feirense, conforme destacou o presidente da Associa\u00e7\u00e3o Feirense de Basquetebol (AFB), Raimundo Paim.<\/p>\n<p>\u201cContamos com a presen\u00e7a de v\u00e1rias autoridades, incluindo o prefeito Jos\u00e9 Ronaldo, que tem apoiado de forma significativa o basquete em nossa cidade\u201d, afirmou Paim.<\/p>\n<p><strong>A rodada foi marcada por partidas disputadas e de alto n\u00edvel t\u00e9cnico. Confira os resultados:<\/strong><\/p>\n<p><strong>Falcon venceu o Robusto Metais por 67 a 57;<br \/>Fogos Aladim superou o Floc\u00e3o Baiano por 43 a 37;<br \/>Zona 75 derrotou o Carcar\u00e1 por 67 a 62;<br \/>Dallas Mavericks saiu vitorioso sobre a equipe WP Suplementos, com placar de 66 a 62.<\/strong><\/p>\n<h2 class=\"wp-block-heading\" id=\"h-veja-mais-fotos\">Veja mais fotos:  <\/h2>\n<figure class=\"wp-block-image size-large\"><img fetchpriority=\"high\" data-dominant-color=\"51677e\" data-has-transparency=\"false\" style=\"--dominant-color: #51677e;\" fetchpriority=\"high\" decoding=\"async\" width=\"1024\" height=\"713\" sizes=\"(max-width: 1024px) 100vw, 1024px\" src=\"http:\/\/noticiasbahia360.com.br\/wp-content\/uploads\/2025\/05\/mx5Mwfop-Campeonato-Feirense-de-Basquetebol-1-1024x713-1.webp\" alt=\"Campeonato Feirense de Basquetebol\" class=\"wp-image-552556 not-transparent\" srcset=\"https:\/\/uploads.acordacidade.com.br\/2025\/05\/mx5Mwfop-Campeonato-Feirense-de-Basquetebol-1-300x209.webp 300w, http:\/\/noticiasbahia360.com.br\/wp-content\/uploads\/2025\/05\/mx5Mwfop-Campeonato-Feirense-de-Basquetebol-1-1024x713-1.webp 1024w, https:\/\/uploads.acordacidade.com.br\/2025\/05\/mx5Mwfop-Campeonato-Feirense-de-Basquetebol-1-768x535.webp 768w, https:\/\/uploads.acordacidade.com.br\/2025\/05\/mx5Mwfop-Campeonato-Feirense-de-Basquetebol-1-150x105.webp 150w, https:\/\/uploads.acordacidade.com.br\/2025\/05\/mx5Mwfop-Campeonato-Feirense-de-Basquetebol-1.webp 1200w\"><figcaption class=\"wp-element-caption\">Foto: Divulga\u00e7\u00e3o<\/figcaption><\/figure>\n<figure class=\"wp-block-image size-large\"><img data-dominant-color=\"807f75\" data-has-transparency=\"false\" style=\"--dominant-color: #807f75;\" decoding=\"async\" width=\"1024\" height=\"683\" sizes=\"(max-width: 1024px) 100vw, 1024px\" src=\"http:\/\/noticiasbahia360.com.br\/wp-content\/uploads\/2025\/05\/uzZmRfLC-Campeonato-Feirense-de-Basquetebol-2-1024x683-1.webp\" alt=\"Campeonato Feirense de Basquetebol\" class=\"wp-image-552555 not-transparent\" srcset=\"https:\/\/uploads.acordacidade.com.br\/2025\/05\/uzZmRfLC-Campeonato-Feirense-de-Basquetebol-2-300x200.webp 300w, http:\/\/noticiasbahia360.com.br\/wp-content\/uploads\/2025\/05\/uzZmRfLC-Campeonato-Feirense-de-Basquetebol-2-1024x683-1.webp 1024w, https:\/\/uploads.acordacidade.com.br\/2025\/05\/uzZmRfLC-Campeonato-Feirense-de-Basquetebol-2-768x512.webp 768w, https:\/\/uploads.acordacidade.com.br\/2025\/05\/uzZmRfLC-Campeonato-Feirense-de-Basquetebol-2-150x100.webp 150w, https:\/\/uploads.acordacidade.com.br\/2025\/05\/uzZmRfLC-Campeonato-Feirense-de-Basquetebol-2.webp 1200w\"><figcaption class=\"wp-element-caption\">Foto: Divulga\u00e7\u00e3o<\/figcaption><\/figure>\n<figure class=\"wp-block-image size-large\"><img data-dominant-color=\"86978e\" data-has-transparency=\"false\" style=\"--dominant-color: #86978e;\" decoding=\"async\" width=\"1024\" height=\"683\" sizes=\"(max-width: 1024px) 100vw, 1024px\" src=\"http:\/\/noticiasbahia360.com.br\/wp-content\/uploads\/2025\/05\/s6gMPBQ3-Campeonato-Feirense-de-Basquetebol-3-1024x683-1.webp\" alt=\"Campeonato Feirense de Basquetebol\" class=\"wp-image-552554 not-transparent\" srcset=\"https:\/\/uploads.acordacidade.com.br\/2025\/05\/s6gMPBQ3-Campeonato-Feirense-de-Basquetebol-3-300x200.webp 300w, http:\/\/noticiasbahia360.com.br\/wp-content\/uploads\/2025\/05\/s6gMPBQ3-Campeonato-Feirense-de-Basquetebol-3-1024x683-1.webp 1024w, https:\/\/uploads.acordacidade.com.br\/2025\/05\/s6gMPBQ3-Campeonato-Feirense-de-Basquetebol-3-768x512.webp 768w, https:\/\/uploads.acordacidade.com.br\/2025\/05\/s6gMPBQ3-Campeonato-Feirense-de-Basquetebol-3-150x100.webp 150w, https:\/\/uploads.acordacidade.com.br\/2025\/05\/s6gMPBQ3-Campeonato-Feirense-de-Basquetebol-3.webp 1200w\"><figcaption class=\"wp-element-caption\">Foto: Divulga\u00e7\u00e3o<\/figcaption><\/figure>\n<figure class=\"wp-block-image size-large\"><img data-dominant-color=\"6a6453\" data-has-transparency=\"false\" style=\"--dominant-color: #6a6453;\" decoding=\"async\" width=\"1024\" height=\"683\" sizes=\"(max-width: 1024px) 100vw, 1024px\" src=\"http:\/\/noticiasbahia360.com.br\/wp-content\/uploads\/2025\/05\/qzWS6JO1-Campeonato-Feirense-de-Basquetebol-4-1024x683-1.webp\" alt=\"Campeonato Feirense de Basquetebol\" class=\"wp-image-552553 not-transparent\" srcset=\"https:\/\/uploads.acordacidade.com.br\/2025\/05\/qzWS6JO1-Campeonato-Feirense-de-Basquetebol-4-300x200.webp 300w, http:\/\/noticiasbahia360.com.br\/wp-content\/uploads\/2025\/05\/qzWS6JO1-Campeonato-Feirense-de-Basquetebol-4-1024x683-1.webp 1024w, https:\/\/uploads.acordacidade.com.br\/2025\/05\/qzWS6JO1-Campeonato-Feirense-de-Basquetebol-4-768x512.webp 768w, https:\/\/uploads.acordacidade.com.br\/2025\/05\/qzWS6JO1-Campeonato-Feirense-de-Basquetebol-4-150x100.webp 150w, https:\/\/uploads.acordacidade.com.br\/2025\/05\/qzWS6JO1-Campeonato-Feirense-de-Basquetebol-4.webp 1200w\"><figcaption class=\"wp-element-caption\">Foto: Divulga\u00e7\u00e3o<\/figcaption><\/figure>\n<figure class=\"wp-block-image size-large\"><img loading=\"lazy\" data-dominant-color=\"676357\" data-has-transparency=\"false\" style=\"--dominant-color: #676357;\" decoding=\"async\" width=\"1024\" height=\"851\" sizes=\"(max-width: 1024px) 100vw, 1024px\" src=\"http:\/\/noticiasbahia360.com.br\/wp-content\/uploads\/2025\/05\/BHImDWFZ-Campeonato-Feirense-de-Basquetebol-5-1024x851-1.webp\" alt=\"Campeonato Feirense de Basquetebol\" class=\"wp-image-552552 not-transparent\" srcset=\"https:\/\/uploads.acordacidade.com.br\/2025\/05\/BHImDWFZ-Campeonato-Feirense-de-Basquetebol-5-300x249.webp 300w, http:\/\/noticiasbahia360.com.br\/wp-content\/uploads\/2025\/05\/BHImDWFZ-Campeonato-Feirense-de-Basquetebol-5-1024x851-1.webp 1024w, https:\/\/uploads.acordacidade.com.br\/2025\/05\/BHImDWFZ-Campeonato-Feirense-de-Basquetebol-5-768x638.webp 768w, https:\/\/uploads.acordacidade.com.br\/2025\/05\/BHImDWFZ-Campeonato-Feirense-de-Basquetebol-5-150x125.webp 150w, https:\/\/uploads.acordacidade.com.br\/2025\/05\/BHImDWFZ-Campeonato-Feirense-de-Basquetebol-5.webp 1200w\"><figcaption class=\"wp-element-caption\">Foto: Divulga\u00e7\u00e3o<\/figcaption><\/figure>\n<p><em>Siga o Acorda Cidade no<\/em><a href=\"https:\/\/news.google.com\/search?q=acorda%20cidade&amp;hl=pt-BR&amp;gl=BR&amp;ceid=BR%3Apt-419\"><strong><em>\u00a0Google Not\u00edcias<\/em><\/strong><\/a><em>\u00a0e receba os principais destaques do dia. Participe tamb\u00e9m dos nossos canais no\u00a0<\/em><a href=\"https:\/\/www.whatsapp.com\/channel\/0029Va6Rb4v3WHTNnsh8WI3N\"><strong><em>WhatsApp<\/em><\/strong><\/a><em>\u00a0e\u00a0<\/em><a href=\"https:\/\/www.youtube.com\/@acordacidadenoticias\/videos\"><strong>YouTube<\/strong><\/a><em>\u00a0e do grupo no\u00a0<\/em><a href=\"https:\/\/t.me\/+sSz0khrgARA0ZmRh\"><strong><em>Telegram<\/em><\/strong><\/a><em>.<\/em><\/p>\n<\/div>\n","protected":false},"excerpt":{"rendered":"<div>\n<div>\n<figure><img decoding=\"async\" src=\"https:\/\/uploads.acordacidade.com.br\/2025\/05\/uJXBMyCO-Campeonato-Feirense-de-Basquetebol-.webp\" alt=\"Campeonato Feirense de Basquetebol\"><figcaption>Foto: Divulga\u00e7\u00e3o<\/figcaption><\/figure>\n<\/div>\n<p>A rodada foi marcada por partidas disputadas e de alto n\u00edvel t\u00e9cnico.<\/p><\/div>\n","protected":false},"author":1,"featured_media":85866,"comment_status":"closed","ping_status":"closed","sticky":false,"template":"","format":"gallery","meta":{"footnotes":""},"categories":[8,9,6,57,56,10],"tags":[],"class_list":["post-85865","post","type-post","status-publish","format-gallery","has-post-thumbnail","hentry","category-bahia","category-brasil","category-feira-de-santana","category-mundo","category-policia","category-politica","post_format-post-format-gallery"],"featured_image_urls":{"full":["https:\/\/noticiasbahia360.com.br\/wp-content\/uploads\/2025\/05\/uJXBMyCO-Campeonato-Feirense-de-Basquetebol-.webp",1200,866,false],"thumbnail":["https:\/\/noticiasbahia360.com.br\/wp-content\/uploads\/2025\/05\/uJXBMyCO-Campeonato-Feirense-de-Basquetebol--150x150.webp",150,150,true],"medium":["https:\/\/noticiasbahia360.com.br\/wp-content\/uploads\/2025\/05\/uJXBMyCO-Campeonato-Feirense-de-Basquetebol--300x217.webp",300,217,true],"medium_large":["https:\/\/noticiasbahia360.com.br\/wp-content\/uploads\/2025\/05\/uJXBMyCO-Campeonato-Feirense-de-Basquetebol--768x554.webp",640,462,true],"large":["https:\/\/noticiasbahia360.com.br\/wp-content\/uploads\/2025\/05\/uJXBMyCO-Campeonato-Feirense-de-Basquetebol--1024x739.webp",640,462,true],"1536x1536":["https:\/\/noticiasbahia360.com.br\/wp-content\/uploads\/2025\/05\/uJXBMyCO-Campeonato-Feirense-de-Basquetebol-.webp",1200,866,false],"2048x2048":["https:\/\/noticiasbahia360.com.br\/wp-content\/uploads\/2025\/05\/uJXBMyCO-Campeonato-Feirense-de-Basquetebol-.webp",1200,866,false],"chromenews-featured":["https:\/\/noticiasbahia360.com.br\/wp-content\/uploads\/2025\/05\/uJXBMyCO-Campeonato-Feirense-de-Basquetebol--1024x739.webp",1024,739,true],"chromenews-large":["https:\/\/noticiasbahia360.com.br\/wp-content\/uploads\/2025\/05\/uJXBMyCO-Campeonato-Feirense-de-Basquetebol--825x575.webp",825,575,true],"chromenews-medium":["https:\/\/noticiasbahia360.com.br\/wp-content\/uploads\/2025\/05\/uJXBMyCO-Campeonato-Feirense-de-Basquetebol--590x410.webp",590,410,true]},"author_info":{"display_name":"noticiasbahia360.com.br","author_link":"https:\/\/noticiasbahia360.com.br\/?author=1"},"category_info":"<a href=\"https:\/\/noticiasbahia360.com.br\/?cat=8\" rel=\"category\">Bahia<\/a> <a href=\"https:\/\/noticiasbahia360.com.br\/?cat=9\" rel=\"category\">Brasil<\/a> <a href=\"https:\/\/noticiasbahia360.com.br\/?cat=6\" rel=\"category\">Feira de Santana<\/a> <a href=\"https:\/\/noticiasbahia360.com.br\/?cat=57\" rel=\"category\">Mundo<\/a> <a href=\"https:\/\/noticiasbahia360.com.br\/?cat=56\" rel=\"category\">Pol\u00edcia<\/a> <a href=\"https:\/\/noticiasbahia360.com.br\/?cat=10\" rel=\"category\">Pol\u00edtica<\/a>","tag_info":"Pol\u00edtica","comment_count":"0","_links":{"self":[{"href":"https:\/\/noticiasbahia360.com.br\/index.php?rest_route=\/wp\/v2\/posts\/85865","targetHints":{"allow":["GET"]}}],"collection":[{"href":"https:\/\/noticiasbahia360.com.br\/index.php?rest_route=\/wp\/v2\/posts"}],"about":[{"href":"https:\/\/noticiasbahia360.com.br\/index.php?rest_route=\/wp\/v2\/types\/post"}],"author":[{"embeddable":true,"href":"https:\/\/noticiasbahia360.com.br\/index.php?rest_route=\/wp\/v2\/users\/1"}],"replies":[{"embeddable":true,"href":"https:\/\/noticiasbahia360.com.br\/index.php?rest_route=%2Fwp%2Fv2%2Fcomments&post=85865"}],"version-history":[{"count":0,"href":"https:\/\/noticiasbahia360.com.br\/index.php?rest_route=\/wp\/v2\/posts\/85865\/revisions"}],"wp:featuredmedia":[{"embeddable":true,"href":"https:\/\/noticiasbahia360.com.br\/index.php?rest_route=\/wp\/v2\/media\/85866"}],"wp:attachment":[{"href":"https:\/\/noticiasbahia360.com.br\/index.php?rest_route=%2Fwp%2Fv2%2Fmedia&parent=85865"}],"wp:term":[{"taxonomy":"category","embeddable":true,"href":"https:\/\/noticiasbahia360.com.br\/index.php?rest_route=%2Fwp%2Fv2%2Fcategories&post=85865"},{"taxonomy":"post_tag","embeddable":true,"href":"https:\/\/noticiasbahia360.com.br\/index.php?rest_route=%2Fwp%2Fv2%2Ftags&post=85865"}],"curies":[{"name":"wp","href":"https:\/\/api.w.org\/{rel}","templated":true}]}}