{"id":85872,"date":"2025-05-12T18:34:41","date_gmt":"2025-05-12T21:34:41","guid":{"rendered":"https:\/\/noticiasbahia360.com.br\/?p=85872"},"modified":"2025-05-12T18:34:41","modified_gmt":"2025-05-12T21:34:41","slug":"paulo-sales-deixa-o-comando-tecnico-do-fluminense-de-feira","status":"publish","type":"post","link":"https:\/\/noticiasbahia360.com.br\/?p=85872","title":{"rendered":"Paulo Sales deixa o comando t\u00e9cnico do Fluminense de Feira"},"content":{"rendered":"<div>\n<div>\n<figure><img decoding=\"async\" src=\"http:\/\/noticiasbahia360.com.br\/wp-content\/uploads\/2025\/05\/D30lz0if-Paulo-Sales-ex-tecnico.webp\" alt=\"Paulo Sales - ex-t\u00e9cnico - Fluminense de Feira\"><figcaption>Foto: Reprodu\u00e7\u00e3o\/Instagram<\/figcaption><\/figure>\n<\/div>\n<p>O <a href=\"https:\/\/www.acordacidade.com.br\/tag\/fluminense-de-feira\/\">Fluminense de Feira<\/a> anunciou oficialmente, na tarde desta segunda-feira (12), o desligamento do t\u00e9cnico Paulo Sales do comando da equipe profissional. A decis\u00e3o foi tomada em comum acordo entre as partes, com o objetivo de buscar novos caminhos para a sequ\u00eancia da temporada.<\/p>\n<p>Al\u00e9m de Paulo Sales, o auxiliar t\u00e9cnico Ronaldinho, que integrava a comiss\u00e3o desde o in\u00edcio da atual passagem, tamb\u00e9m deixa o clube.<\/p>\n<p>Em nota, a diretoria do Fluminense agradeceu aos profissionais pelos servi\u00e7os prestados, destacando o comprometimento e a dedica\u00e7\u00e3o durante o per\u00edodo em que estiveram \u00e0 frente do time.<\/p>\n<p>A expectativa \u00e9 que, nos pr\u00f3ximos dias, o clube anuncie a nova composi\u00e7\u00e3o da comiss\u00e3o t\u00e9cnica que dar\u00e1 continuidade ao trabalho ao longo da temporada.<\/p>\n<p><em>Siga o Acorda Cidade no<\/em><a href=\"https:\/\/news.google.com\/search?q=acorda%20cidade&amp;hl=pt-BR&amp;gl=BR&amp;ceid=BR%3Apt-419\"><strong><em>\u00a0Google Not\u00edcias<\/em><\/strong><\/a><em>\u00a0e receba os principais destaques do dia. Participe tamb\u00e9m dos nossos canais no\u00a0<\/em><a href=\"https:\/\/www.whatsapp.com\/channel\/0029Va6Rb4v3WHTNnsh8WI3N\"><strong><em>WhatsApp<\/em><\/strong><\/a><em>\u00a0e\u00a0<\/em><a href=\"https:\/\/www.youtube.com\/@acordacidadenoticias\/videos\"><strong>YouTube<\/strong><\/a><em>\u00a0e do grupo no\u00a0<\/em><a href=\"https:\/\/t.me\/+sSz0khrgARA0ZmRh\"><strong><em>Telegram<\/em><\/strong><\/a><em>.<\/em><\/p>\n<\/div>\n","protected":false},"excerpt":{"rendered":"<div>\n<div>\n<figure><img decoding=\"async\" src=\"https:\/\/uploads.acordacidade.com.br\/2025\/05\/D30lz0if-Paulo-Sales-ex-tecnico.webp\" alt=\"Paulo Sales - ex-t\u00e9cnico - Fluminense de Feira\"><figcaption>Foto: Reprodu\u00e7\u00e3o\/Instagram<\/figcaption><\/figure>\n<\/div>\n<p>A expectativa \u00e9 que, nos pr\u00f3ximos dias, o clube anuncie a nova composi\u00e7\u00e3o da comiss\u00e3o t\u00e9cnica.<\/p><\/div>\n","protected":false},"author":1,"featured_media":85873,"comment_status":"closed","ping_status":"closed","sticky":false,"template":"","format":"gallery","meta":{"footnotes":""},"categories":[8,9,6,57,56,10],"tags":[],"class_list":["post-85872","post","type-post","status-publish","format-gallery","has-post-thumbnail","hentry","category-bahia","category-brasil","category-feira-de-santana","category-mundo","category-policia","category-politica","post_format-post-format-gallery"],"featured_image_urls":{"full":["https:\/\/noticiasbahia360.com.br\/wp-content\/uploads\/2025\/05\/D30lz0if-Paulo-Sales-ex-tecnico.webp",1200,962,false],"thumbnail":["https:\/\/noticiasbahia360.com.br\/wp-content\/uploads\/2025\/05\/D30lz0if-Paulo-Sales-ex-tecnico-150x150.webp",150,150,true],"medium":["https:\/\/noticiasbahia360.com.br\/wp-content\/uploads\/2025\/05\/D30lz0if-Paulo-Sales-ex-tecnico-300x241.webp",300,241,true],"medium_large":["https:\/\/noticiasbahia360.com.br\/wp-content\/uploads\/2025\/05\/D30lz0if-Paulo-Sales-ex-tecnico-768x616.webp",640,513,true],"large":["https:\/\/noticiasbahia360.com.br\/wp-content\/uploads\/2025\/05\/D30lz0if-Paulo-Sales-ex-tecnico-1024x821.webp",640,513,true],"1536x1536":["https:\/\/noticiasbahia360.com.br\/wp-content\/uploads\/2025\/05\/D30lz0if-Paulo-Sales-ex-tecnico.webp",1200,962,false],"2048x2048":["https:\/\/noticiasbahia360.com.br\/wp-content\/uploads\/2025\/05\/D30lz0if-Paulo-Sales-ex-tecnico.webp",1200,962,false],"chromenews-featured":["https:\/\/noticiasbahia360.com.br\/wp-content\/uploads\/2025\/05\/D30lz0if-Paulo-Sales-ex-tecnico-1024x821.webp",1024,821,true],"chromenews-large":["https:\/\/noticiasbahia360.com.br\/wp-content\/uploads\/2025\/05\/D30lz0if-Paulo-Sales-ex-tecnico-825x575.webp",825,575,true],"chromenews-medium":["https:\/\/noticiasbahia360.com.br\/wp-content\/uploads\/2025\/05\/D30lz0if-Paulo-Sales-ex-tecnico-590x410.webp",590,410,true]},"author_info":{"display_name":"noticiasbahia360.com.br","author_link":"https:\/\/noticiasbahia360.com.br\/?author=1"},"category_info":"<a href=\"https:\/\/noticiasbahia360.com.br\/?cat=8\" rel=\"category\">Bahia<\/a> <a href=\"https:\/\/noticiasbahia360.com.br\/?cat=9\" rel=\"category\">Brasil<\/a> <a href=\"https:\/\/noticiasbahia360.com.br\/?cat=6\" rel=\"category\">Feira de Santana<\/a> <a href=\"https:\/\/noticiasbahia360.com.br\/?cat=57\" rel=\"category\">Mundo<\/a> <a href=\"https:\/\/noticiasbahia360.com.br\/?cat=56\" rel=\"category\">Pol\u00edcia<\/a> <a href=\"https:\/\/noticiasbahia360.com.br\/?cat=10\" rel=\"category\">Pol\u00edtica<\/a>","tag_info":"Pol\u00edtica","comment_count":"0","_links":{"self":[{"href":"https:\/\/noticiasbahia360.com.br\/index.php?rest_route=\/wp\/v2\/posts\/85872","targetHints":{"allow":["GET"]}}],"collection":[{"href":"https:\/\/noticiasbahia360.com.br\/index.php?rest_route=\/wp\/v2\/posts"}],"about":[{"href":"https:\/\/noticiasbahia360.com.br\/index.php?rest_route=\/wp\/v2\/types\/post"}],"author":[{"embeddable":true,"href":"https:\/\/noticiasbahia360.com.br\/index.php?rest_route=\/wp\/v2\/users\/1"}],"replies":[{"embeddable":true,"href":"https:\/\/noticiasbahia360.com.br\/index.php?rest_route=%2Fwp%2Fv2%2Fcomments&post=85872"}],"version-history":[{"count":0,"href":"https:\/\/noticiasbahia360.com.br\/index.php?rest_route=\/wp\/v2\/posts\/85872\/revisions"}],"wp:featuredmedia":[{"embeddable":true,"href":"https:\/\/noticiasbahia360.com.br\/index.php?rest_route=\/wp\/v2\/media\/85873"}],"wp:attachment":[{"href":"https:\/\/noticiasbahia360.com.br\/index.php?rest_route=%2Fwp%2Fv2%2Fmedia&parent=85872"}],"wp:term":[{"taxonomy":"category","embeddable":true,"href":"https:\/\/noticiasbahia360.com.br\/index.php?rest_route=%2Fwp%2Fv2%2Fcategories&post=85872"},{"taxonomy":"post_tag","embeddable":true,"href":"https:\/\/noticiasbahia360.com.br\/index.php?rest_route=%2Fwp%2Fv2%2Ftags&post=85872"}],"curies":[{"name":"wp","href":"https:\/\/api.w.org\/{rel}","templated":true}]}}