{"id":85874,"date":"2025-05-12T18:34:47","date_gmt":"2025-05-12T21:34:47","guid":{"rendered":"https:\/\/noticiasbahia360.com.br\/?p=85874"},"modified":"2025-05-12T18:34:47","modified_gmt":"2025-05-12T21:34:47","slug":"tre-ba-promove-campanha-de-arrecadacao-de-documentos-e-objetos-historicos","status":"publish","type":"post","link":"https:\/\/noticiasbahia360.com.br\/?p=85874","title":{"rendered":"TRE-BA promove campanha de arrecada\u00e7\u00e3o de documentos e objetos hist\u00f3ricos"},"content":{"rendered":"<div>\n<div>\n<figure><img decoding=\"async\" src=\"http:\/\/noticiasbahia360.com.br\/wp-content\/uploads\/2025\/05\/u4Eeg8Sh-TRE.webp\" alt=\"Documentos hist\u00f3ricos\"><figcaption>Foto: Divulga\u00e7\u00e3o\/TRE<\/figcaption><\/figure>\n<\/div>\n<p>Integrando as celebra\u00e7\u00f5es do \u2018Dia da Mem\u00f3ria do Poder Judici\u00e1rio\u2019 (10), data institu\u00edda pela Resolu\u00e7\u00e3o CNJ n. 316\/20, o <strong>Tribunal Regional Eleitoral da Bahia<\/strong> (TRE-BA) lan\u00e7a campanha para <strong>ampliar o acervo hist\u00f3rico<\/strong> do seu Centro de Mem\u00f3ria Eleitora: quaisquer objetos e documentos que ajudem a contar a hist\u00f3ria das elei\u00e7\u00f5es s\u00e3o de interesse da institui\u00e7\u00e3o.<\/p>\n<p>Para colaborar, o p\u00fablico em geral deve encaminhar os itens de <strong>valor hist\u00f3rico<\/strong> \u00e0 sede do <a href=\"https:\/\/www.acordacidade.com.br\/tag\/tre-ba\/\"><strong>TRE-BA<\/strong><\/a>, no Centro Administrativo (1\u00aa Avenida do CAB, n. 150), ou aos <strong>cart\u00f3rios eleitorais<\/strong> situados no interior do estado. As doa\u00e7\u00f5es podem ser efetuadas durante todo o ano.<\/p>\n<h2 class=\"wp-block-heading\" id=\"h-exemplares-de-grande-valor-historico\">Exemplares de grande valor hist\u00f3rico<\/h2>\n<p>Al\u00e9m dos(as) servidores(as) do <strong>eleitoral baiano<\/strong>, qualquer pessoa pode participar da a\u00e7\u00e3o, doando documentos como t\u00edtulos eleitorais, folhetos educativos, recortes de jornais, cartazes, mobili\u00e1rios e equipamentos antigos e outros itens que sejam de relev\u00e2ncia para contribuir com a preserva\u00e7\u00e3o da hist\u00f3ria das elei\u00e7\u00f5es e da <strong>democracia brasileira<\/strong>. O material apresentado ser\u00e1 avaliado, e, se for o caso, incorporado ao acervo do <strong>Centro de Mem\u00f3ria Eleitoral<\/strong>. Os colaboradores receber\u00e3o um certificado do Regional em agradecimento pela contribui\u00e7\u00e3o.<\/p>\n<h2 class=\"wp-block-heading\" id=\"h-a-importancia-do-acervo-historico\">A Import\u00e2ncia do Acervo Hist\u00f3rico<\/h2>\n<p>O chefe da Se\u00e7\u00e3o de Biblioteca, Mem\u00f3ria e Arquivo, <strong>Osnir Mendes Madureira<\/strong>, explica a import\u00e2ncia da a\u00e7\u00e3o: \u201calguns servidores, principalmente os lotados em <strong>cart\u00f3rios eleitorais<\/strong>, costumam se deparar com processos centen\u00e1rios e outros itens documentais de grande <strong>valor hist\u00f3rico<\/strong>, especialmente no momento dos trabalhos de descarte. Muitos cart\u00f3rios podem estar mantendo itens valios\u00edssimos, motivo pelo qual solicitamos o encaminhamento desses documentos e objetos para que sejam catalogados e guardados na Reserva T\u00e9cnica do <strong>Centro de Mem\u00f3ria<\/strong>\u201d, esclarece.<\/p>\n<h2 class=\"wp-block-heading\" id=\"h-centro-de-memoria-eleitoral\">Centro de Mem\u00f3ria Eleitoral\u00a0<\/h2>\n<p>O <strong>Centro de Mem\u00f3ria Eleitoral da Bahia<\/strong> tem por compromisso propor reflex\u00f5es sobre a <a href=\"https:\/\/www.acordacidade.com.br\/tag\/eleicoes\/\"><strong>hist\u00f3ria das elei\u00e7\u00f5es<\/strong><\/a> no Brasil atrav\u00e9s dos v\u00e1rios itens que abriga em seu acervo. Em sua exposi\u00e7\u00e3o permanente na entrada do pr\u00e9dio do Anexo II do TRE-BA, o visitante encontra uma parte significativa da hist\u00f3ria do <strong>Eleitoral baiano<\/strong> e das <strong>elei\u00e7\u00f5es<\/strong>, como fotos, antiguidades, exposi\u00e7\u00e3o de urnas eletr\u00f4nicas antigas e outros objetos de valor documental, constituindo-se em um espa\u00e7o de cidadania.<\/p>\n<p>O local est\u00e1 aberto ao p\u00fablico de segunda a sexta-feira, das 8h \u00e0s 14h, na sede do <strong>Tribunal Regional Eleitoral da Bahia<\/strong>, no Centro Administrativo (1\u00aa Avenida do CAB, 150). A visita\u00e7\u00e3o \u00e9 gratuita. O agendamento para escolas p\u00fablicas e privadas e institui\u00e7\u00f5es deve ser realizado com anteced\u00eancia, atrav\u00e9s do e-mail\u00a0<a href=\"mailto:seblim@tre-ba.jus.br\">seblim@tre-ba.jus.br<\/a>.<\/p>\n<p><em>Siga o Acorda Cidade no<\/em><a href=\"https:\/\/news.google.com\/search?q=acorda%20cidade&amp;hl=pt-BR&amp;gl=BR&amp;ceid=BR%3Apt-419\"><strong><em>\u00a0Google Not\u00edcias<\/em><\/strong><\/a><em>\u00a0e receba os principais destaques do dia. Participe tamb\u00e9m dos nossos canais no\u00a0<\/em><a href=\"https:\/\/www.whatsapp.com\/channel\/0029Va6Rb4v3WHTNnsh8WI3N\"><strong><em>WhatsApp<\/em><\/strong><\/a><em>\u00a0e\u00a0<\/em><a href=\"https:\/\/www.youtube.com\/@acordacidadenoticias\/videos\"><strong>YouTube<\/strong><\/a><em>\u00a0e do grupo no\u00a0<\/em><a href=\"https:\/\/t.me\/+sSz0khrgARA0ZmRh\"><strong><em>Telegram<\/em><\/strong><\/a><em>.<\/em><\/p>\n<\/div>\n","protected":false},"excerpt":{"rendered":"<div>\n<div>\n<figure><img decoding=\"async\" src=\"https:\/\/uploads.acordacidade.com.br\/2025\/05\/u4Eeg8Sh-TRE.webp\" alt=\"Documentos hist\u00f3ricos\"><figcaption>Foto: Divulga\u00e7\u00e3o\/TRE<\/figcaption><\/figure>\n<\/div>\n<p>Qualquer pessoa pode doar documentos e objetos antigos que ajudem a preservar a hist\u00f3ria das elei\u00e7\u00f5es e da democracia brasileira.<\/p><\/div>\n","protected":false},"author":1,"featured_media":85875,"comment_status":"closed","ping_status":"closed","sticky":false,"template":"","format":"gallery","meta":{"footnotes":""},"categories":[8,9,6,57,56,10],"tags":[],"class_list":["post-85874","post","type-post","status-publish","format-gallery","has-post-thumbnail","hentry","category-bahia","category-brasil","category-feira-de-santana","category-mundo","category-policia","category-politica","post_format-post-format-gallery"],"featured_image_urls":{"full":["https:\/\/noticiasbahia360.com.br\/wp-content\/uploads\/2025\/05\/u4Eeg8Sh-TRE.webp",1200,578,false],"thumbnail":["https:\/\/noticiasbahia360.com.br\/wp-content\/uploads\/2025\/05\/u4Eeg8Sh-TRE-150x150.webp",150,150,true],"medium":["https:\/\/noticiasbahia360.com.br\/wp-content\/uploads\/2025\/05\/u4Eeg8Sh-TRE-300x145.webp",300,145,true],"medium_large":["https:\/\/noticiasbahia360.com.br\/wp-content\/uploads\/2025\/05\/u4Eeg8Sh-TRE-768x370.webp",640,308,true],"large":["https:\/\/noticiasbahia360.com.br\/wp-content\/uploads\/2025\/05\/u4Eeg8Sh-TRE-1024x493.webp",640,308,true],"1536x1536":["https:\/\/noticiasbahia360.com.br\/wp-content\/uploads\/2025\/05\/u4Eeg8Sh-TRE.webp",1200,578,false],"2048x2048":["https:\/\/noticiasbahia360.com.br\/wp-content\/uploads\/2025\/05\/u4Eeg8Sh-TRE.webp",1200,578,false],"chromenews-featured":["https:\/\/noticiasbahia360.com.br\/wp-content\/uploads\/2025\/05\/u4Eeg8Sh-TRE-1024x493.webp",1024,493,true],"chromenews-large":["https:\/\/noticiasbahia360.com.br\/wp-content\/uploads\/2025\/05\/u4Eeg8Sh-TRE-825x575.webp",825,575,true],"chromenews-medium":["https:\/\/noticiasbahia360.com.br\/wp-content\/uploads\/2025\/05\/u4Eeg8Sh-TRE-590x410.webp",590,410,true]},"author_info":{"display_name":"noticiasbahia360.com.br","author_link":"https:\/\/noticiasbahia360.com.br\/?author=1"},"category_info":"<a href=\"https:\/\/noticiasbahia360.com.br\/?cat=8\" rel=\"category\">Bahia<\/a> <a href=\"https:\/\/noticiasbahia360.com.br\/?cat=9\" rel=\"category\">Brasil<\/a> <a href=\"https:\/\/noticiasbahia360.com.br\/?cat=6\" rel=\"category\">Feira de Santana<\/a> <a href=\"https:\/\/noticiasbahia360.com.br\/?cat=57\" rel=\"category\">Mundo<\/a> <a href=\"https:\/\/noticiasbahia360.com.br\/?cat=56\" rel=\"category\">Pol\u00edcia<\/a> <a href=\"https:\/\/noticiasbahia360.com.br\/?cat=10\" rel=\"category\">Pol\u00edtica<\/a>","tag_info":"Pol\u00edtica","comment_count":"0","_links":{"self":[{"href":"https:\/\/noticiasbahia360.com.br\/index.php?rest_route=\/wp\/v2\/posts\/85874","targetHints":{"allow":["GET"]}}],"collection":[{"href":"https:\/\/noticiasbahia360.com.br\/index.php?rest_route=\/wp\/v2\/posts"}],"about":[{"href":"https:\/\/noticiasbahia360.com.br\/index.php?rest_route=\/wp\/v2\/types\/post"}],"author":[{"embeddable":true,"href":"https:\/\/noticiasbahia360.com.br\/index.php?rest_route=\/wp\/v2\/users\/1"}],"replies":[{"embeddable":true,"href":"https:\/\/noticiasbahia360.com.br\/index.php?rest_route=%2Fwp%2Fv2%2Fcomments&post=85874"}],"version-history":[{"count":0,"href":"https:\/\/noticiasbahia360.com.br\/index.php?rest_route=\/wp\/v2\/posts\/85874\/revisions"}],"wp:featuredmedia":[{"embeddable":true,"href":"https:\/\/noticiasbahia360.com.br\/index.php?rest_route=\/wp\/v2\/media\/85875"}],"wp:attachment":[{"href":"https:\/\/noticiasbahia360.com.br\/index.php?rest_route=%2Fwp%2Fv2%2Fmedia&parent=85874"}],"wp:term":[{"taxonomy":"category","embeddable":true,"href":"https:\/\/noticiasbahia360.com.br\/index.php?rest_route=%2Fwp%2Fv2%2Fcategories&post=85874"},{"taxonomy":"post_tag","embeddable":true,"href":"https:\/\/noticiasbahia360.com.br\/index.php?rest_route=%2Fwp%2Fv2%2Ftags&post=85874"}],"curies":[{"name":"wp","href":"https:\/\/api.w.org\/{rel}","templated":true}]}}