{"id":85876,"date":"2025-05-12T19:25:56","date_gmt":"2025-05-12T22:25:56","guid":{"rendered":"https:\/\/noticiasbahia360.com.br\/?p=85876"},"modified":"2025-05-12T19:25:56","modified_gmt":"2025-05-12T22:25:56","slug":"delegado-fala-sobre-providencias-apos-dentista-tirar-a-propria-vida-no-complexo-de-delegacias","status":"publish","type":"post","link":"https:\/\/noticiasbahia360.com.br\/?p=85876","title":{"rendered":"Delegado fala sobre provid\u00eancias ap\u00f3s dentista tirar a pr\u00f3pria vida no Complexo de Delegacias"},"content":{"rendered":"<div>\n<div>\n<figure><img decoding=\"async\" src=\"http:\/\/noticiasbahia360.com.br\/wp-content\/uploads\/2025\/05\/oj1Bzyvz-complexo-de-delegacias-do-bairro-Sobradinho.jpg\" alt=\"complexo de delegacias do bairro Sobradinho\"><figcaption>Foto: Ed Santos\/Acorda Cidade<\/figcaption><\/figure>\n<\/div>\n<p>Ap\u00f3s um <a href=\"https:\/\/www.acordacidade.com.br\/policia\/dentista-suspeito-de-esfaquear-irma-no-bairro-sim-e-encontrado-morto-dentro-de-cela\/\">homem ser encontrado morto dentro de uma cela do Complexo de Delegacias, no bairro Sobradinho em Feira de Santana<\/a>, o delegado Yves Correia, explicou ao Acorda Cidade quais provid\u00eancias devem ser tomadas. O dentista Tarcio Vinicius Ouriques Cordeiro, 36 anos, foi encontrado morto por volta das 8h20 desta segunda-feira (12). <a href=\"https:\/\/www.acordacidade.com.br\/policia\/irmao-esfaqueia-irma-durante-surto-no-bairro-sim-em-feira-de-santana\/\">Ele foi preso em flagrante ap\u00f3s agredir a irm\u00e3 em um condom\u00ednio no bairro SIM, durante uma discuss\u00e3o.<\/a><\/p>\n<p>O delegado Yves Correia afirmou que est\u00e1 baixando portarias para tentar que o pres\u00eddio comece a receber os presos todos os dias. \u201cAqui em Feira o pres\u00eddio s\u00f3 recebe as quartas-feiras e isso acaba superlotando a cadeira do complexo do Sobradinho, \u00e9 um problema ser\u00edssimo para a seguran\u00e7a p\u00fablica do complexo, fica algo muito prec\u00e1rio\u201d, afirmou.<\/p>\n<figure class=\"wp-block-image size-large\"><img fetchpriority=\"high\" data-dominant-color=\"848686\" data-has-transparency=\"false\" style=\"--dominant-color: #848686;\" fetchpriority=\"high\" decoding=\"async\" width=\"1024\" height=\"898\" sizes=\"(max-width: 1024px) 100vw, 1024px\" src=\"http:\/\/noticiasbahia360.com.br\/wp-content\/uploads\/2025\/05\/f2cWT6mz-delegado-yves-correia-fala-sobre-morte-no-complexo-de-delegacias-1024x898-1.webp\" alt=\"delegado yves correia fala sobre morte no complexo de delegacias\" class=\"wp-image-552578 not-transparent\" srcset=\"https:\/\/uploads.acordacidade.com.br\/2025\/05\/f2cWT6mz-delegado-yves-correia-fala-sobre-morte-no-complexo-de-delegacias--300x263.webp 300w, http:\/\/noticiasbahia360.com.br\/wp-content\/uploads\/2025\/05\/f2cWT6mz-delegado-yves-correia-fala-sobre-morte-no-complexo-de-delegacias-1024x898-1.webp 1024w, https:\/\/uploads.acordacidade.com.br\/2025\/05\/f2cWT6mz-delegado-yves-correia-fala-sobre-morte-no-complexo-de-delegacias--768x673.webp 768w, https:\/\/uploads.acordacidade.com.br\/2025\/05\/f2cWT6mz-delegado-yves-correia-fala-sobre-morte-no-complexo-de-delegacias--150x132.webp 150w, https:\/\/uploads.acordacidade.com.br\/2025\/05\/f2cWT6mz-delegado-yves-correia-fala-sobre-morte-no-complexo-de-delegacias-.webp 1200w\"><figcaption class=\"wp-element-caption\">Foto: Ed Santos\/Acorda Cidade <\/figcaption><\/figure>\n<p>Al\u00e9m disso, ele explicou que antes de ir para o pres\u00eddio, o detento precisa passar pela audi\u00eancia de cust\u00f3dia, o que ainda n\u00e3o tinha ocorrido no caso do dentista. \u201cAntigamente at\u00e9 se recebia antes, mas hoje tem que passar primeiro pela audi\u00eancia de cust\u00f3dia. Ele ainda n\u00e3o tinha passado, seria hoje\u201d.<\/p>\n<p>Yves Correia tamb\u00e9m destacou que j\u00e1 tinha criado, desde a semana passada, uma equipe espec\u00edfica de cust\u00f3dia para Feira de Santana e que tamb\u00e9m j\u00e1 conseguiu monitoramento de c\u00e2meras.<\/p>\n<h2 class=\"wp-block-heading\" id=\"h-apuracao\">Apura\u00e7\u00e3o<\/h2>\n<p>O delegado Yves Correia informou que Tarcio Vinicius Ouriques Cordeiro estava isolado na cela, pegou uma roupa de cama e tirou a pr\u00f3pria vida. O delegado frisou que tudo est\u00e1 sendo apurado.<\/p>\n<p>\u201cOs presos foram ouvidos, bem como os policiais que constaram o \u00f3bito e a per\u00edcia tamb\u00e9m foi realizada. Com base em todas as circunst\u00e2ncias que foram apuradas preliminarmente, h\u00e1 total indicativo de suic\u00eddio\u201d.<\/p>\n<p>Ele explicou ainda que o Complexo de Delegacias n\u00e3o \u00e9 uma estrutura de pres\u00eddio e que, \u00e0s vezes, os pr\u00f3prios familiares entregam uma roupa de cama por conta do frio. \u201cEle enrolou uma coberta na grade e infelizmente isso aconteceu\u201d, lamentou.<\/p>\n<p><strong>Leia tamb\u00e9m:<\/strong><\/p>\n<p><a href=\"https:\/\/www.acordacidade.com.br\/policia\/dentista-suspeito-de-esfaquear-irma-no-bairro-sim-e-encontrado-morto-dentro-de-cela\/\">Dentista suspeito de agredir irm\u00e3 no bairro SIM \u00e9 encontrado morto dentro de cela<\/a><\/p>\n<p><a href=\"https:\/\/www.acordacidade.com.br\/policia\/irmao-esfaqueia-irma-durante-surto-no-bairro-sim-em-feira-de-santana\/\">Irm\u00e3o agride irm\u00e3 durante surto no bairro SIM, em Feira de Santana<\/a><\/p>\n<p><a href=\"https:\/\/www.acordacidade.com.br\/policia\/agressao-contra-mae-provocou-briga-entre-irmaos-em-feira-de-santana-diz-delegada\/\">Agress\u00e3o contra m\u00e3e provocou briga entre irm\u00e3os em Feira de Santana, diz delegada<\/a><\/p>\n<p><em>Com informa\u00e7\u00f5es do rep\u00f3rter Ed Santos do Acorda Cidade<\/em><\/p>\n<p><em>Siga o Acorda Cidade no<\/em><a href=\"https:\/\/news.google.com\/search?q=acorda%20cidade&amp;hl=pt-BR&amp;gl=BR&amp;ceid=BR%3Apt-419\"><strong><em>\u00a0Google Not\u00edcias<\/em><\/strong><\/a><em>\u00a0e receba os principais destaques do dia. Participe tamb\u00e9m dos nossos canais no\u00a0<\/em><a href=\"https:\/\/www.whatsapp.com\/channel\/0029Va6Rb4v3WHTNnsh8WI3N\"><strong><em>WhatsApp<\/em><\/strong><\/a><em>\u00a0e\u00a0<\/em><a href=\"https:\/\/www.youtube.com\/@acordacidadenoticias\/videos\"><strong>Youtube<\/strong><\/a><em>\u00a0e grupo de\u00a0<\/em><a href=\"https:\/\/t.me\/+sSz0khrgARA0ZmRh\"><strong><em>Telegram<\/em><\/strong><\/a><em>.<\/em><\/p>\n<\/div>\n","protected":false},"excerpt":{"rendered":"<div>\n<div>\n<figure><img decoding=\"async\" src=\"https:\/\/uploads.acordacidade.com.br\/2024\/10\/oj1Bzyvz-complexo-de-delegacias-do-bairro-Sobradinho.jpg\" alt=\"complexo de delegacias do bairro Sobradinho\"><figcaption>Foto: Ed Santos\/Acorda Cidade<\/figcaption><\/figure>\n<\/div>\n<p>O delegado Yves Correia afirmou que est\u00e1 baixando portarias para tentar que o pres\u00eddio comece a receber os presos todos os dias.<\/p><\/div>\n","protected":false},"author":1,"featured_media":85877,"comment_status":"closed","ping_status":"closed","sticky":false,"template":"","format":"gallery","meta":{"footnotes":""},"categories":[8,9,6,57,56,10],"tags":[],"class_list":["post-85876","post","type-post","status-publish","format-gallery","has-post-thumbnail","hentry","category-bahia","category-brasil","category-feira-de-santana","category-mundo","category-policia","category-politica","post_format-post-format-gallery"],"featured_image_urls":{"full":["https:\/\/noticiasbahia360.com.br\/wp-content\/uploads\/2025\/05\/oj1Bzyvz-complexo-de-delegacias-do-bairro-Sobradinho.jpg",640,360,false],"thumbnail":["https:\/\/noticiasbahia360.com.br\/wp-content\/uploads\/2025\/05\/oj1Bzyvz-complexo-de-delegacias-do-bairro-Sobradinho-150x150.jpg",150,150,true],"medium":["https:\/\/noticiasbahia360.com.br\/wp-content\/uploads\/2025\/05\/oj1Bzyvz-complexo-de-delegacias-do-bairro-Sobradinho-300x169.jpg",300,169,true],"medium_large":["https:\/\/noticiasbahia360.com.br\/wp-content\/uploads\/2025\/05\/oj1Bzyvz-complexo-de-delegacias-do-bairro-Sobradinho.jpg",640,360,false],"large":["https:\/\/noticiasbahia360.com.br\/wp-content\/uploads\/2025\/05\/oj1Bzyvz-complexo-de-delegacias-do-bairro-Sobradinho.jpg",640,360,false],"1536x1536":["https:\/\/noticiasbahia360.com.br\/wp-content\/uploads\/2025\/05\/oj1Bzyvz-complexo-de-delegacias-do-bairro-Sobradinho.jpg",640,360,false],"2048x2048":["https:\/\/noticiasbahia360.com.br\/wp-content\/uploads\/2025\/05\/oj1Bzyvz-complexo-de-delegacias-do-bairro-Sobradinho.jpg",640,360,false],"chromenews-featured":["https:\/\/noticiasbahia360.com.br\/wp-content\/uploads\/2025\/05\/oj1Bzyvz-complexo-de-delegacias-do-bairro-Sobradinho.jpg",640,360,false],"chromenews-large":["https:\/\/noticiasbahia360.com.br\/wp-content\/uploads\/2025\/05\/oj1Bzyvz-complexo-de-delegacias-do-bairro-Sobradinho.jpg",640,360,false],"chromenews-medium":["https:\/\/noticiasbahia360.com.br\/wp-content\/uploads\/2025\/05\/oj1Bzyvz-complexo-de-delegacias-do-bairro-Sobradinho-590x360.jpg",590,360,true]},"author_info":{"display_name":"noticiasbahia360.com.br","author_link":"https:\/\/noticiasbahia360.com.br\/?author=1"},"category_info":"<a href=\"https:\/\/noticiasbahia360.com.br\/?cat=8\" rel=\"category\">Bahia<\/a> <a href=\"https:\/\/noticiasbahia360.com.br\/?cat=9\" rel=\"category\">Brasil<\/a> <a href=\"https:\/\/noticiasbahia360.com.br\/?cat=6\" rel=\"category\">Feira de Santana<\/a> <a href=\"https:\/\/noticiasbahia360.com.br\/?cat=57\" rel=\"category\">Mundo<\/a> <a href=\"https:\/\/noticiasbahia360.com.br\/?cat=56\" rel=\"category\">Pol\u00edcia<\/a> <a href=\"https:\/\/noticiasbahia360.com.br\/?cat=10\" rel=\"category\">Pol\u00edtica<\/a>","tag_info":"Pol\u00edtica","comment_count":"0","_links":{"self":[{"href":"https:\/\/noticiasbahia360.com.br\/index.php?rest_route=\/wp\/v2\/posts\/85876","targetHints":{"allow":["GET"]}}],"collection":[{"href":"https:\/\/noticiasbahia360.com.br\/index.php?rest_route=\/wp\/v2\/posts"}],"about":[{"href":"https:\/\/noticiasbahia360.com.br\/index.php?rest_route=\/wp\/v2\/types\/post"}],"author":[{"embeddable":true,"href":"https:\/\/noticiasbahia360.com.br\/index.php?rest_route=\/wp\/v2\/users\/1"}],"replies":[{"embeddable":true,"href":"https:\/\/noticiasbahia360.com.br\/index.php?rest_route=%2Fwp%2Fv2%2Fcomments&post=85876"}],"version-history":[{"count":0,"href":"https:\/\/noticiasbahia360.com.br\/index.php?rest_route=\/wp\/v2\/posts\/85876\/revisions"}],"wp:featuredmedia":[{"embeddable":true,"href":"https:\/\/noticiasbahia360.com.br\/index.php?rest_route=\/wp\/v2\/media\/85877"}],"wp:attachment":[{"href":"https:\/\/noticiasbahia360.com.br\/index.php?rest_route=%2Fwp%2Fv2%2Fmedia&parent=85876"}],"wp:term":[{"taxonomy":"category","embeddable":true,"href":"https:\/\/noticiasbahia360.com.br\/index.php?rest_route=%2Fwp%2Fv2%2Fcategories&post=85876"},{"taxonomy":"post_tag","embeddable":true,"href":"https:\/\/noticiasbahia360.com.br\/index.php?rest_route=%2Fwp%2Fv2%2Ftags&post=85876"}],"curies":[{"name":"wp","href":"https:\/\/api.w.org\/{rel}","templated":true}]}}