{"id":85881,"date":"2025-05-12T20:11:47","date_gmt":"2025-05-12T23:11:47","guid":{"rendered":"https:\/\/noticiasbahia360.com.br\/?p=85881"},"modified":"2025-05-12T20:11:47","modified_gmt":"2025-05-12T23:11:47","slug":"dores-constantes-conheca-o-dia-a-dia-de-quem-convive-com-a-fibromialgia","status":"publish","type":"post","link":"https:\/\/noticiasbahia360.com.br\/?p=85881","title":{"rendered":"Dores constantes: conhe\u00e7a o dia a dia de quem convive com a fibromialgia"},"content":{"rendered":"<div>\n<div>\n<figure><img decoding=\"async\" src=\"http:\/\/noticiasbahia360.com.br\/wp-content\/uploads\/2025\/05\/mulher-com-dor-no-ombro-Foto-Freepik.jpg\" alt=\"Conhe\u00e7a pessoas com fibromialgia\"><figcaption>Foto:  Freepik<\/figcaption><\/figure>\n<\/div>\n<p>No Brasil, o <a href=\"https:\/\/www.acordacidade.com.br\/tag\/dia-nacional\/\"><strong>Dia Nacional<\/strong><\/a> de Conscientiza\u00e7\u00e3o e Enfrentamento da <strong><a href=\"https:\/\/www.acordacidade.com.br\/tag\/fibromialgia\/\">Fibromialgia<\/a><\/strong>, celebrado em 12 de maio, busca dar visibilidade a uma condi\u00e7\u00e3o que atinge milh\u00f5es de pessoas, principalmente mulheres, e que ainda \u00e9 cercada de desinforma\u00e7\u00e3o. <\/p>\n<p>Caracterizada por dores cr\u00f4nicas generalizadas, fadiga, dist\u00farbios do sono e dificuldades cognitivas, a fibromialgia \u00e9 uma doen\u00e7a considerada invis\u00edvel, j\u00e1 que seus sintomas n\u00e3o aparecem em exames convencionais. Para quem convive com ela, o impacto \u00e9 real e di\u00e1rio.<\/p>\n<p>A advogada aposentada <strong>Aleteia Patr\u00edcia Rosado de Almeida<\/strong>, de 48 anos, vive com a fibromialgia desde a inf\u00e2ncia, embora o diagn\u00f3stico s\u00f3 tenha vindo h\u00e1 15 anos. <\/p>\n<figure class=\"wp-block-image size-full is-resized\"><img fetchpriority=\"high\" data-dominant-color=\"82817e\" data-has-transparency=\"false\" fetchpriority=\"high\" decoding=\"async\" width=\"720\" height=\"758\" sizes=\"(max-width: 720px) 100vw, 720px\" src=\"http:\/\/noticiasbahia360.com.br\/wp-content\/uploads\/2025\/05\/7tvV2jWx-Aleteia-Foto-Arquivo-Pessoal-.webp\" alt=\"Dores constantes: conhe\u00e7a o dia a dia de quem convive com a fibromialgia\" class=\"wp-image-552336 not-transparent\" style=\"--dominant-color: #82817e; width:840px;height:auto\" srcset=\"https:\/\/uploads.acordacidade.com.br\/2025\/05\/7tvV2jWx-Aleteia-Foto-Arquivo-Pessoal--285x300.webp 285w, https:\/\/uploads.acordacidade.com.br\/2025\/05\/7tvV2jWx-Aleteia-Foto-Arquivo-Pessoal--150x158.webp 150w, http:\/\/noticiasbahia360.com.br\/wp-content\/uploads\/2025\/05\/7tvV2jWx-Aleteia-Foto-Arquivo-Pessoal-.webp 720w\"><figcaption class=\"wp-element-caption\">Aleteia | Foto: Arquivo Pessoal<\/figcaption><\/figure>\n<p>\u201cDesde os 9 anos eu sentia dores nas costas e nunca mais pararam. Aos 18, quando comecei a trabalhar como t\u00e9cnica de enfermagem, a situa\u00e7\u00e3o se agravou. Trabalhava em mais de um emprego e tomava medica\u00e7\u00e3o entre um plant\u00e3o e outro para aguentar. Era uma rotina de dor constante\u201d, contou ao Acorda Cidade.<\/p>\n<p>A jornada at\u00e9 o diagn\u00f3stico foi longa. Por anos, os sintomas foram tratados como problemas ortop\u00e9dicos, com medicamentos para dor e inflama\u00e7\u00e3o. Foi apenas ap\u00f3s procurar um cl\u00ednico geral que a possibilidade de fibromialgia foi levantada e ela foi encaminhada a um reumatologista. <\/p>\n<p>\u201cO diagn\u00f3stico \u00e9 cl\u00ednico, feito a partir da avalia\u00e7\u00e3o f\u00edsica, porque n\u00e3o existe exame de imagem ou laborat\u00f3rio que comprove a fibromialgia\u201d, explicou.<\/p>\n<p>Desde ent\u00e3o, Aleteia faz tratamento com medicamentos, mas destaca que o que mais trouxe al\u00edvio foram as mudan\u00e7as no estilo de vida. <\/p>\n<p>\u201cHoje sou acompanhada por uma nutricionista. Cortei gl\u00faten, leite, a\u00e7\u00facar, alimentos processados e perdi muito peso. O exerc\u00edcio f\u00edsico e a <a href=\"https:\/\/www.acordacidade.com.br\/tag\/alimentacao-saudavel\/\"><strong>alimenta\u00e7\u00e3o saud\u00e1vel<\/strong><\/a> foram as atitudes que mais me ajudaram, at\u00e9 mais do que os rem\u00e9dios\u201d, afirmou.<\/p>\n<h2 class=\"wp-block-heading\" id=\"h-direitos-da-pessoa-com-fibromialgia\">Direitos da pessoa com fibromialgia<\/h2>\n<p><strong>O Projeto de Lei 598\/23 considera a fibromialgia como defici\u00eancia para todos os efeitos legais, e obriga o Sistema \u00danico de Sa\u00fade (SUS) a fornecer gratuitamente medicamentos para tratar a doen\u00e7a.<\/strong><\/p>\n<p>\u201cPor muito tempo, nem se falava em direitos. S\u00f3 agora, com a lei aprovada, fomos inclu\u00eddos no rol de pessoas com defici\u00eancia. Sei que as pessoas tamb\u00e9m com fibromialgia t\u00eam direito ao aux\u00edlio-doen\u00e7a tempor\u00e1rio e t\u00eam direito at\u00e9 \u00e0 aposentadoria por invalidez, caso seja comprovado por incapacidade permanente. Tem tamb\u00e9m a gratuidade no \u00f4nibus coletivo e a n\u00edvel estadual eu acredito que tamb\u00e9m, cumprindo as exig\u00eancias que o Estado ou que as cidades devem exigir, eu acredito que tamb\u00e9m tenha gratuidade nos \u00f4nibus intermunicipais\u201d, pontuou.<\/p>\n<p>Apesar de todas as dificuldades, <strong>Aleteia<\/strong> deixa uma mensagem de esperan\u00e7a. \u201c\u00c9 poss\u00edvel conviver, \u00e9 poss\u00edvel sobreviver, ser alegre e feliz. Mude seu estilo de vida, cuide do corpo e da mente. Com f\u00e9 e disciplina, a vida melhora,\u201d apontou.<\/p>\n<p><strong>Em Feira de Santana, a fibromialgia \u00e9 reconhecida pela Secretaria de Sa\u00fade e a popula\u00e7\u00e3o com a doen\u00e7a tem direito:<\/strong><\/p>\n<ul class=\"wp-block-list\">\n<li><strong> a atendimento preferencial, incluindo filas e estacionamento, conforme a Lei Municipal n\u00ba 3.962 de 2019. <\/strong><\/li>\n<\/ul>\n<p><strong>Al\u00e9m disso, a Secretaria de Sa\u00fade oferece uma carteirinha de prioridade para portadores de fibromialgia<\/strong>, que pode ser solicitada no setor de protocolo. <em>Para solicitar a carteirinha, \u00e9 necess\u00e1rio apresentar RG, CPF, comprovante de resid\u00eancia e laudo m\u00e9dico com o diagn\u00f3stico da doen\u00e7a, como informou a Prefeitura Municipal de Feira de Santana.<\/em><\/p>\n<h3 class=\"wp-block-heading\" id=\"h-a-experiencia-de-celia\">A experi\u00eancia de C\u00e9lia<\/h3>\n<p>Aos 72 anos, a idosa <strong>C\u00e9lia Maria Sim\u00f5es<\/strong> tamb\u00e9m compartilhou sua experi\u00eancia com a fibromialgia. As dores come\u00e7aram h\u00e1 mais de duas d\u00e9cadas. <\/p>\n<p>\u201cEu sentia dor em todo o corpo, cansa\u00e7o extremo, e uma sensibilidade absurda ao toque. Uma crian\u00e7a encostava em mim e eu j\u00e1 sentia dor. Procurei um neurologista, e ele diagnosticou a fibromialgia,\u201d relembrou.<\/p>\n<p>O caminho de tratamento incluiu medicamentos, fisioterapia e exerc\u00edcios f\u00edsicos. <\/p>\n<p>\u201cMelhorei bastante, mas ainda hoje sinto dores. \u00c9 uma doen\u00e7a horr\u00edvel, porque a gente sente dor o tempo todo e, mesmo com tratamento, o al\u00edvio nunca \u00e9 completo.\u201d<\/p>\n<p><em>Com informa\u00e7\u00f5es e produ\u00e7\u00e3o da jornalista Iasmim Santos do Acorda Cidade<\/em><\/p>\n<p><strong>Leia tamb\u00e9m:<\/strong> <a href=\"https:\/\/www.acordacidade.com.br\/feira-de-santana\/e-dor-nao-e-visivel-mas-a-luta-e-real-acao-social-no-centro-da-cidade-marca-o-dia-da-fibromialgia-em-feira-de-santana\/\" target=\"_blank\" rel=\"noreferrer noopener\">\u201cA dor n\u00e3o \u00e9 vis\u00edvel, mas a luta \u00e9 real\u201d: A\u00e7\u00e3o Social no centro da cidade marca o Dia da Fibromialgia em Feira de Santana<\/a><\/p>\n<p><em>Siga o Acorda Cidade no<\/em><a href=\"https:\/\/news.google.com\/search?q=acorda%20cidade&amp;hl=pt-BR&amp;gl=BR&amp;ceid=BR%3Apt-419\"><strong><em>\u00a0Google Not\u00edcias<\/em><\/strong><\/a><em>\u00a0e receba os principais destaques do dia. Participe tamb\u00e9m dos nossos canais no\u00a0<\/em><a href=\"https:\/\/www.whatsapp.com\/channel\/0029Va6Rb4v3WHTNnsh8WI3N\"><strong><em>WhatsApp<\/em><\/strong><\/a><em>\u00a0e\u00a0<\/em><a href=\"https:\/\/www.youtube.com\/@acordacidadenoticias\/videos\"><strong>YouTube<\/strong><\/a><em>\u00a0e do grupo no\u00a0<\/em><a href=\"https:\/\/t.me\/+sSz0khrgARA0ZmRh\"><strong><em>Telegram<\/em><\/strong><\/a><em>.<\/em><\/p>\n<\/div>\n","protected":false},"excerpt":{"rendered":"<div>\n<div>\n<figure><img decoding=\"async\" src=\"https:\/\/uploads.acordacidade.com.br\/2025\/05\/mulher-com-dor-no-ombro-Foto-Freepik.jpg\" alt=\"Conhe\u00e7a pessoas com fibromialgia\"><figcaption>Foto:  Freepik<\/figcaption><\/figure>\n<\/div>\n<p>Por ocasi\u00e3o do Dia Nacional de Conscientiza\u00e7\u00e3o e Enfrentamento da Fibromialgia, pacientes relatam os desafios e aprendizados com a s\u00edndrome que provoca dores cr\u00f4nicas.<\/p><\/div>\n","protected":false},"author":1,"featured_media":85882,"comment_status":"closed","ping_status":"closed","sticky":false,"template":"","format":"gallery","meta":{"footnotes":""},"categories":[8,9,6,57,56,10],"tags":[],"class_list":["post-85881","post","type-post","status-publish","format-gallery","has-post-thumbnail","hentry","category-bahia","category-brasil","category-feira-de-santana","category-mundo","category-policia","category-politica","post_format-post-format-gallery"],"featured_image_urls":{"full":["https:\/\/noticiasbahia360.com.br\/wp-content\/uploads\/2025\/05\/mulher-com-dor-no-ombro-Foto-Freepik.jpg",1200,838,false],"thumbnail":["https:\/\/noticiasbahia360.com.br\/wp-content\/uploads\/2025\/05\/mulher-com-dor-no-ombro-Foto-Freepik-150x150.jpg",150,150,true],"medium":["https:\/\/noticiasbahia360.com.br\/wp-content\/uploads\/2025\/05\/mulher-com-dor-no-ombro-Foto-Freepik-300x210.jpg",300,210,true],"medium_large":["https:\/\/noticiasbahia360.com.br\/wp-content\/uploads\/2025\/05\/mulher-com-dor-no-ombro-Foto-Freepik-768x536.jpg",640,447,true],"large":["https:\/\/noticiasbahia360.com.br\/wp-content\/uploads\/2025\/05\/mulher-com-dor-no-ombro-Foto-Freepik-1024x715.jpg",640,447,true],"1536x1536":["https:\/\/noticiasbahia360.com.br\/wp-content\/uploads\/2025\/05\/mulher-com-dor-no-ombro-Foto-Freepik.jpg",1200,838,false],"2048x2048":["https:\/\/noticiasbahia360.com.br\/wp-content\/uploads\/2025\/05\/mulher-com-dor-no-ombro-Foto-Freepik.jpg",1200,838,false],"chromenews-featured":["https:\/\/noticiasbahia360.com.br\/wp-content\/uploads\/2025\/05\/mulher-com-dor-no-ombro-Foto-Freepik-1024x715.jpg",1024,715,true],"chromenews-large":["https:\/\/noticiasbahia360.com.br\/wp-content\/uploads\/2025\/05\/mulher-com-dor-no-ombro-Foto-Freepik-825x575.jpg",825,575,true],"chromenews-medium":["https:\/\/noticiasbahia360.com.br\/wp-content\/uploads\/2025\/05\/mulher-com-dor-no-ombro-Foto-Freepik-590x410.jpg",590,410,true]},"author_info":{"display_name":"noticiasbahia360.com.br","author_link":"https:\/\/noticiasbahia360.com.br\/?author=1"},"category_info":"<a href=\"https:\/\/noticiasbahia360.com.br\/?cat=8\" rel=\"category\">Bahia<\/a> <a href=\"https:\/\/noticiasbahia360.com.br\/?cat=9\" rel=\"category\">Brasil<\/a> <a href=\"https:\/\/noticiasbahia360.com.br\/?cat=6\" rel=\"category\">Feira de Santana<\/a> <a href=\"https:\/\/noticiasbahia360.com.br\/?cat=57\" rel=\"category\">Mundo<\/a> <a href=\"https:\/\/noticiasbahia360.com.br\/?cat=56\" rel=\"category\">Pol\u00edcia<\/a> <a href=\"https:\/\/noticiasbahia360.com.br\/?cat=10\" rel=\"category\">Pol\u00edtica<\/a>","tag_info":"Pol\u00edtica","comment_count":"0","_links":{"self":[{"href":"https:\/\/noticiasbahia360.com.br\/index.php?rest_route=\/wp\/v2\/posts\/85881","targetHints":{"allow":["GET"]}}],"collection":[{"href":"https:\/\/noticiasbahia360.com.br\/index.php?rest_route=\/wp\/v2\/posts"}],"about":[{"href":"https:\/\/noticiasbahia360.com.br\/index.php?rest_route=\/wp\/v2\/types\/post"}],"author":[{"embeddable":true,"href":"https:\/\/noticiasbahia360.com.br\/index.php?rest_route=\/wp\/v2\/users\/1"}],"replies":[{"embeddable":true,"href":"https:\/\/noticiasbahia360.com.br\/index.php?rest_route=%2Fwp%2Fv2%2Fcomments&post=85881"}],"version-history":[{"count":0,"href":"https:\/\/noticiasbahia360.com.br\/index.php?rest_route=\/wp\/v2\/posts\/85881\/revisions"}],"wp:featuredmedia":[{"embeddable":true,"href":"https:\/\/noticiasbahia360.com.br\/index.php?rest_route=\/wp\/v2\/media\/85882"}],"wp:attachment":[{"href":"https:\/\/noticiasbahia360.com.br\/index.php?rest_route=%2Fwp%2Fv2%2Fmedia&parent=85881"}],"wp:term":[{"taxonomy":"category","embeddable":true,"href":"https:\/\/noticiasbahia360.com.br\/index.php?rest_route=%2Fwp%2Fv2%2Fcategories&post=85881"},{"taxonomy":"post_tag","embeddable":true,"href":"https:\/\/noticiasbahia360.com.br\/index.php?rest_route=%2Fwp%2Fv2%2Ftags&post=85881"}],"curies":[{"name":"wp","href":"https:\/\/api.w.org\/{rel}","templated":true}]}}