{"id":85884,"date":"2025-05-12T21:46:14","date_gmt":"2025-05-13T00:46:14","guid":{"rendered":"https:\/\/noticiasbahia360.com.br\/?p=85884"},"modified":"2025-05-12T21:46:14","modified_gmt":"2025-05-13T00:46:14","slug":"moto-roubada-em-2018-e-recuperada-apos-acidente-em-conceicao-do-jacuipe","status":"publish","type":"post","link":"https:\/\/noticiasbahia360.com.br\/?p=85884","title":{"rendered":"Moto roubada em 2018 \u00e9 recuperada ap\u00f3s acidente em Concei\u00e7\u00e3o do Jacu\u00edpe"},"content":{"rendered":"<div>\n<div>\n<figure><img decoding=\"async\" src=\"http:\/\/noticiasbahia360.com.br\/wp-content\/uploads\/2025\/05\/moto-roubada-em-2018.jpg\" alt=\"Ap\u00f3s acidente, moto roubada em 2018 \u00e9 recuperada pela PRF em Concei\u00e7\u00e3o do Jacu\u00edpe (BA)\"><figcaption>Foto: PRF<\/figcaption><\/figure>\n<\/div>\n<p>Uma motocicleta Honda CG150 com registro de roubo foi recuperada pela Pol\u00edcia Rodovi\u00e1ria Federal (PRF) no \u00faltimo domingo (11). O caso ocorreu ap\u00f3s o ve\u00edculo envolver-se em acidente com um caminh\u00e3o, no km 158 da <a href=\"https:\/\/www.acordacidade.com.br\/tag\/br-101\/\">BR-101<\/a> em<a href=\"https:\/\/www.acordacidade.com.br\/tag\/conceicao-do-jacuipe\/\"> Concei\u00e7\u00e3o do Jacu\u00edpe<\/a>. A equipe policial foi acionada para o atendimento e ao chegar ao local.<\/p>\n<p>Segundo a <a href=\"https:\/\/www.acordacidade.com.br\/tag\/prf\/\">PRF<\/a>, \u201cdurante a vistoria na moto os PRFs observaram que os elementos identificadores n\u00e3o eram compat\u00edveis com a placa, al\u00e9m de estarem adulterados. Em consultas ao sistema descobriram se tratar de um ve\u00edculo com registro de roubo em setembro\/2018, na cidade de Aramari (BA).\u201d<\/p>\n<p>Ainda segundo a PRF, o motociclista recebeu os primeiros socorros ainda na rodovia e foi levado para atendimento m\u00e9dico no Hospital Geral Cl\u00e9riston Andrade, pois apresentava fraturas e escoria\u00e7\u00f5es no corpo, devido ao acidente de moto.<\/p>\n<p>A ocorr\u00eancia foi encaminhada para a Pol\u00edcia Civil de Feira de Santana, onde foi registrada a recupera\u00e7\u00e3o pelos crimes de recepta\u00e7\u00e3o e adultera\u00e7\u00e3o de sinal identificador de ve\u00edculo automotor.<\/p>\n<p><em>Siga o Acorda Cidade no<\/em><a href=\"https:\/\/news.google.com\/search?q=acorda%20cidade&amp;hl=pt-BR&amp;gl=BR&amp;ceid=BR%3Apt-419\"><strong><em>\u00a0Google Not\u00edcias<\/em><\/strong><\/a><em>\u00a0e receba os principais destaques do dia. Participe tamb\u00e9m dos nossos canais no\u00a0<\/em><a href=\"https:\/\/www.whatsapp.com\/channel\/0029Va6Rb4v3WHTNnsh8WI3N\"><strong><em>WhatsApp<\/em><\/strong><\/a><em>\u00a0e\u00a0<\/em><a href=\"https:\/\/www.youtube.com\/@acordacidadenoticias\/videos\"><strong>Youtube<\/strong><\/a><em>\u00a0e grupo de\u00a0<\/em><a href=\"https:\/\/t.me\/+sSz0khrgARA0ZmRh\"><strong><em>Telegram<\/em><\/strong><\/a><em>.<\/em><\/p>\n<\/div>\n","protected":false},"excerpt":{"rendered":"<div>\n<div>\n<figure><img decoding=\"async\" src=\"https:\/\/uploads.acordacidade.com.br\/2025\/05\/moto-roubada-em-2018.jpg\" alt=\"Ap\u00f3s acidente, moto roubada em 2018 \u00e9 recuperada pela PRF em Concei\u00e7\u00e3o do Jacu\u00edpe (BA)\"><figcaption>Foto: PRF<\/figcaption><\/figure>\n<\/div>\n<p>Durante a vistoria na moto os PRFs observaram que os elementos identificadores n\u00e3o eram compat\u00edveis com a placa do ve\u00edculo.<\/p><\/div>\n","protected":false},"author":1,"featured_media":85885,"comment_status":"closed","ping_status":"closed","sticky":false,"template":"","format":"gallery","meta":{"footnotes":""},"categories":[8,9,6,57,56,10],"tags":[],"class_list":["post-85884","post","type-post","status-publish","format-gallery","has-post-thumbnail","hentry","category-bahia","category-brasil","category-feira-de-santana","category-mundo","category-policia","category-politica","post_format-post-format-gallery"],"featured_image_urls":{"full":["https:\/\/noticiasbahia360.com.br\/wp-content\/uploads\/2025\/05\/moto-roubada-em-2018.jpg",1200,842,false],"thumbnail":["https:\/\/noticiasbahia360.com.br\/wp-content\/uploads\/2025\/05\/moto-roubada-em-2018-150x150.jpg",150,150,true],"medium":["https:\/\/noticiasbahia360.com.br\/wp-content\/uploads\/2025\/05\/moto-roubada-em-2018-300x211.jpg",300,211,true],"medium_large":["https:\/\/noticiasbahia360.com.br\/wp-content\/uploads\/2025\/05\/moto-roubada-em-2018-768x539.jpg",640,449,true],"large":["https:\/\/noticiasbahia360.com.br\/wp-content\/uploads\/2025\/05\/moto-roubada-em-2018-1024x719.jpg",640,449,true],"1536x1536":["https:\/\/noticiasbahia360.com.br\/wp-content\/uploads\/2025\/05\/moto-roubada-em-2018.jpg",1200,842,false],"2048x2048":["https:\/\/noticiasbahia360.com.br\/wp-content\/uploads\/2025\/05\/moto-roubada-em-2018.jpg",1200,842,false],"chromenews-featured":["https:\/\/noticiasbahia360.com.br\/wp-content\/uploads\/2025\/05\/moto-roubada-em-2018-1024x719.jpg",1024,719,true],"chromenews-large":["https:\/\/noticiasbahia360.com.br\/wp-content\/uploads\/2025\/05\/moto-roubada-em-2018-825x575.jpg",825,575,true],"chromenews-medium":["https:\/\/noticiasbahia360.com.br\/wp-content\/uploads\/2025\/05\/moto-roubada-em-2018-590x410.jpg",590,410,true]},"author_info":{"display_name":"noticiasbahia360.com.br","author_link":"https:\/\/noticiasbahia360.com.br\/?author=1"},"category_info":"<a href=\"https:\/\/noticiasbahia360.com.br\/?cat=8\" rel=\"category\">Bahia<\/a> <a href=\"https:\/\/noticiasbahia360.com.br\/?cat=9\" rel=\"category\">Brasil<\/a> <a href=\"https:\/\/noticiasbahia360.com.br\/?cat=6\" rel=\"category\">Feira de Santana<\/a> <a href=\"https:\/\/noticiasbahia360.com.br\/?cat=57\" rel=\"category\">Mundo<\/a> <a href=\"https:\/\/noticiasbahia360.com.br\/?cat=56\" rel=\"category\">Pol\u00edcia<\/a> <a href=\"https:\/\/noticiasbahia360.com.br\/?cat=10\" rel=\"category\">Pol\u00edtica<\/a>","tag_info":"Pol\u00edtica","comment_count":"0","_links":{"self":[{"href":"https:\/\/noticiasbahia360.com.br\/index.php?rest_route=\/wp\/v2\/posts\/85884","targetHints":{"allow":["GET"]}}],"collection":[{"href":"https:\/\/noticiasbahia360.com.br\/index.php?rest_route=\/wp\/v2\/posts"}],"about":[{"href":"https:\/\/noticiasbahia360.com.br\/index.php?rest_route=\/wp\/v2\/types\/post"}],"author":[{"embeddable":true,"href":"https:\/\/noticiasbahia360.com.br\/index.php?rest_route=\/wp\/v2\/users\/1"}],"replies":[{"embeddable":true,"href":"https:\/\/noticiasbahia360.com.br\/index.php?rest_route=%2Fwp%2Fv2%2Fcomments&post=85884"}],"version-history":[{"count":0,"href":"https:\/\/noticiasbahia360.com.br\/index.php?rest_route=\/wp\/v2\/posts\/85884\/revisions"}],"wp:featuredmedia":[{"embeddable":true,"href":"https:\/\/noticiasbahia360.com.br\/index.php?rest_route=\/wp\/v2\/media\/85885"}],"wp:attachment":[{"href":"https:\/\/noticiasbahia360.com.br\/index.php?rest_route=%2Fwp%2Fv2%2Fmedia&parent=85884"}],"wp:term":[{"taxonomy":"category","embeddable":true,"href":"https:\/\/noticiasbahia360.com.br\/index.php?rest_route=%2Fwp%2Fv2%2Fcategories&post=85884"},{"taxonomy":"post_tag","embeddable":true,"href":"https:\/\/noticiasbahia360.com.br\/index.php?rest_route=%2Fwp%2Fv2%2Ftags&post=85884"}],"curies":[{"name":"wp","href":"https:\/\/api.w.org\/{rel}","templated":true}]}}