{"id":85886,"date":"2025-05-12T22:16:19","date_gmt":"2025-05-13T01:16:19","guid":{"rendered":"https:\/\/noticiasbahia360.com.br\/?p=85886"},"modified":"2025-05-12T22:16:19","modified_gmt":"2025-05-13T01:16:19","slug":"apropriacao-indebita-prf-recupera-carro-locado-em-2023-que-nao-foi-devolvido","status":"publish","type":"post","link":"https:\/\/noticiasbahia360.com.br\/?p=85886","title":{"rendered":"Apropria\u00e7\u00e3o ind\u00e9bita: PRF recupera carro locado em 2023 que n\u00e3o foi devolvido"},"content":{"rendered":"<div>\n<div>\n<figure><img decoding=\"async\" src=\"http:\/\/noticiasbahia360.com.br\/wp-content\/uploads\/2025\/05\/veiculo-locado-recuperado.jpg\" alt=\"Ve\u00edculo locado\"><figcaption>Foto: PRF<\/figcaption><\/figure>\n<\/div>\n<p>A <a href=\"https:\/\/www.acordacidade.com.br\/tag\/prf\/\">Pol\u00edcia Rodovi\u00e1ria Federal (PRF)<\/a> recuperou no domingo (11), em Feira de Santana, um autom\u00f3vel com registro de apropria\u00e7\u00e3o ind\u00e9bita. O ve\u00edculo, um Hyundai HB20S pertencente a uma locadora, estava sendo conduzido por uma mulher de 24 anos no momento da abordagem.<\/p>\n<p>Segundo a pol\u00edcia, a a\u00e7\u00e3o ocorreu durante uma fiscaliza\u00e7\u00e3o de rotina no km 524 da <a href=\"https:\/\/www.acordacidade.com.br\/tag\/br-324-4\/\">BR-324.<\/a> Ap\u00f3s consulta \u00e0 placa do ve\u00edculo, os policiais constataram que havia um alerta de crime no sistema Sinal da PRF. A equipe tamb\u00e9m verificou um boletim de ocorr\u00eancia registrado na Delegacia de Pol\u00edcia Civil de Lauro de Freitas, no qual foi informado que o carro deveria ter sido devolvido \u00e0 locadora no dia 5 de dezembro de 2023. Apesar de v\u00e1rias tentativas de contato, o ve\u00edculo n\u00e3o foi entregue no prazo estabelecido.<\/p>\n<p>Durante a abordagem, a condutora informou aos policiais que o ve\u00edculo havia sido alugado em janeiro de 2024, mas n\u00e3o apresentou qualquer documenta\u00e7\u00e3o que comprovasse a transa\u00e7\u00e3o. Ela tamb\u00e9m afirmou desconhecer qualquer irregularidade relacionada ao carro.<\/p>\n<p>A PRF informou que ve\u00edculo foi apreendido e a ocorr\u00eancia encaminhada para a Delegacia de Pol\u00edcia Civil de Feira de Santana, onde ser\u00e3o adotadas as medidas cab\u00edveis.<\/p>\n<p>Diante das informa\u00e7\u00f5es obtidas a mulher foi levada para Delegacia de Pol\u00edcia Civil para continuidade dos procedimentos legais, pelo crime de apropria\u00e7\u00e3o ind\u00e9bita (art. 168) do C\u00f3digo Penal.<\/p>\n<p><strong>SISTEMA SINAL<\/strong> \u2013 Para cadastrar casos de roubo, furto, clonagem, apropria\u00e7\u00e3o ind\u00e9bita e adultera\u00e7\u00e3o de ve\u00edculos, as pessoas podem acessar o site www.prf.gov.br\/sinal e inserir informa\u00e7\u00f5es sobre o crime e as caracter\u00edsticas do autom\u00f3vel. De imediato, uma mensagem \u00e9 enviada para os celulares dos policiais que estejam mais pr\u00f3ximos da ocorr\u00eancia, para auxiliar na recupera\u00e7\u00e3o do ve\u00edculo. Vale ressaltar que o registro no sistema n\u00e3o substitui a confec\u00e7\u00e3o do Boletim de Ocorr\u00eancia na Pol\u00edcia Civil.<\/p>\n<p><em>Siga o Acorda Cidade no<\/em><a href=\"https:\/\/news.google.com\/search?q=acorda%20cidade&amp;hl=pt-BR&amp;gl=BR&amp;ceid=BR%3Apt-419\"><strong><em>\u00a0Google Not\u00edcias<\/em><\/strong><\/a><em>\u00a0e receba os principais destaques do dia. Participe tamb\u00e9m dos nossos canais no\u00a0<\/em><a href=\"https:\/\/www.whatsapp.com\/channel\/0029Va6Rb4v3WHTNnsh8WI3N\"><strong><em>WhatsApp<\/em><\/strong><\/a><em>\u00a0e\u00a0<\/em><a href=\"https:\/\/www.youtube.com\/@acordacidadenoticias\/videos\"><strong>YouTube<\/strong><\/a><em>\u00a0e grupo de\u00a0<\/em><a href=\"https:\/\/t.me\/+sSz0khrgARA0ZmRh\"><strong><em>Telegram<\/em><\/strong><\/a><em>.<\/em><\/p>\n<\/div>\n","protected":false},"excerpt":{"rendered":"<div>\n<div>\n<figure><img decoding=\"async\" src=\"https:\/\/uploads.acordacidade.com.br\/2025\/05\/veiculo-locado-recuperado.jpg\" alt=\"Ve\u00edculo locado\"><figcaption>Foto: PRF<\/figcaption><\/figure>\n<\/div>\n<p>A PRF informou que ve\u00edculo locado foi apreendido e a ocorr\u00eancia encaminhada para a Delegacia de Pol\u00edcia Civil de Feira de Santana.<\/p><\/div>\n","protected":false},"author":1,"featured_media":85887,"comment_status":"closed","ping_status":"closed","sticky":false,"template":"","format":"gallery","meta":{"footnotes":""},"categories":[8,9,6,57,56,10],"tags":[],"class_list":["post-85886","post","type-post","status-publish","format-gallery","has-post-thumbnail","hentry","category-bahia","category-brasil","category-feira-de-santana","category-mundo","category-policia","category-politica","post_format-post-format-gallery"],"featured_image_urls":{"full":["https:\/\/noticiasbahia360.com.br\/wp-content\/uploads\/2025\/05\/veiculo-locado-recuperado.jpg",1200,730,false],"thumbnail":["https:\/\/noticiasbahia360.com.br\/wp-content\/uploads\/2025\/05\/veiculo-locado-recuperado-150x150.jpg",150,150,true],"medium":["https:\/\/noticiasbahia360.com.br\/wp-content\/uploads\/2025\/05\/veiculo-locado-recuperado-300x183.jpg",300,183,true],"medium_large":["https:\/\/noticiasbahia360.com.br\/wp-content\/uploads\/2025\/05\/veiculo-locado-recuperado-768x467.jpg",640,389,true],"large":["https:\/\/noticiasbahia360.com.br\/wp-content\/uploads\/2025\/05\/veiculo-locado-recuperado-1024x623.jpg",640,389,true],"1536x1536":["https:\/\/noticiasbahia360.com.br\/wp-content\/uploads\/2025\/05\/veiculo-locado-recuperado.jpg",1200,730,false],"2048x2048":["https:\/\/noticiasbahia360.com.br\/wp-content\/uploads\/2025\/05\/veiculo-locado-recuperado.jpg",1200,730,false],"chromenews-featured":["https:\/\/noticiasbahia360.com.br\/wp-content\/uploads\/2025\/05\/veiculo-locado-recuperado-1024x623.jpg",1024,623,true],"chromenews-large":["https:\/\/noticiasbahia360.com.br\/wp-content\/uploads\/2025\/05\/veiculo-locado-recuperado-825x575.jpg",825,575,true],"chromenews-medium":["https:\/\/noticiasbahia360.com.br\/wp-content\/uploads\/2025\/05\/veiculo-locado-recuperado-590x410.jpg",590,410,true]},"author_info":{"display_name":"noticiasbahia360.com.br","author_link":"https:\/\/noticiasbahia360.com.br\/?author=1"},"category_info":"<a href=\"https:\/\/noticiasbahia360.com.br\/?cat=8\" rel=\"category\">Bahia<\/a> <a href=\"https:\/\/noticiasbahia360.com.br\/?cat=9\" rel=\"category\">Brasil<\/a> <a href=\"https:\/\/noticiasbahia360.com.br\/?cat=6\" rel=\"category\">Feira de Santana<\/a> <a href=\"https:\/\/noticiasbahia360.com.br\/?cat=57\" rel=\"category\">Mundo<\/a> <a href=\"https:\/\/noticiasbahia360.com.br\/?cat=56\" rel=\"category\">Pol\u00edcia<\/a> <a href=\"https:\/\/noticiasbahia360.com.br\/?cat=10\" rel=\"category\">Pol\u00edtica<\/a>","tag_info":"Pol\u00edtica","comment_count":"0","_links":{"self":[{"href":"https:\/\/noticiasbahia360.com.br\/index.php?rest_route=\/wp\/v2\/posts\/85886","targetHints":{"allow":["GET"]}}],"collection":[{"href":"https:\/\/noticiasbahia360.com.br\/index.php?rest_route=\/wp\/v2\/posts"}],"about":[{"href":"https:\/\/noticiasbahia360.com.br\/index.php?rest_route=\/wp\/v2\/types\/post"}],"author":[{"embeddable":true,"href":"https:\/\/noticiasbahia360.com.br\/index.php?rest_route=\/wp\/v2\/users\/1"}],"replies":[{"embeddable":true,"href":"https:\/\/noticiasbahia360.com.br\/index.php?rest_route=%2Fwp%2Fv2%2Fcomments&post=85886"}],"version-history":[{"count":0,"href":"https:\/\/noticiasbahia360.com.br\/index.php?rest_route=\/wp\/v2\/posts\/85886\/revisions"}],"wp:featuredmedia":[{"embeddable":true,"href":"https:\/\/noticiasbahia360.com.br\/index.php?rest_route=\/wp\/v2\/media\/85887"}],"wp:attachment":[{"href":"https:\/\/noticiasbahia360.com.br\/index.php?rest_route=%2Fwp%2Fv2%2Fmedia&parent=85886"}],"wp:term":[{"taxonomy":"category","embeddable":true,"href":"https:\/\/noticiasbahia360.com.br\/index.php?rest_route=%2Fwp%2Fv2%2Fcategories&post=85886"},{"taxonomy":"post_tag","embeddable":true,"href":"https:\/\/noticiasbahia360.com.br\/index.php?rest_route=%2Fwp%2Fv2%2Ftags&post=85886"}],"curies":[{"name":"wp","href":"https:\/\/api.w.org\/{rel}","templated":true}]}}