{"id":85890,"date":"2025-05-12T23:06:36","date_gmt":"2025-05-13T02:06:36","guid":{"rendered":"https:\/\/noticiasbahia360.com.br\/?p=85890"},"modified":"2025-05-12T23:06:36","modified_gmt":"2025-05-13T02:06:36","slug":"caso-kauan-gomes-acusados-de-matar-jovem-por-engano-passam-por-audiencia-de-instrucao-em-feira-de-santana","status":"publish","type":"post","link":"https:\/\/noticiasbahia360.com.br\/?p=85890","title":{"rendered":"Caso Kauan Gomes: acusados de matar jovem por engano passam por audi\u00eancia de instru\u00e7\u00e3o em Feira de Santana"},"content":{"rendered":"<div>\n<div>\n<figure><img decoding=\"async\" src=\"http:\/\/noticiasbahia360.com.br\/wp-content\/uploads\/2025\/05\/3pA9P3Rv-kauangomes_redesociais.png\" alt=\"Kauan Gomes\"><figcaption>Foto: Redes Sociais<\/figcaption><\/figure>\n<\/div>\n<p>Foi realizada nesta segunda-feira (12) a audi\u00eancia de instru\u00e7\u00e3o dos dois homens suspeitos de envolvimento na <a href=\"https:\/\/www.acordacidade.com.br\/tag\/caso-kauan-gomes\/\">morte de Kauan Gomes Ara\u00fajo de Souza<\/a>, de 20 anos.<a href=\"https:\/\/www.acordacidade.com.br\/policia\/jovem-e-assassinado-por-engano-enquanto-voltava-da-academia-com-a-mae-em-feira-de-santana-policia-ja-identificou-suspeitos\/\"> O jovem foi morto por engano no dia 17 de dezembro de 2024, enquanto seguia para a academia com a m\u00e3e e uma amiga, em Feira de Santana.<\/a><\/p>\n<p>De acordo com as investiga\u00e7\u00f5es, um dos suspeitos \u00e9 acusado de efetuar os disparos e o outro de dirigir o ve\u00edculo que perseguia um carro com as mesmas caracter\u00edsticas do que a v\u00edtima estava.<\/p>\n<figure class=\"wp-block-image size-full is-resized\"><img fetchpriority=\"high\" data-dominant-color=\"4c5052\" data-has-transparency=\"false\" fetchpriority=\"high\" decoding=\"async\" width=\"649\" height=\"409\" sizes=\"(max-width: 649px) 100vw, 649px\" src=\"http:\/\/noticiasbahia360.com.br\/wp-content\/uploads\/2025\/05\/mGHLx6Qt-veiculo-Corolla-preto-perseguidor-do-sadneiro-branco.webp\" alt=\"ve\u00edculo Corolla preto perseguidor do sadneiro branco\" class=\"wp-image-484051 not-transparent\" style=\"--dominant-color: #4c5052; width:840px;height:auto\" srcset=\"https:\/\/uploads.acordacidade.com.br\/2024\/12\/mGHLx6Qt-veiculo-Corolla-preto-perseguidor-do-sadneiro-branco-300x189.webp 300w, https:\/\/uploads.acordacidade.com.br\/2024\/12\/mGHLx6Qt-veiculo-Corolla-preto-perseguidor-do-sadneiro-branco-150x95.webp 150w, http:\/\/noticiasbahia360.com.br\/wp-content\/uploads\/2025\/05\/mGHLx6Qt-veiculo-Corolla-preto-perseguidor-do-sadneiro-branco.webp 649w\"><figcaption class=\"wp-element-caption\">Foto: Reprodu\u00e7\u00e3o\/Imagens de C\u00e2meras de seguran\u00e7a<\/figcaption><\/figure>\n<p>Milena Mendes, amiga que acompanhava Kauan Gomes no carro e n\u00e3o foi atingida porque abaixou a cabe\u00e7a para mexer no celular no momento do disparo, relatou a dor que sente desde o dia do crime. \u201cVai fazer cinco meses que tudo aquilo aconteceu. \u00c9 muito doloso porque estamos revivendo tudo que passamos, \u00e9 doloroso tamb\u00e9m porque a gente lembra todos os dias e n\u00e3o tem como n\u00e3o lembrar\u201d, afirmou.<\/p>\n<p>Os suspeitos foram identificados e presos pouco tempo ap\u00f3s o crime. A fam\u00edlia da v\u00edtima espera que eles sejam levados a j\u00fari popular e recebam a pena m\u00e1xima.<\/p>\n<p>\u201cGra\u00e7as a Deus, com menos de cinco meses j\u00e1 est\u00e1 ocorrendo as audi\u00eancias. Porque a gente v\u00ea que, geralmente, demora muito. Ent\u00e3o, as autoridades est\u00e3o empenhadas e a sociedade tamb\u00e9m. A gente est\u00e1 tendo muito apoio para que isso aconte\u00e7a. Eu acredito que eles v\u00e3o para j\u00fari popular e v\u00e3o pegar a condena\u00e7\u00e3o m\u00e1xima. A gente n\u00e3o tem como mensurar a dor de uma m\u00e3e. Ela perdeu o \u00fanico filho, ele tinha apenas 20 anos, tudo pela frente, um menino que n\u00e3o sa\u00eda, n\u00e3o bebia, n\u00e3o tinha v\u00edcios nenhum, era somente do trabalho para casa. E agora, depois do Dia das M\u00e3es, ela sofreu mais. Com certeza a gente n\u00e3o pode nem descrever como ela est\u00e1 abalada\u201d, declarou Milena.<\/p>\n<h2 class=\"wp-block-heading\" id=\"h-entenda-o-caso\">Entenda o caso<\/h2>\n<blockquote class=\"instagram-media\" data-instgrm-captioned data-instgrm-permalink=\"https:\/\/www.instagram.com\/reel\/DDsY0ULShVY\/?utm_source=ig_embed&amp;utm_campaign=loading\" data-instgrm-version=\"14\" style=\" background:#FFF; border:0; border-radius:3px; box-shadow:0 0 1px 0 rgba(0,0,0,0.5),0 1px 10px 0 rgba(0,0,0,0.15); margin: 1px; max-width:540px; min-width:326px; padding:0; width:99.375%; width:-webkit-calc(100% - 2px); width:calc(100% - 2px);\">\n<div style=\"padding:16px;\"> <a href=\"https:\/\/www.instagram.com\/reel\/DDsY0ULShVY\/?utm_source=ig_embed&amp;utm_campaign=loading\" style=\" background:#FFFFFF; line-height:0; padding:0 0; text-align:center; text-decoration:none; width:100%;\" target=\"_blank\"> <\/p>\n<div style=\" display: flex; flex-direction: row; align-items: center;\">\n<div style=\"background-color: #F4F4F4; border-radius: 50%; flex-grow: 0; height: 40px; margin-right: 14px; width: 40px;\"><\/div>\n<div style=\"display: flex; flex-direction: column; flex-grow: 1; justify-content: center;\">\n<div style=\" background-color: #F4F4F4; border-radius: 4px; flex-grow: 0; height: 14px; margin-bottom: 6px; width: 100px;\"><\/div>\n<div style=\" background-color: #F4F4F4; border-radius: 4px; flex-grow: 0; height: 14px; width: 60px;\"><\/div>\n<\/div>\n<\/div>\n<div style=\"padding: 19% 0;\"><\/div>\n<div style=\"display:block; height:50px; margin:0 auto 12px; width:50px;\"><svg width=\"50px\" height=\"50px\" viewbox=\"0 0 60 60\" version=\"1.1\" xmlns=\"https:\/\/www.w3.org\/2000\/svg\" xmlns:xlink=\"https:\/\/www.w3.org\/1999\/xlink\"><g stroke=\"none\" stroke-width=\"1\" fill=\"none\" fill-rule=\"evenodd\"><g transform=\"translate(-511.000000, -20.000000)\" fill=\"#000000\"><g><path d=\"M556.869,30.41 C554.814,30.41 553.148,32.076 553.148,34.131 C553.148,36.186 554.814,37.852 556.869,37.852 C558.924,37.852 560.59,36.186 560.59,34.131 C560.59,32.076 558.924,30.41 556.869,30.41 M541,60.657 C535.114,60.657 530.342,55.887 530.342,50 C530.342,44.114 535.114,39.342 541,39.342 C546.887,39.342 551.658,44.114 551.658,50 C551.658,55.887 546.887,60.657 541,60.657 M541,33.886 C532.1,33.886 524.886,41.1 524.886,50 C524.886,58.899 532.1,66.113 541,66.113 C549.9,66.113 557.115,58.899 557.115,50 C557.115,41.1 549.9,33.886 541,33.886 M565.378,62.101 C565.244,65.022 564.756,66.606 564.346,67.663 C563.803,69.06 563.154,70.057 562.106,71.106 C561.058,72.155 560.06,72.803 558.662,73.347 C557.607,73.757 556.021,74.244 553.102,74.378 C549.944,74.521 548.997,74.552 541,74.552 C533.003,74.552 532.056,74.521 528.898,74.378 C525.979,74.244 524.393,73.757 523.338,73.347 C521.94,72.803 520.942,72.155 519.894,71.106 C518.846,70.057 518.197,69.06 517.654,67.663 C517.244,66.606 516.755,65.022 516.623,62.101 C516.479,58.943 516.448,57.996 516.448,50 C516.448,42.003 516.479,41.056 516.623,37.899 C516.755,34.978 517.244,33.391 517.654,32.338 C518.197,30.938 518.846,29.942 519.894,28.894 C520.942,27.846 521.94,27.196 523.338,26.654 C524.393,26.244 525.979,25.756 528.898,25.623 C532.057,25.479 533.004,25.448 541,25.448 C548.997,25.448 549.943,25.479 553.102,25.623 C556.021,25.756 557.607,26.244 558.662,26.654 C560.06,27.196 561.058,27.846 562.106,28.894 C563.154,29.942 563.803,30.938 564.346,32.338 C564.756,33.391 565.244,34.978 565.378,37.899 C565.522,41.056 565.552,42.003 565.552,50 C565.552,57.996 565.522,58.943 565.378,62.101 M570.82,37.631 C570.674,34.438 570.167,32.258 569.425,30.349 C568.659,28.377 567.633,26.702 565.965,25.035 C564.297,23.368 562.623,22.342 560.652,21.575 C558.743,20.834 556.562,20.326 553.369,20.18 C550.169,20.033 549.148,20 541,20 C532.853,20 531.831,20.033 528.631,20.18 C525.438,20.326 523.257,20.834 521.349,21.575 C519.376,22.342 517.703,23.368 516.035,25.035 C514.368,26.702 513.342,28.377 512.574,30.349 C511.834,32.258 511.326,34.438 511.181,37.631 C511.035,40.831 511,41.851 511,50 C511,58.147 511.035,59.17 511.181,62.369 C511.326,65.562 511.834,67.743 512.574,69.651 C513.342,71.625 514.368,73.296 516.035,74.965 C517.703,76.634 519.376,77.658 521.349,78.425 C523.257,79.167 525.438,79.673 528.631,79.82 C531.831,79.965 532.853,80.001 541,80.001 C549.148,80.001 550.169,79.965 553.369,79.82 C556.562,79.673 558.743,79.167 560.652,78.425 C562.623,77.658 564.297,76.634 565.965,74.965 C567.633,73.296 568.659,71.625 569.425,69.651 C570.167,67.743 570.674,65.562 570.82,62.369 C570.966,59.17 571,58.147 571,50 C571,41.851 570.966,40.831 570.82,37.631\"><\/path><\/g><\/g><\/g><\/svg><\/div>\n<div style=\"padding-top: 8px;\">\n<div style=\" color:#3897f0; font-family:Arial,sans-serif; font-size:14px; font-style:normal; font-weight:550; line-height:18px;\">Ver essa foto no Instagram<\/div>\n<\/div>\n<div style=\"padding: 12.5% 0;\"><\/div>\n<div style=\"display: flex; flex-direction: row; margin-bottom: 14px; align-items: center;\">\n<div>\n<div style=\"background-color: #F4F4F4; border-radius: 50%; height: 12.5px; width: 12.5px; transform: translateX(0px) translateY(7px);\"><\/div>\n<div style=\"background-color: #F4F4F4; height: 12.5px; transform: rotate(-45deg) translateX(3px) translateY(1px); width: 12.5px; flex-grow: 0; margin-right: 14px; margin-left: 2px;\"><\/div>\n<div style=\"background-color: #F4F4F4; border-radius: 50%; height: 12.5px; width: 12.5px; transform: translateX(9px) translateY(-18px);\"><\/div>\n<\/div>\n<div style=\"margin-left: 8px;\">\n<div style=\" background-color: #F4F4F4; border-radius: 50%; flex-grow: 0; height: 20px; width: 20px;\"><\/div>\n<div style=\" width: 0; height: 0; border-top: 2px solid transparent; border-left: 6px solid #f4f4f4; border-bottom: 2px solid transparent; transform: translateX(16px) translateY(-4px) rotate(30deg)\"><\/div>\n<\/div>\n<div style=\"margin-left: auto;\">\n<div style=\" width: 0px; border-top: 8px solid #F4F4F4; border-right: 8px solid transparent; transform: translateY(16px);\"><\/div>\n<div style=\" background-color: #F4F4F4; flex-grow: 0; height: 12px; width: 16px; transform: translateY(-4px);\"><\/div>\n<div style=\" width: 0; height: 0; border-top: 8px solid #F4F4F4; border-left: 8px solid transparent; transform: translateY(-4px) translateX(8px);\"><\/div>\n<\/div>\n<\/div>\n<div style=\"display: flex; flex-direction: column; flex-grow: 1; justify-content: center; margin-bottom: 24px;\">\n<div style=\" background-color: #F4F4F4; border-radius: 4px; flex-grow: 0; height: 14px; margin-bottom: 6px; width: 224px;\"><\/div>\n<div style=\" background-color: #F4F4F4; border-radius: 4px; flex-grow: 0; height: 14px; width: 144px;\"><\/div>\n<\/div>\n<p><\/a><\/p>\n<p style=\" color:#c9c8cd; font-family:Arial,sans-serif; font-size:14px; line-height:17px; margin-bottom:0; margin-top:8px; overflow:hidden; padding:8px 0 7px; text-align:center; text-overflow:ellipsis; white-space:nowrap;\"><a href=\"https:\/\/www.instagram.com\/reel\/DDsY0ULShVY\/?utm_source=ig_embed&amp;utm_campaign=loading\" style=\" color:#c9c8cd; font-family:Arial,sans-serif; font-size:14px; font-style:normal; font-weight:normal; line-height:17px; text-decoration:none;\" target=\"_blank\">Uma publica\u00e7\u00e3o compartilhada por Acorda Cidade (@acordacidade)<\/a><\/p>\n<\/div>\n<\/blockquote>\n<p><script async src=\"\/\/www.instagram.com\/embed.js\"><\/script><\/p>\n<p>A v\u00edtima Kauan Gomes Araujo de Souza, 20 anos, foi atingida na cabe\u00e7a por um disparo de arma de fogo, no \u00faltimo dia 13 de dezembro de 2024, enquanto estava em um ve\u00edculo juntamente com a sua m\u00e3e e uma amiga, na Avenida Fraga Maia. Ele foi socorrido para o Hospital Geral Cl\u00e9riston Andrade, mas n\u00e3o resistiu e morreu na ter\u00e7a-feira (17).<\/p>\n<p>Os tr\u00eas estavam a caminho de uma academia no bairro Sobradinho por volta das 5h40 quando as mulheres ouviram um estampido alto e perceberam que Kauan, que estava no banco do carona, havia sido atingido na cabe\u00e7a.<\/p>\n<p>O autor do disparo foi um homem que estava dentro de um ve\u00edculo preto. \u201cO acusado estava em um bar na Avenida Fraga Maia, juntamente com a companheira na quinta-feira (12) e passaram a noite no local. J\u00e1 pela manh\u00e3, na sexta-feira (13), o casal teve uma discuss\u00e3o. A mulher pegou a chave e o documento da moto do suspeito e atravessou a avenida. Em seguida, ela pediu carona para um ve\u00edculo branco que estava passando, adentrou e saiu do local\u201d, esclareceu o titular da Delegacia de Homic\u00eddios, o delegado Gustavo Coutinho.<\/p>\n<p>Ao presenciar a companheira entrando no carro, o suspeito pediu para que um amigo pegasse uma arma de fogo e lhe desse uma carona para ir atr\u00e1s da mulher. \u201cCom ci\u00fames e sob efeito de drogas e \u00e1lcool, o homem pediu que o amigo seguisse o carro branco, onde estava a sua companheira. No momento, ele estava na posse de um rev\u00f3lver e deflagrou um tiro para o alto. Logo ap\u00f3s, o acusado disparou contra o carro branco que estava Kauan, acreditando ser o ve\u00edculo em que estava a mulher\u201d, acrescentou o delegado.<\/p>\n<p>O motorista do ve\u00edculo e o autor do disparos foram identificados e a justi\u00e7a decretou a pris\u00e3o dos dois. Poucos dias depois eles foram presos.<\/p>\n<p><em>Com informa\u00e7\u00f5es do rep\u00f3rter Aldo Matos do Acorda Cidade<\/em><\/p>\n<p><strong>Leia tamb\u00e9m<\/strong>:<\/p>\n<p><a href=\"https:\/\/www.acordacidade.com.br\/feira-de-santana\/comocao-velorio-de-jovem-morto-por-engano-em-feira-de-santana-e-marcado-por-muita-dor-e-homenagens\/\">Como\u00e7\u00e3o: vel\u00f3rio de jovem morto por engano em Feira de Santana \u00e9 marcado por muita dor e homenagens<\/a><\/p>\n<p><a href=\"https:\/\/www.acordacidade.com.br\/policia\/autor-do-disparo-que-matou-kauan-gomes-por-engano-e-preso-em-salvador\/\">Suspeito de atirar e matar jovem em Feira de Santana por engano \u00e9 preso em Salvador<\/a><\/p>\n<p><a href=\"https:\/\/www.acordacidade.com.br\/policia\/justica-decreta-prisao-de-envolvidos-no-crime-contra-jovem-morto-por-engano\/\">Justi\u00e7a decreta pris\u00e3o de envolvidos no crime contra jovem morto por engano<\/a><\/p>\n<p><a href=\"https:\/\/www.acordacidade.com.br\/policia\/nossa-relacao-era-como-irmao-mais-velho-e-irmao-mais-novo-diz-professor-de-crossfit-onde-kauan-gomes-estagiava\/\">\u201cNossa rela\u00e7\u00e3o era como irm\u00e3o mais velho e irm\u00e3o mais novo\u201d, diz professor de Crossfit onde Kauan Gomes estagiava<\/a><\/p>\n<p><a href=\"https:\/\/www.acordacidade.com.br\/feira-de-santana\/orgaos-de-jovem-assassinado-por-engano-serao-doados-velorio-deve-ser-realizado-nesta-quinta-19\/\">\u00d3rg\u00e3os de jovem assassinado por engano ser\u00e3o doados; data do vel\u00f3rio ainda est\u00e1 indefinida<\/a><\/p>\n<p><a href=\"https:\/\/www.acordacidade.com.br\/policia\/jovem-e-assassinado-por-engano-enquanto-voltava-da-academia-com-a-mae-em-feira-de-santana-policia-ja-identificou-suspeitos\/\">Jovem \u00e9 assassinado por engano enquanto seguia para academia com a m\u00e3e em Feira de Santana; pol\u00edcia j\u00e1 identificou suspeitos<\/a><\/p>\n<p><em>Siga o Acorda Cidade no<\/em><a href=\"https:\/\/news.google.com\/search?q=acorda%20cidade&amp;hl=pt-BR&amp;gl=BR&amp;ceid=BR%3Apt-419\"><strong><em>\u00a0Google Not\u00edcias<\/em><\/strong><\/a><em>\u00a0e receba os principais destaques do dia. Participe tamb\u00e9m dos nossos canais no\u00a0<\/em><a href=\"https:\/\/www.whatsapp.com\/channel\/0029Va6Rb4v3WHTNnsh8WI3N\"><strong><em>WhatsApp<\/em><\/strong><\/a><em>\u00a0e\u00a0<\/em><a href=\"https:\/\/www.youtube.com\/@acordacidadenoticias\/videos\"><strong>Youtube<\/strong><\/a><em>\u00a0e grupo de\u00a0<\/em><a href=\"https:\/\/t.me\/+sSz0khrgARA0ZmRh\"><strong><em>Telegram<\/em><\/strong><\/a><em>.<\/em><\/p>\n<\/div>\n","protected":false},"excerpt":{"rendered":"<div>\n<div>\n<figure><img decoding=\"async\" src=\"https:\/\/uploads.acordacidade.com.br\/2024\/12\/3pA9P3Rv-kauangomes_redesociais.png\" alt=\"Kauan Gomes\"><figcaption>Foto: Redes Sociais<\/figcaption><\/figure>\n<\/div>\n<p>Kauan Gome foi morto por engano enquanto seguia para a academia com a m\u00e3e e uma amiga, em Feira de Santana. Ele n\u00e3o era o alvo.<\/p><\/div>\n","protected":false},"author":1,"featured_media":85891,"comment_status":"closed","ping_status":"closed","sticky":false,"template":"","format":"gallery","meta":{"footnotes":""},"categories":[8,9,6,57,56,10],"tags":[],"class_list":["post-85890","post","type-post","status-publish","format-gallery","has-post-thumbnail","hentry","category-bahia","category-brasil","category-feira-de-santana","category-mundo","category-policia","category-politica","post_format-post-format-gallery"],"featured_image_urls":{"full":["https:\/\/noticiasbahia360.com.br\/wp-content\/uploads\/2025\/05\/3pA9P3Rv-kauangomes_redesociais.png",640,593,false],"thumbnail":["https:\/\/noticiasbahia360.com.br\/wp-content\/uploads\/2025\/05\/3pA9P3Rv-kauangomes_redesociais-150x150.png",150,150,true],"medium":["https:\/\/noticiasbahia360.com.br\/wp-content\/uploads\/2025\/05\/3pA9P3Rv-kauangomes_redesociais-300x278.png",300,278,true],"medium_large":["https:\/\/noticiasbahia360.com.br\/wp-content\/uploads\/2025\/05\/3pA9P3Rv-kauangomes_redesociais.png",640,593,false],"large":["https:\/\/noticiasbahia360.com.br\/wp-content\/uploads\/2025\/05\/3pA9P3Rv-kauangomes_redesociais.png",640,593,false],"1536x1536":["https:\/\/noticiasbahia360.com.br\/wp-content\/uploads\/2025\/05\/3pA9P3Rv-kauangomes_redesociais.png",640,593,false],"2048x2048":["https:\/\/noticiasbahia360.com.br\/wp-content\/uploads\/2025\/05\/3pA9P3Rv-kauangomes_redesociais.png",640,593,false],"chromenews-featured":["https:\/\/noticiasbahia360.com.br\/wp-content\/uploads\/2025\/05\/3pA9P3Rv-kauangomes_redesociais.png",640,593,false],"chromenews-large":["https:\/\/noticiasbahia360.com.br\/wp-content\/uploads\/2025\/05\/3pA9P3Rv-kauangomes_redesociais-640x575.png",640,575,true],"chromenews-medium":["https:\/\/noticiasbahia360.com.br\/wp-content\/uploads\/2025\/05\/3pA9P3Rv-kauangomes_redesociais-590x410.png",590,410,true]},"author_info":{"display_name":"noticiasbahia360.com.br","author_link":"https:\/\/noticiasbahia360.com.br\/?author=1"},"category_info":"<a href=\"https:\/\/noticiasbahia360.com.br\/?cat=8\" rel=\"category\">Bahia<\/a> <a href=\"https:\/\/noticiasbahia360.com.br\/?cat=9\" rel=\"category\">Brasil<\/a> <a href=\"https:\/\/noticiasbahia360.com.br\/?cat=6\" rel=\"category\">Feira de Santana<\/a> <a href=\"https:\/\/noticiasbahia360.com.br\/?cat=57\" rel=\"category\">Mundo<\/a> <a href=\"https:\/\/noticiasbahia360.com.br\/?cat=56\" rel=\"category\">Pol\u00edcia<\/a> <a href=\"https:\/\/noticiasbahia360.com.br\/?cat=10\" rel=\"category\">Pol\u00edtica<\/a>","tag_info":"Pol\u00edtica","comment_count":"0","_links":{"self":[{"href":"https:\/\/noticiasbahia360.com.br\/index.php?rest_route=\/wp\/v2\/posts\/85890","targetHints":{"allow":["GET"]}}],"collection":[{"href":"https:\/\/noticiasbahia360.com.br\/index.php?rest_route=\/wp\/v2\/posts"}],"about":[{"href":"https:\/\/noticiasbahia360.com.br\/index.php?rest_route=\/wp\/v2\/types\/post"}],"author":[{"embeddable":true,"href":"https:\/\/noticiasbahia360.com.br\/index.php?rest_route=\/wp\/v2\/users\/1"}],"replies":[{"embeddable":true,"href":"https:\/\/noticiasbahia360.com.br\/index.php?rest_route=%2Fwp%2Fv2%2Fcomments&post=85890"}],"version-history":[{"count":0,"href":"https:\/\/noticiasbahia360.com.br\/index.php?rest_route=\/wp\/v2\/posts\/85890\/revisions"}],"wp:featuredmedia":[{"embeddable":true,"href":"https:\/\/noticiasbahia360.com.br\/index.php?rest_route=\/wp\/v2\/media\/85891"}],"wp:attachment":[{"href":"https:\/\/noticiasbahia360.com.br\/index.php?rest_route=%2Fwp%2Fv2%2Fmedia&parent=85890"}],"wp:term":[{"taxonomy":"category","embeddable":true,"href":"https:\/\/noticiasbahia360.com.br\/index.php?rest_route=%2Fwp%2Fv2%2Fcategories&post=85890"},{"taxonomy":"post_tag","embeddable":true,"href":"https:\/\/noticiasbahia360.com.br\/index.php?rest_route=%2Fwp%2Fv2%2Ftags&post=85890"}],"curies":[{"name":"wp","href":"https:\/\/api.w.org\/{rel}","templated":true}]}}