{"id":85893,"date":"2025-05-12T23:36:57","date_gmt":"2025-05-13T02:36:57","guid":{"rendered":"https:\/\/noticiasbahia360.com.br\/?p=85893"},"modified":"2025-05-12T23:36:57","modified_gmt":"2025-05-13T02:36:57","slug":"atlas-da-violencia-bahia-foi-segundo-estado-com-maior-taxa-de-morte-entre-jovens-no-brasil-em-2023","status":"publish","type":"post","link":"https:\/\/noticiasbahia360.com.br\/?p=85893","title":{"rendered":"Atlas da Viol\u00eancia: Bahia foi segundo estado com maior taxa de morte entre jovens no Brasil em 2023"},"content":{"rendered":"<div>\n<div>\n<figure><img decoding=\"async\" src=\"http:\/\/noticiasbahia360.com.br\/wp-content\/uploads\/2025\/05\/Homicidio-na-Lagoa-Grande-ft-ed-santos-acorda-cidade1.jpg\" alt=\"Homic\u00eddio na Lagoa Grande\"><figcaption>Foto: Ed Santos\/Acorda Cidade<\/figcaption><\/figure>\n<\/div>\n<p>A Bahia foi o estado com a segunda maior taxa de morte entre jovens em 2023, segundo o Atlas da Viol\u00eancia 2025, divulgado nesta segunda-feira (12) e constru\u00eddo em parceria entre o F\u00f3rum Brasileiro de Seguran\u00e7a P\u00fablica e o Instituto de Pesquisa Econ\u00f4mica Aplicada (Ipea). A mortalidade de jovens no estado \u00e9 12 vezes maior que a de S\u00e3o Paulo, estado com o maior n\u00famero de habitantes do Brasil e onde foi registrada a menor taxa em 2023.<\/p>\n<p>Segundo o relat\u00f3rio, a Bahia registrou 3.892 mortes de jovens naquele ano, o equivalente a 113,7 homic\u00eddios por cada 100 mil jovens. A taxa nacional de mortes para este grupo \u00e9 de 45,1 homic\u00eddios a cada 100 mil jovens no mesmo per\u00edodo.<\/p>\n<figure class=\"wp-block-image size-large\"><img fetchpriority=\"high\" data-dominant-color=\"cdc6c5\" data-has-transparency=\"false\" style=\"--dominant-color: #cdc6c5;\" fetchpriority=\"high\" decoding=\"async\" width=\"1024\" height=\"572\" sizes=\"(max-width: 1024px) 100vw, 1024px\" src=\"http:\/\/noticiasbahia360.com.br\/wp-content\/uploads\/2025\/05\/VGDVzekk-Atlas-da-Violencia-homicidios-ocultos-1024x572-1.webp\" alt=\"Brasil: Homic\u00eddios Ocultos e MVCI - (2013 a 2023)\" class=\"wp-image-552651 not-transparent\" srcset=\"https:\/\/uploads.acordacidade.com.br\/2025\/05\/VGDVzekk-Atlas-da-Violencia-homicidios-ocultos-300x168.webp 300w, http:\/\/noticiasbahia360.com.br\/wp-content\/uploads\/2025\/05\/VGDVzekk-Atlas-da-Violencia-homicidios-ocultos-1024x572-1.webp 1024w, https:\/\/uploads.acordacidade.com.br\/2025\/05\/VGDVzekk-Atlas-da-Violencia-homicidios-ocultos-768x429.webp 768w, https:\/\/uploads.acordacidade.com.br\/2025\/05\/VGDVzekk-Atlas-da-Violencia-homicidios-ocultos-150x84.webp 150w, https:\/\/uploads.acordacidade.com.br\/2025\/05\/VGDVzekk-Atlas-da-Violencia-homicidios-ocultos.webp 1200w\"><figcaption class=\"wp-element-caption\">Fonte: Atlas da Viol\u00eancia\/Ipea <\/figcaption><\/figure>\n<p>Vale ressaltar que a taxa de homic\u00eddios \u00e9 maior entre os homens, que representam quase o dobro da taxa geral: 220,6 a cada 100 mil pessoas. Apesar do alto \u00edndice de \u00f3bitos entre jovens no estado, o atlas aponta que houve queda de 3,4% em compara\u00e7\u00e3o com os registros de 2022.<\/p>\n<p>Ainda conforme o documento, a morte violenta \u00e9 a principal causa dos \u00f3bitos. Entre 2013 e 2023, as armas de fogo se destacaram como as respons\u00e1veis pela maior parcela dos assassinados de jovens no Brasil. Em segundo lugar, est\u00e3o os homic\u00eddios causados por instrumentos perfurantes e, em terceiro, os objetos contundentes.<\/p>\n<h2 class=\"wp-block-heading\" id=\"h-bahia-foi-estado-com-maior-numero-de-homicidios-em-2023-segundo-o-atlas-da-violencia\">Bahia foi estado com maior n\u00famero de homic\u00eddios em 2023, segundo o Atlas da Viol\u00eancia<\/h2>\n<figure class=\"wp-block-image size-large\"><img data-dominant-color=\"decbcb\" data-has-transparency=\"false\" style=\"--dominant-color: #decbcb;\" decoding=\"async\" width=\"1024\" height=\"718\" sizes=\"(max-width: 1024px) 100vw, 1024px\" src=\"http:\/\/noticiasbahia360.com.br\/wp-content\/uploads\/2025\/05\/jzEc0fDu-Atlas-da-Violencia-homicidios-por-100-mil-habitantes-1024x718-1.webp\" alt=\"Brasil: Taxa de homic\u00eddios estimados por 100 mil habitantes por UF (2023)\" class=\"wp-image-552652 not-transparent\" srcset=\"https:\/\/uploads.acordacidade.com.br\/2025\/05\/jzEc0fDu-Atlas-da-Violencia-homicidios-por-100-mil-habitantes-300x210.webp 300w, http:\/\/noticiasbahia360.com.br\/wp-content\/uploads\/2025\/05\/jzEc0fDu-Atlas-da-Violencia-homicidios-por-100-mil-habitantes-1024x718-1.webp 1024w, https:\/\/uploads.acordacidade.com.br\/2025\/05\/jzEc0fDu-Atlas-da-Violencia-homicidios-por-100-mil-habitantes-768x538.webp 768w, https:\/\/uploads.acordacidade.com.br\/2025\/05\/jzEc0fDu-Atlas-da-Violencia-homicidios-por-100-mil-habitantes-150x105.webp 150w, https:\/\/uploads.acordacidade.com.br\/2025\/05\/jzEc0fDu-Atlas-da-Violencia-homicidios-por-100-mil-habitantes.webp 1200w\"><figcaption class=\"wp-element-caption\">Fonte: Atlas da Viol\u00eancia\/Ipea <\/figcaption><\/figure>\n<p>Em n\u00fameros absolutos, a Bahia liderou o \u00edndice de homic\u00eddios no Brasil em 2023. Somente naquele ano, foram registrados 6.616 \u00f3bitos. Confira abaixo o ranking com os cinco estados com mais \u00f3bitos no per\u00edodo:<\/p>\n<ul class=\"wp-block-list\">\n<li>Bahia \u2013 6.616<\/li>\n<li>Rio de Janeiro \u2013 4.292<\/li>\n<li>Pernambuco \u2013 3.697<\/li>\n<li>S\u00e3o Paulo \u2013 3.043<\/li>\n<li>Cear\u00e1 \u2013 2.992<\/li>\n<\/ul>\n<p>Apesar disso, o Atlas da Viol\u00eancia 2025 aponta que houve uma redu\u00e7\u00e3o dos assassinatos em todo o Brasil. Entre as raz\u00f5es, est\u00e3o o envelhecimento da popula\u00e7\u00e3o e o aprimoramento das pol\u00edticas de seguran\u00e7a p\u00fablica em alguns estados e munic\u00edpios. Os especialistas apontam ainda que \u00e9 evidente que na d\u00e9cada passada o Brasil despertou para a necessidade de mudar a forma de fazer seguran\u00e7a p\u00fablica.<\/p>\n<p>Por meio de nota, a Secretaria de Seguran\u00e7a P\u00fablica da Bahia (SSP-BA) destacou que Salvador e Regi\u00e3o Metropolitana (RMS) vem registrando redu\u00e7\u00f5es em casos de mortes violentas. Segundo o \u00f3rg\u00e3o, entre os meses de janeiro e abril deste ano, a capital baiana registrou uma queda de 12,6% nas mortes violentas, enquanto a RMS apresentou uma queda de 15,7% nesses casos. Em todo o estado, a queda \u00e9 de 10,4%.<\/p>\n<p>O \u00f3rg\u00e3o ainda detalhou que os crimes graves contra a vida tamb\u00e9m apresentaram redu\u00e7\u00f5es em todo o estado, caindo 6%, em 2023, e 8,2% em 2024. A SSP-BA afirmou que a contrata\u00e7\u00e3o de 6 mil policiais e bombeiros garantiu o refor\u00e7o das a\u00e7\u00f5es preventivas e de intelig\u00eancia, assim como o investimento em capacita\u00e7\u00e3o, tecnologia e equipamentos de intelig\u00eancia.<\/p>\n<p>Fonte: g1<\/p>\n<p><em>Siga o Acorda Cidade no<\/em><a href=\"https:\/\/news.google.com\/search?q=acorda%20cidade&amp;hl=pt-BR&amp;gl=BR&amp;ceid=BR%3Apt-419\"><strong><em>\u00a0Google Not\u00edcias<\/em><\/strong><\/a><em>\u00a0e receba os principais destaques do dia. Participe tamb\u00e9m dos nossos canais no\u00a0<\/em><a href=\"https:\/\/www.whatsapp.com\/channel\/0029Va6Rb4v3WHTNnsh8WI3N\"><strong><em>WhatsApp<\/em><\/strong><\/a><em>\u00a0e\u00a0<\/em><a href=\"https:\/\/www.youtube.com\/@acordacidadenoticias\/videos\"><strong>Youtube<\/strong><\/a><em>\u00a0e grupo de\u00a0<\/em><a href=\"https:\/\/t.me\/+sSz0khrgARA0ZmRh\"><strong><em>Telegram<\/em><\/strong><\/a><em>.<\/em><\/p>\n<\/div>\n","protected":false},"excerpt":{"rendered":"<div>\n<div>\n<figure><img decoding=\"async\" src=\"https:\/\/uploads.acordacidade.com.br\/2024\/12\/Homicidio-na-Lagoa-Grande-ft-ed-santos-acorda-cidade1.jpg\" alt=\"Homic\u00eddio na Lagoa Grande\"><figcaption>Foto: Ed Santos\/Acorda Cidade<\/figcaption><\/figure>\n<\/div>\n<p>Apesar disso, o Atlas da Viol\u00eancia 2025 aponta que houve uma redu\u00e7\u00e3o dos assassinatos em todo o Brasil.<\/p><\/div>\n","protected":false},"author":1,"featured_media":85894,"comment_status":"closed","ping_status":"closed","sticky":false,"template":"","format":"gallery","meta":{"footnotes":""},"categories":[8,9,6,57,56,10],"tags":[],"class_list":["post-85893","post","type-post","status-publish","format-gallery","has-post-thumbnail","hentry","category-bahia","category-brasil","category-feira-de-santana","category-mundo","category-policia","category-politica","post_format-post-format-gallery"],"featured_image_urls":{"full":["https:\/\/noticiasbahia360.com.br\/wp-content\/uploads\/2025\/05\/Homicidio-na-Lagoa-Grande-ft-ed-santos-acorda-cidade1.jpg",640,360,false],"thumbnail":["https:\/\/noticiasbahia360.com.br\/wp-content\/uploads\/2025\/05\/Homicidio-na-Lagoa-Grande-ft-ed-santos-acorda-cidade1-150x150.jpg",150,150,true],"medium":["https:\/\/noticiasbahia360.com.br\/wp-content\/uploads\/2025\/05\/Homicidio-na-Lagoa-Grande-ft-ed-santos-acorda-cidade1-300x169.jpg",300,169,true],"medium_large":["https:\/\/noticiasbahia360.com.br\/wp-content\/uploads\/2025\/05\/Homicidio-na-Lagoa-Grande-ft-ed-santos-acorda-cidade1.jpg",640,360,false],"large":["https:\/\/noticiasbahia360.com.br\/wp-content\/uploads\/2025\/05\/Homicidio-na-Lagoa-Grande-ft-ed-santos-acorda-cidade1.jpg",640,360,false],"1536x1536":["https:\/\/noticiasbahia360.com.br\/wp-content\/uploads\/2025\/05\/Homicidio-na-Lagoa-Grande-ft-ed-santos-acorda-cidade1.jpg",640,360,false],"2048x2048":["https:\/\/noticiasbahia360.com.br\/wp-content\/uploads\/2025\/05\/Homicidio-na-Lagoa-Grande-ft-ed-santos-acorda-cidade1.jpg",640,360,false],"chromenews-featured":["https:\/\/noticiasbahia360.com.br\/wp-content\/uploads\/2025\/05\/Homicidio-na-Lagoa-Grande-ft-ed-santos-acorda-cidade1.jpg",640,360,false],"chromenews-large":["https:\/\/noticiasbahia360.com.br\/wp-content\/uploads\/2025\/05\/Homicidio-na-Lagoa-Grande-ft-ed-santos-acorda-cidade1.jpg",640,360,false],"chromenews-medium":["https:\/\/noticiasbahia360.com.br\/wp-content\/uploads\/2025\/05\/Homicidio-na-Lagoa-Grande-ft-ed-santos-acorda-cidade1-590x360.jpg",590,360,true]},"author_info":{"display_name":"noticiasbahia360.com.br","author_link":"https:\/\/noticiasbahia360.com.br\/?author=1"},"category_info":"<a href=\"https:\/\/noticiasbahia360.com.br\/?cat=8\" rel=\"category\">Bahia<\/a> <a href=\"https:\/\/noticiasbahia360.com.br\/?cat=9\" rel=\"category\">Brasil<\/a> <a href=\"https:\/\/noticiasbahia360.com.br\/?cat=6\" rel=\"category\">Feira de Santana<\/a> <a href=\"https:\/\/noticiasbahia360.com.br\/?cat=57\" rel=\"category\">Mundo<\/a> <a href=\"https:\/\/noticiasbahia360.com.br\/?cat=56\" rel=\"category\">Pol\u00edcia<\/a> <a href=\"https:\/\/noticiasbahia360.com.br\/?cat=10\" rel=\"category\">Pol\u00edtica<\/a>","tag_info":"Pol\u00edtica","comment_count":"0","_links":{"self":[{"href":"https:\/\/noticiasbahia360.com.br\/index.php?rest_route=\/wp\/v2\/posts\/85893","targetHints":{"allow":["GET"]}}],"collection":[{"href":"https:\/\/noticiasbahia360.com.br\/index.php?rest_route=\/wp\/v2\/posts"}],"about":[{"href":"https:\/\/noticiasbahia360.com.br\/index.php?rest_route=\/wp\/v2\/types\/post"}],"author":[{"embeddable":true,"href":"https:\/\/noticiasbahia360.com.br\/index.php?rest_route=\/wp\/v2\/users\/1"}],"replies":[{"embeddable":true,"href":"https:\/\/noticiasbahia360.com.br\/index.php?rest_route=%2Fwp%2Fv2%2Fcomments&post=85893"}],"version-history":[{"count":0,"href":"https:\/\/noticiasbahia360.com.br\/index.php?rest_route=\/wp\/v2\/posts\/85893\/revisions"}],"wp:featuredmedia":[{"embeddable":true,"href":"https:\/\/noticiasbahia360.com.br\/index.php?rest_route=\/wp\/v2\/media\/85894"}],"wp:attachment":[{"href":"https:\/\/noticiasbahia360.com.br\/index.php?rest_route=%2Fwp%2Fv2%2Fmedia&parent=85893"}],"wp:term":[{"taxonomy":"category","embeddable":true,"href":"https:\/\/noticiasbahia360.com.br\/index.php?rest_route=%2Fwp%2Fv2%2Fcategories&post=85893"},{"taxonomy":"post_tag","embeddable":true,"href":"https:\/\/noticiasbahia360.com.br\/index.php?rest_route=%2Fwp%2Fv2%2Ftags&post=85893"}],"curies":[{"name":"wp","href":"https:\/\/api.w.org\/{rel}","templated":true}]}}