{"id":85899,"date":"2025-05-13T06:55:42","date_gmt":"2025-05-13T09:55:42","guid":{"rendered":"https:\/\/noticiasbahia360.com.br\/?p=85899"},"modified":"2025-05-13T06:55:42","modified_gmt":"2025-05-13T09:55:42","slug":"rodoviarios-voltam-a-se-reunir-para-cobrar-direitos-trabalhistas-das-empresas-princesinha-e-18-de-setembro","status":"publish","type":"post","link":"https:\/\/noticiasbahia360.com.br\/?p=85899","title":{"rendered":"Rodovi\u00e1rios voltam a se reunir para cobrar direitos trabalhistas das empresas Princesinha e 18 de Setembro"},"content":{"rendered":"<div>\n<div>\n<figure><img decoding=\"async\" src=\"http:\/\/noticiasbahia360.com.br\/wp-content\/uploads\/2025\/05\/Rodoviarios-voltam-a-se-reunir-para-cobrar-direitos-trabalhistas-das-empresas-Princesinha-e-18-de-Setembro.jpg\" alt=\"Rodovi\u00e1rios voltam a se reunir para cobrar direitos trabalhistas das empresas Princesinha e 18 de Setembro\"><figcaption>Foto: Paulo Jos\u00e9\/Acorda Cidade<\/figcaption><\/figure>\n<\/div>\n<p>Ex-rodovi\u00e1rios das empresas 18 de Setembro e Princesinha fizeram <a href=\"https:\/\/www.acordacidade.com.br\/feira-de-santana\/rodoviarios-que-trabalharam-nas-empresas-princesinha-e-18-de-setembro-cobram-direitos-trabalhistas-ha-quase-10-anos\/\">mais uma reuni\u00e3o nesta segunda-feira (12)<\/a>, para falar sobre o pagamento de direitos trabalhistas que, segundo eles, est\u00e3o pendentes h\u00e1 10 anos. Segundo os manifestantes, s\u00e3o 1.200 trabalhadores que aguardam uma solu\u00e7\u00e3o para os processos que est\u00e3o pendentes na justi\u00e7a. O grupo se reuniu com advogados em busca de respostas.<\/p>\n<p>O ex-rodovi\u00e1rio Renato Santana Bispo falou ao Acorda Cidade sobre o objetivo desta reuni\u00e3o, que foi realizada no escrit\u00f3rio pol\u00edtico do vereador Jorge Oliveira. \u201cNosso objetivo foi saber se a gente pode seguir em frente lutando pelos nossos objetivos ou se a gente para. A resposta foi muito positiva e a gente vai seguir buscando. A gente n\u00e3o vai abaixar a cabe\u00e7a, vamos dar seguimento, estamos buscando o apoio de cada rodovi\u00e1rio, estamos lutando e vamos conseguir\u201d, afirmou.<\/p>\n<figure class=\"wp-block-image size-large\"><img fetchpriority=\"high\" data-dominant-color=\"8e8073\" data-has-transparency=\"false\" style=\"--dominant-color: #8e8073;\" fetchpriority=\"high\" decoding=\"async\" width=\"1024\" height=\"702\" sizes=\"(max-width: 1024px) 100vw, 1024px\" src=\"http:\/\/noticiasbahia360.com.br\/wp-content\/uploads\/2025\/05\/uRb24HKZ-Rodoviarios-voltam-a-se-reunir-para-cobrar-direitos-trabalhistas-das-empresas-Princesinha-e-18-de-Setembro1-1024x702-1.webp\" alt=\"Rodovi\u00e1rios voltam a se reunir para cobrar direitos trabalhistas das empresas Princesinha e 18 de Setembro\" class=\"wp-image-552468 not-transparent\" srcset=\"https:\/\/uploads.acordacidade.com.br\/2025\/05\/uRb24HKZ-Rodoviarios-voltam-a-se-reunir-para-cobrar-direitos-trabalhistas-das-empresas-Princesinha-e-18-de-Setembro1-300x206.webp 300w, http:\/\/noticiasbahia360.com.br\/wp-content\/uploads\/2025\/05\/uRb24HKZ-Rodoviarios-voltam-a-se-reunir-para-cobrar-direitos-trabalhistas-das-empresas-Princesinha-e-18-de-Setembro1-1024x702-1.webp 1024w, https:\/\/uploads.acordacidade.com.br\/2025\/05\/uRb24HKZ-Rodoviarios-voltam-a-se-reunir-para-cobrar-direitos-trabalhistas-das-empresas-Princesinha-e-18-de-Setembro1-768x527.webp 768w, https:\/\/uploads.acordacidade.com.br\/2025\/05\/uRb24HKZ-Rodoviarios-voltam-a-se-reunir-para-cobrar-direitos-trabalhistas-das-empresas-Princesinha-e-18-de-Setembro1-150x103.webp 150w, https:\/\/uploads.acordacidade.com.br\/2025\/05\/uRb24HKZ-Rodoviarios-voltam-a-se-reunir-para-cobrar-direitos-trabalhistas-das-empresas-Princesinha-e-18-de-Setembro1.webp 1200w\"><figcaption class=\"wp-element-caption\">Foto: Paulo Jos\u00e9\/Acorda Cidade<\/figcaption><\/figure>\n<p>Ele informou que ficou decidido que os ex-rodovi\u00e1rios v\u00e3o procurar o Minist\u00e9rio P\u00fablico mais uma vez em busca de respostas em rela\u00e7\u00e3o ao processo trabalhista. \u201cQueremos saber o que aconteceu, porque est\u00e1 10 anos parado esse processo. N\u00f3s precisamos ter uma no\u00e7\u00e3o de como est\u00e1. N\u00e3o tivemos acesso ao processo e queremos saber o que ficou resolvido, queremos uma c\u00f3pia do processo\u201d.<\/p>\n<p>Renato Santana afirmou ainda que, apesar de as empresas terem abandonado a cidade sem assumir a responsabilidade com a indeniza\u00e7\u00e3o dos rodovi\u00e1rios, elas deixaram patrim\u00f4nio, a exemplo de dezenas de \u00f4nibus. \u201cA gente precisa de uma resposta, precisa saber o que est\u00e1 sendo feito do pr\u00e9dio do Sincol, saber o que foi feito das sucatas desses \u00f4nibus\u201d.<\/p>\n<figure class=\"wp-block-image size-large\"><img data-dominant-color=\"6f6967\" data-has-transparency=\"false\" style=\"--dominant-color: #6f6967;\" decoding=\"async\" width=\"1024\" height=\"580\" sizes=\"(max-width: 1024px) 100vw, 1024px\" src=\"http:\/\/noticiasbahia360.com.br\/wp-content\/uploads\/2025\/05\/kmV90qCl-Rodoviarios-voltam-a-se-reunir-para-cobrar-direitos-trabalhistas-das-empresas-Princesinha-e-18-de-Setembro2-1024x580-1.webp\" alt=\"Rodovi\u00e1rios voltam a se reunir para cobrar direitos trabalhistas das empresas Princesinha e 18 de Setembro\" class=\"wp-image-552470 not-transparent\" srcset=\"https:\/\/uploads.acordacidade.com.br\/2025\/05\/kmV90qCl-Rodoviarios-voltam-a-se-reunir-para-cobrar-direitos-trabalhistas-das-empresas-Princesinha-e-18-de-Setembro2-300x170.webp 300w, http:\/\/noticiasbahia360.com.br\/wp-content\/uploads\/2025\/05\/kmV90qCl-Rodoviarios-voltam-a-se-reunir-para-cobrar-direitos-trabalhistas-das-empresas-Princesinha-e-18-de-Setembro2-1024x580-1.webp 1024w, https:\/\/uploads.acordacidade.com.br\/2025\/05\/kmV90qCl-Rodoviarios-voltam-a-se-reunir-para-cobrar-direitos-trabalhistas-das-empresas-Princesinha-e-18-de-Setembro2-768x435.webp 768w, https:\/\/uploads.acordacidade.com.br\/2025\/05\/kmV90qCl-Rodoviarios-voltam-a-se-reunir-para-cobrar-direitos-trabalhistas-das-empresas-Princesinha-e-18-de-Setembro2-150x85.webp 150w, https:\/\/uploads.acordacidade.com.br\/2025\/05\/kmV90qCl-Rodoviarios-voltam-a-se-reunir-para-cobrar-direitos-trabalhistas-das-empresas-Princesinha-e-18-de-Setembro2.webp 1200w\"><figcaption class=\"wp-element-caption\">Foto: Paulo Jos\u00e9\/Acorda Cidade<\/figcaption><\/figure>\n<p>O vereador Jorge Oliveira afirmou que os rodovi\u00e1rios foram instru\u00eddos pelo departamento jur\u00eddico e foram orientados a procurar o Minist\u00e9rio P\u00fablico do Trabalho (MPT). \u201cEles vieram novamente ao nosso escrit\u00f3rio para buscar ajuda. Eles realmente est\u00e3o precisando, j\u00e1 que trabalharam e n\u00e3o foram pagos os direitos trabalhistas. Colocamos eles no nosso departamento jur\u00eddico, j\u00e1 conversaram, todos t\u00eam advogados. Toda empresa deve ter algum patrim\u00f4nio, vamos procurar pelo CNPJ e pelos CPFs dos propriet\u00e1rios para fazer com que esses trabalhadores sejam ressarcidos\u201d, declarou.<\/p>\n<p><strong>Leia tamb\u00e9m<\/strong><\/p>\n<p><strong><a href=\"https:\/\/www.acordacidade.com.br\/feira-de-santana\/rodoviarios-que-trabalharam-nas-empresas-princesinha-e-18-de-setembro-cobram-direitos-trabalhistas-ha-quase-10-anos\/\">Rodovi\u00e1rios que trabalharam nas empresas Princesinha e 18 de Setembro cobram direitos trabalhistas h\u00e1 quase 10 anos<\/a><\/strong><\/p>\n<p><a href=\"https:\/\/www.acordacidade.com.br\/feira-de-santana\/rodoviarios-realizam-manifestacao-por-direitos-trabalhistas-sao-dez-anos-e-nada-foi-resolvido\/\"><strong>Rodovi\u00e1rios realizam manifesta\u00e7\u00e3o por direitos trabalhistas: \u201cS\u00e3o dez anos e nada foi resolvido\u201d<\/strong><\/a><\/p>\n<p><em>Com informa\u00e7\u00f5es do rep\u00f3rter Paulo Jos\u00e9 do Acorda Cidade<\/em><\/p>\n<p><em>Siga o Acorda Cidade no<\/em><a href=\"https:\/\/news.google.com\/search?q=acorda%20cidade&amp;hl=pt-BR&amp;gl=BR&amp;ceid=BR%3Apt-419\"><strong><em>\u00a0Google Not\u00edcias<\/em><\/strong><\/a><em>\u00a0e receba os principais destaques do dia. Participe tamb\u00e9m dos nossos canais no\u00a0<\/em><a href=\"https:\/\/www.whatsapp.com\/channel\/0029Va6Rb4v3WHTNnsh8WI3N\"><strong><em>WhatsApp<\/em><\/strong><\/a><em>\u00a0e\u00a0<\/em><a href=\"https:\/\/www.youtube.com\/@acordacidadenoticias\/videos\"><strong>Youtube<\/strong><\/a><em>\u00a0e grupo de\u00a0<\/em><a href=\"https:\/\/t.me\/+sSz0khrgARA0ZmRh\"><strong><em>Telegram<\/em><\/strong><\/a><em>.<\/em><\/p>\n<\/div>\n","protected":false},"excerpt":{"rendered":"<div>\n<div>\n<figure><img decoding=\"async\" src=\"https:\/\/uploads.acordacidade.com.br\/2025\/05\/Rodoviarios-voltam-a-se-reunir-para-cobrar-direitos-trabalhistas-das-empresas-Princesinha-e-18-de-Setembro.jpg\" alt=\"Rodovi\u00e1rios voltam a se reunir para cobrar direitos trabalhistas das empresas Princesinha e 18 de Setembro\"><figcaption>Foto: Paulo Jos\u00e9\/Acorda Cidade<\/figcaption><\/figure>\n<\/div>\n<p>O vereador Jorge Oliveira afirmou que os rodovi\u00e1rios foram instru\u00eddos pelo departamento jur\u00eddico e foram orientados a procurar o Minist\u00e9rio P\u00fablico do Trabalho (MPT).<\/p><\/div>\n","protected":false},"author":1,"featured_media":85900,"comment_status":"closed","ping_status":"closed","sticky":false,"template":"","format":"gallery","meta":{"footnotes":""},"categories":[8,9,6,57,56,10],"tags":[],"class_list":["post-85899","post","type-post","status-publish","format-gallery","has-post-thumbnail","hentry","category-bahia","category-brasil","category-feira-de-santana","category-mundo","category-policia","category-politica","post_format-post-format-gallery"],"featured_image_urls":{"full":["https:\/\/noticiasbahia360.com.br\/wp-content\/uploads\/2025\/05\/Rodoviarios-voltam-a-se-reunir-para-cobrar-direitos-trabalhistas-das-empresas-Princesinha-e-18-de-Setembro.jpg",1200,554,false],"thumbnail":["https:\/\/noticiasbahia360.com.br\/wp-content\/uploads\/2025\/05\/Rodoviarios-voltam-a-se-reunir-para-cobrar-direitos-trabalhistas-das-empresas-Princesinha-e-18-de-Setembro-150x150.jpg",150,150,true],"medium":["https:\/\/noticiasbahia360.com.br\/wp-content\/uploads\/2025\/05\/Rodoviarios-voltam-a-se-reunir-para-cobrar-direitos-trabalhistas-das-empresas-Princesinha-e-18-de-Setembro-300x139.jpg",300,139,true],"medium_large":["https:\/\/noticiasbahia360.com.br\/wp-content\/uploads\/2025\/05\/Rodoviarios-voltam-a-se-reunir-para-cobrar-direitos-trabalhistas-das-empresas-Princesinha-e-18-de-Setembro-768x355.jpg",640,296,true],"large":["https:\/\/noticiasbahia360.com.br\/wp-content\/uploads\/2025\/05\/Rodoviarios-voltam-a-se-reunir-para-cobrar-direitos-trabalhistas-das-empresas-Princesinha-e-18-de-Setembro-1024x473.jpg",640,296,true],"1536x1536":["https:\/\/noticiasbahia360.com.br\/wp-content\/uploads\/2025\/05\/Rodoviarios-voltam-a-se-reunir-para-cobrar-direitos-trabalhistas-das-empresas-Princesinha-e-18-de-Setembro.jpg",1200,554,false],"2048x2048":["https:\/\/noticiasbahia360.com.br\/wp-content\/uploads\/2025\/05\/Rodoviarios-voltam-a-se-reunir-para-cobrar-direitos-trabalhistas-das-empresas-Princesinha-e-18-de-Setembro.jpg",1200,554,false],"chromenews-featured":["https:\/\/noticiasbahia360.com.br\/wp-content\/uploads\/2025\/05\/Rodoviarios-voltam-a-se-reunir-para-cobrar-direitos-trabalhistas-das-empresas-Princesinha-e-18-de-Setembro-1024x473.jpg",1024,473,true],"chromenews-large":["https:\/\/noticiasbahia360.com.br\/wp-content\/uploads\/2025\/05\/Rodoviarios-voltam-a-se-reunir-para-cobrar-direitos-trabalhistas-das-empresas-Princesinha-e-18-de-Setembro-825x554.jpg",825,554,true],"chromenews-medium":["https:\/\/noticiasbahia360.com.br\/wp-content\/uploads\/2025\/05\/Rodoviarios-voltam-a-se-reunir-para-cobrar-direitos-trabalhistas-das-empresas-Princesinha-e-18-de-Setembro-590x410.jpg",590,410,true]},"author_info":{"display_name":"noticiasbahia360.com.br","author_link":"https:\/\/noticiasbahia360.com.br\/?author=1"},"category_info":"<a href=\"https:\/\/noticiasbahia360.com.br\/?cat=8\" rel=\"category\">Bahia<\/a> <a href=\"https:\/\/noticiasbahia360.com.br\/?cat=9\" rel=\"category\">Brasil<\/a> <a href=\"https:\/\/noticiasbahia360.com.br\/?cat=6\" rel=\"category\">Feira de Santana<\/a> <a href=\"https:\/\/noticiasbahia360.com.br\/?cat=57\" rel=\"category\">Mundo<\/a> <a href=\"https:\/\/noticiasbahia360.com.br\/?cat=56\" rel=\"category\">Pol\u00edcia<\/a> <a href=\"https:\/\/noticiasbahia360.com.br\/?cat=10\" rel=\"category\">Pol\u00edtica<\/a>","tag_info":"Pol\u00edtica","comment_count":"0","_links":{"self":[{"href":"https:\/\/noticiasbahia360.com.br\/index.php?rest_route=\/wp\/v2\/posts\/85899","targetHints":{"allow":["GET"]}}],"collection":[{"href":"https:\/\/noticiasbahia360.com.br\/index.php?rest_route=\/wp\/v2\/posts"}],"about":[{"href":"https:\/\/noticiasbahia360.com.br\/index.php?rest_route=\/wp\/v2\/types\/post"}],"author":[{"embeddable":true,"href":"https:\/\/noticiasbahia360.com.br\/index.php?rest_route=\/wp\/v2\/users\/1"}],"replies":[{"embeddable":true,"href":"https:\/\/noticiasbahia360.com.br\/index.php?rest_route=%2Fwp%2Fv2%2Fcomments&post=85899"}],"version-history":[{"count":0,"href":"https:\/\/noticiasbahia360.com.br\/index.php?rest_route=\/wp\/v2\/posts\/85899\/revisions"}],"wp:featuredmedia":[{"embeddable":true,"href":"https:\/\/noticiasbahia360.com.br\/index.php?rest_route=\/wp\/v2\/media\/85900"}],"wp:attachment":[{"href":"https:\/\/noticiasbahia360.com.br\/index.php?rest_route=%2Fwp%2Fv2%2Fmedia&parent=85899"}],"wp:term":[{"taxonomy":"category","embeddable":true,"href":"https:\/\/noticiasbahia360.com.br\/index.php?rest_route=%2Fwp%2Fv2%2Fcategories&post=85899"},{"taxonomy":"post_tag","embeddable":true,"href":"https:\/\/noticiasbahia360.com.br\/index.php?rest_route=%2Fwp%2Fv2%2Ftags&post=85899"}],"curies":[{"name":"wp","href":"https:\/\/api.w.org\/{rel}","templated":true}]}}