{"id":85905,"date":"2025-05-13T08:25:48","date_gmt":"2025-05-13T11:25:48","guid":{"rendered":"https:\/\/noticiasbahia360.com.br\/?p=85905"},"modified":"2025-05-13T08:25:48","modified_gmt":"2025-05-13T11:25:48","slug":"sua-nota-e-um-show-de-solidariedade-garante-recursos-para-assistencia-a-idosos-em-feira-de-santana","status":"publish","type":"post","link":"https:\/\/noticiasbahia360.com.br\/?p=85905","title":{"rendered":"Sua Nota \u00e9 um Show de Solidariedade garante recursos para assist\u00eancia a idosos em Feira de Santana"},"content":{"rendered":"<div>\n<div>\n<figure><img decoding=\"async\" src=\"http:\/\/noticiasbahia360.com.br\/wp-content\/uploads\/2025\/05\/7mXxT9dv-Lar-do-Irmao-Velho-Foto-2_Matheus-Lens_Ascom_Sefaz-Ba-.webp\" alt=\"Lar do Irm\u00e3o Velho\"><figcaption>Foto: Matheus Lens\/Sefaz-BA<\/figcaption><\/figure>\n<\/div>\n<p>Aquisi\u00e7\u00e3o de fraldas, medicamentos e pagamentos de contas de \u00e1gua e energia. Esses s\u00e3o apenas alguns dos desafios enfrentados pelo <a href=\"https:\/\/www.acordacidade.com.br\/tag\/lar-do-irmao-velho\/\">Lar do Irm\u00e3o Velho<\/a>, institui\u00e7\u00e3o filantr\u00f3pica que funciona h\u00e1 66 anos no munic\u00edpio de Feira de Santana, assistindo idosos em situa\u00e7\u00e3o de vulnerabilidade social. Desde 2018, a entidade recebeu R$ 391,1 mil do programa Sua Nota \u00e9 um Show de Solidariedade, coordenado pela Secretaria da Fazenda do Estado da Bahia (Sefaz-Ba).<\/p>\n<p>O presidente do Lar do Irm\u00e3o Velho, Roque Santos, acredita que a institui\u00e7\u00e3o pode garantir valores mais altos na campanha se houver maior ades\u00e3o da popula\u00e7\u00e3o. \u201cO Lar \u00e9 uma entidade que s\u00f3 faz o bem.\u00a0Quando ajudamos nossos idosos, na verdade, estamos sendo ajudados. Ent\u00e3o, cadastre seu CPF. Voc\u00ea estar\u00e1 fazendo sua compra e ajudando uma institui\u00e7\u00e3o como essa. A gente aqui agradece demais\u201d, afirma.\u00a0Segundo ele, o custo para manter a institui\u00e7\u00e3o chega a\u00a0R$ 120 mil por m\u00eas. \u201cSem as doa\u00e7\u00f5es, de todos os tipos, a gente n\u00e3o sobreviveria\u201d, explica Roque.<\/p>\n<p>A colaboradora da entidade, Edna de Brito, conta que muitas obras j\u00e1 foram realizadas com recursos do Sua Nota \u00e9 um Show de Solidariedade. \u201cFizemos reformas e tamb\u00e9m aquisi\u00e7\u00e3o de equipamentos, entre eles televis\u00e3o, computadores, mobili\u00e1rio e fog\u00e3o\u201d, diz. \u201cTemos uma longa hist\u00f3ria com a campanha, que j\u00e1 nos ajudou muito\u201d, completa.<\/p>\n<figure class=\"wp-block-image size-large\"><img fetchpriority=\"high\" data-dominant-color=\"737970\" data-has-transparency=\"false\" style=\"--dominant-color: #737970;\" fetchpriority=\"high\" decoding=\"async\" width=\"1024\" height=\"683\" sizes=\"(max-width: 1024px) 100vw, 1024px\" src=\"http:\/\/noticiasbahia360.com.br\/wp-content\/uploads\/2025\/05\/ORSvD4F2-Lar-do-Irmao-Velho-Foto-2_Matheus-Lens_Ascom_Sefaz-Ba-1024x683-1.webp\" alt=\"Lar do Irm\u00e3o Velho\" class=\"wp-image-552690 not-transparent\" srcset=\"https:\/\/uploads.acordacidade.com.br\/2025\/05\/ORSvD4F2-Lar-do-Irmao-Velho-Foto-2_Matheus-Lens_Ascom_Sefaz-Ba-300x200.webp 300w, http:\/\/noticiasbahia360.com.br\/wp-content\/uploads\/2025\/05\/ORSvD4F2-Lar-do-Irmao-Velho-Foto-2_Matheus-Lens_Ascom_Sefaz-Ba-1024x683-1.webp 1024w, https:\/\/uploads.acordacidade.com.br\/2025\/05\/ORSvD4F2-Lar-do-Irmao-Velho-Foto-2_Matheus-Lens_Ascom_Sefaz-Ba-768x512.webp 768w, https:\/\/uploads.acordacidade.com.br\/2025\/05\/ORSvD4F2-Lar-do-Irmao-Velho-Foto-2_Matheus-Lens_Ascom_Sefaz-Ba-150x100.webp 150w, https:\/\/uploads.acordacidade.com.br\/2025\/05\/ORSvD4F2-Lar-do-Irmao-Velho-Foto-2_Matheus-Lens_Ascom_Sefaz-Ba.webp 1200w\"><figcaption class=\"wp-element-caption\">Foto: Matheus Lens\/Sefaz-BA<\/figcaption><\/figure>\n<p>A participa\u00e7\u00e3o no programa Sua Nota \u00e9 um Show de Solidariedade garante, a cada quatro meses, repasses em dinheiro para 534 institui\u00e7\u00f5es filantr\u00f3picas como o Lar do Irm\u00e3o Velho. O Sua Nota \u00e9 um Show de Solidariedade \u00e9 uma das vertentes do Programa de Educa\u00e7\u00e3o Fiscal do Governo do Estado da Bahia, que tamb\u00e9m conta com a Nota Premiada Bahia, campanha que sorteia entre os participantes, todos os meses, 90 pr\u00eamios de R$ 10 mil e um de R$ 100 mil, al\u00e9m do pr\u00eamio especial de R$ 1 milh\u00e3o, garantido uma vez ao ano.<\/p>\n<h2 class=\"wp-block-heading\" id=\"h-nota-premiada-bahia\"><strong>Nota Premiada Bahia<\/strong><\/h2>\n<p>O compartilhamento de notas fiscais com as institui\u00e7\u00f5es filantr\u00f3picas da Bahia ocorre a partir da ades\u00e3o \u00e0 campanha Nota Premiada Bahia. Para participar e ajudar as institui\u00e7\u00f5es do\u00a0Sua Nota \u00e9 um Show de Solidariedade, basta se cadastrar uma \u00fanica vez, preenchendo um formul\u00e1rio simples dispon\u00edvel no site\u00a0<a href=\"http:\/\/www.notapremiadabahia.ba.gov.br\/\" target=\"_blank\" rel=\"noreferrer noopener\">www.notapremiadabahia.ba.gov.br<\/a>. No momento do cadastro, \u00e9 poss\u00edvel escolher at\u00e9 duas institui\u00e7\u00f5es filantr\u00f3picas, uma da \u00e1rea de sa\u00fade e outra da \u00e1rea social, para compartilhar as suas notas eletr\u00f4nicas.<\/p>\n<p>Ap\u00f3s essa etapa, \u00e9 importante pedir para inserir o CPF na nota fiscal das compras realizadas em estabelecimentos comerciais. A cada quatro meses, as institui\u00e7\u00f5es sociais e de sa\u00fade dividem o valor de R$ 5 milh\u00f5es, de acordo com a quantidade de notas fiscais que foram compartilhadas para cada entidade.<\/p>\n<h2 class=\"wp-block-heading\" id=\"h-assistencia-ao-idoso\"><strong>Assist\u00eancia ao idoso<\/strong><\/h2>\n<p>O Lar do Irm\u00e3o Velho presta assist\u00eancia a 54 idosos em situa\u00e7\u00e3o de vulnerabilidade social. A entidade conta com 34 funcion\u00e1rios. A equipe multidisciplinar \u00e9 formada por assistente social, enfermeiro, t\u00e9cnico de enfermagem, psic\u00f3logo, fisioterapeuta, auxiliar administrativo, motorista, auxiliar financeiro e de servi\u00e7os gerais. Tamb\u00e9m recebe a ajuda de volunt\u00e1rios da \u00e1rea de sa\u00fade, a exemplo de m\u00e9dicos, dentistas e nutricionista.<\/p>\n<p>A sede da entidade ocupa uma \u00e1rea de aproximadamente 2 mil metros quadrados localizada no bairro de Santa M\u00f4nica, em Feira de Santana. Al\u00e9m dos 16 dormit\u00f3rios e banheiros equipados para idosos e portadores de necessidades especiais, disp\u00f5e de espa\u00e7os como audit\u00f3rio, salas de fisioterapia e de tev\u00ea, consult\u00f3rios m\u00e9dico e odontol\u00f3gico, posto de enfermagem, lavanderia, refeit\u00f3rio, cozinha e pra\u00e7a de conviv\u00eancia.<\/p>\n<p>A institui\u00e7\u00e3o come\u00e7ou a funcionar no ano de 1959, em um pequeno galp\u00e3o, na Rua Juracy Magalh\u00e3es, no centro de Feira de Santana.<\/p>\n<p><em>Siga o Acorda Cidade no<\/em><a href=\"https:\/\/news.google.com\/search?q=acorda%20cidade&amp;hl=pt-BR&amp;gl=BR&amp;ceid=BR%3Apt-419\"><strong><em>\u00a0Google Not\u00edcias<\/em><\/strong><\/a><em>\u00a0e receba os principais destaques do dia. Participe tamb\u00e9m dos nossos canais no\u00a0<\/em><a href=\"https:\/\/www.whatsapp.com\/channel\/0029Va6Rb4v3WHTNnsh8WI3N\"><strong><em>WhatsApp<\/em><\/strong><\/a><em>\u00a0e\u00a0<\/em><a href=\"https:\/\/www.youtube.com\/@acordacidadenoticias\/videos\"><strong>Youtube<\/strong><\/a><em>\u00a0e grupo de\u00a0<\/em><a href=\"https:\/\/t.me\/+sSz0khrgARA0ZmRh\"><strong><em>Telegram<\/em><\/strong><\/a><em>.<\/em><\/p>\n<\/div>\n","protected":false},"excerpt":{"rendered":"<div>\n<div>\n<figure><img decoding=\"async\" src=\"https:\/\/uploads.acordacidade.com.br\/2025\/05\/7mXxT9dv-Lar-do-Irmao-Velho-Foto-2_Matheus-Lens_Ascom_Sefaz-Ba-.webp\" alt=\"Lar do Irm\u00e3o Velho\"><figcaption>Foto: Matheus Lens\/Sefaz-BA<\/figcaption><\/figure>\n<\/div>\n<p>O compartilhamento de notas fiscais com as institui\u00e7\u00f5es filantr\u00f3picas da Bahia ocorre a partir da ades\u00e3o \u00e0 campanha Nota Premiada Bahia.<\/p><\/div>\n","protected":false},"author":1,"featured_media":85906,"comment_status":"closed","ping_status":"closed","sticky":false,"template":"","format":"gallery","meta":{"footnotes":""},"categories":[8,9,6,57,56,10],"tags":[],"class_list":["post-85905","post","type-post","status-publish","format-gallery","has-post-thumbnail","hentry","category-bahia","category-brasil","category-feira-de-santana","category-mundo","category-policia","category-politica","post_format-post-format-gallery"],"featured_image_urls":{"full":["https:\/\/noticiasbahia360.com.br\/wp-content\/uploads\/2025\/05\/7mXxT9dv-Lar-do-Irmao-Velho-Foto-2_Matheus-Lens_Ascom_Sefaz-Ba-.webp",1200,800,false],"thumbnail":["https:\/\/noticiasbahia360.com.br\/wp-content\/uploads\/2025\/05\/7mXxT9dv-Lar-do-Irmao-Velho-Foto-2_Matheus-Lens_Ascom_Sefaz-Ba--150x150.webp",150,150,true],"medium":["https:\/\/noticiasbahia360.com.br\/wp-content\/uploads\/2025\/05\/7mXxT9dv-Lar-do-Irmao-Velho-Foto-2_Matheus-Lens_Ascom_Sefaz-Ba--300x200.webp",300,200,true],"medium_large":["https:\/\/noticiasbahia360.com.br\/wp-content\/uploads\/2025\/05\/7mXxT9dv-Lar-do-Irmao-Velho-Foto-2_Matheus-Lens_Ascom_Sefaz-Ba--768x512.webp",640,427,true],"large":["https:\/\/noticiasbahia360.com.br\/wp-content\/uploads\/2025\/05\/7mXxT9dv-Lar-do-Irmao-Velho-Foto-2_Matheus-Lens_Ascom_Sefaz-Ba--1024x683.webp",640,427,true],"1536x1536":["https:\/\/noticiasbahia360.com.br\/wp-content\/uploads\/2025\/05\/7mXxT9dv-Lar-do-Irmao-Velho-Foto-2_Matheus-Lens_Ascom_Sefaz-Ba-.webp",1200,800,false],"2048x2048":["https:\/\/noticiasbahia360.com.br\/wp-content\/uploads\/2025\/05\/7mXxT9dv-Lar-do-Irmao-Velho-Foto-2_Matheus-Lens_Ascom_Sefaz-Ba-.webp",1200,800,false],"chromenews-featured":["https:\/\/noticiasbahia360.com.br\/wp-content\/uploads\/2025\/05\/7mXxT9dv-Lar-do-Irmao-Velho-Foto-2_Matheus-Lens_Ascom_Sefaz-Ba--1024x683.webp",1024,683,true],"chromenews-large":["https:\/\/noticiasbahia360.com.br\/wp-content\/uploads\/2025\/05\/7mXxT9dv-Lar-do-Irmao-Velho-Foto-2_Matheus-Lens_Ascom_Sefaz-Ba--825x575.webp",825,575,true],"chromenews-medium":["https:\/\/noticiasbahia360.com.br\/wp-content\/uploads\/2025\/05\/7mXxT9dv-Lar-do-Irmao-Velho-Foto-2_Matheus-Lens_Ascom_Sefaz-Ba--590x410.webp",590,410,true]},"author_info":{"display_name":"noticiasbahia360.com.br","author_link":"https:\/\/noticiasbahia360.com.br\/?author=1"},"category_info":"<a href=\"https:\/\/noticiasbahia360.com.br\/?cat=8\" rel=\"category\">Bahia<\/a> <a href=\"https:\/\/noticiasbahia360.com.br\/?cat=9\" rel=\"category\">Brasil<\/a> <a href=\"https:\/\/noticiasbahia360.com.br\/?cat=6\" rel=\"category\">Feira de Santana<\/a> <a href=\"https:\/\/noticiasbahia360.com.br\/?cat=57\" rel=\"category\">Mundo<\/a> <a href=\"https:\/\/noticiasbahia360.com.br\/?cat=56\" rel=\"category\">Pol\u00edcia<\/a> <a href=\"https:\/\/noticiasbahia360.com.br\/?cat=10\" rel=\"category\">Pol\u00edtica<\/a>","tag_info":"Pol\u00edtica","comment_count":"0","_links":{"self":[{"href":"https:\/\/noticiasbahia360.com.br\/index.php?rest_route=\/wp\/v2\/posts\/85905","targetHints":{"allow":["GET"]}}],"collection":[{"href":"https:\/\/noticiasbahia360.com.br\/index.php?rest_route=\/wp\/v2\/posts"}],"about":[{"href":"https:\/\/noticiasbahia360.com.br\/index.php?rest_route=\/wp\/v2\/types\/post"}],"author":[{"embeddable":true,"href":"https:\/\/noticiasbahia360.com.br\/index.php?rest_route=\/wp\/v2\/users\/1"}],"replies":[{"embeddable":true,"href":"https:\/\/noticiasbahia360.com.br\/index.php?rest_route=%2Fwp%2Fv2%2Fcomments&post=85905"}],"version-history":[{"count":0,"href":"https:\/\/noticiasbahia360.com.br\/index.php?rest_route=\/wp\/v2\/posts\/85905\/revisions"}],"wp:featuredmedia":[{"embeddable":true,"href":"https:\/\/noticiasbahia360.com.br\/index.php?rest_route=\/wp\/v2\/media\/85906"}],"wp:attachment":[{"href":"https:\/\/noticiasbahia360.com.br\/index.php?rest_route=%2Fwp%2Fv2%2Fmedia&parent=85905"}],"wp:term":[{"taxonomy":"category","embeddable":true,"href":"https:\/\/noticiasbahia360.com.br\/index.php?rest_route=%2Fwp%2Fv2%2Fcategories&post=85905"},{"taxonomy":"post_tag","embeddable":true,"href":"https:\/\/noticiasbahia360.com.br\/index.php?rest_route=%2Fwp%2Fv2%2Ftags&post=85905"}],"curies":[{"name":"wp","href":"https:\/\/api.w.org\/{rel}","templated":true}]}}