{"id":85915,"date":"2025-05-13T08:41:05","date_gmt":"2025-05-13T11:41:05","guid":{"rendered":"https:\/\/noticiasbahia360.com.br\/?p=85915"},"modified":"2025-05-13T08:41:05","modified_gmt":"2025-05-13T11:41:05","slug":"policia-civil-deflagra-operacao-contra-envolvidos-na-morte-de-investigador","status":"publish","type":"post","link":"https:\/\/noticiasbahia360.com.br\/?p=85915","title":{"rendered":"Pol\u00edcia Civil deflagra opera\u00e7\u00e3o contra envolvidos na morte de investigador"},"content":{"rendered":"<div>\n<div>\n<figure><img decoding=\"async\" src=\"http:\/\/noticiasbahia360.com.br\/wp-content\/uploads\/2025\/05\/policia-civil-operacao-foto-divulgacao-.jpg\" alt=\"Pol\u00edcia Civil\"><figcaption>Foto: Divulga\u00e7\u00e3o<br \/>\n<\/figcaption><\/figure>\n<\/div>\n<p>Atividades investigativas da Pol\u00edcia Civil identificaram um grupo envolvido com o homic\u00eddio do investigador Marcus Vin\u00edcius Peixoto Carrete, ocorrido em mar\u00e7o deste ano, no bairro de Stella Maris, em Salvador. Os integrantes s\u00e3o alvos da Opera\u00e7\u00e3o Legado, deflagrada pelo Departamento de Homic\u00eddios e Prote\u00e7\u00e3o \u00e0 Pessoa (DHPP), na manh\u00e3 desta ter\u00e7a-feira (13).<\/p>\n<p>Durante as incurs\u00f5es, equipes da Delegacia de Homic\u00eddios M\u00faltiplos (DHM), cumprem mandados judiciais em bairros de Salvador e na Regi\u00e3o Metropolitana (RMS). As a\u00e7\u00f5es t\u00eam o apoio do Departamento Especializado de Investiga\u00e7\u00f5es Criminais (Deic) e da Coordena\u00e7\u00e3o de Opera\u00e7\u00f5es e Recursos Especiais (Core).<\/p>\n<p><em>Siga o Acorda Cidade no<\/em><a href=\"https:\/\/news.google.com\/search?q=acorda%20cidade&amp;hl=pt-BR&amp;gl=BR&amp;ceid=BR%3Apt-419\"><strong><em>\u00a0Google Not\u00edcias<\/em><\/strong><\/a><em>\u00a0e receba os principais destaques do dia. Participe tamb\u00e9m dos nossos canais no\u00a0<\/em><a href=\"https:\/\/www.whatsapp.com\/channel\/0029Va6Rb4v3WHTNnsh8WI3N\"><strong><em>WhatsApp<\/em><\/strong><\/a><em>\u00a0e\u00a0<\/em><a href=\"https:\/\/www.youtube.com\/@acordacidadenoticias\/videos\"><strong>YouTube<\/strong><\/a><em>\u00a0e do grupo no\u00a0<\/em><a href=\"https:\/\/t.me\/+sSz0khrgARA0ZmRh\"><strong><em>Telegram<\/em><\/strong><\/a><\/p>\n<\/div>\n","protected":false},"excerpt":{"rendered":"<div>\n<div>\n<figure><img decoding=\"async\" src=\"https:\/\/uploads.acordacidade.com.br\/2025\/05\/policia-civil-operacao-foto-divulgacao-.jpg\" alt=\"Pol\u00edcia Civil\"><figcaption>Foto: Divulga\u00e7\u00e3o<br \/>\n<\/figcaption><\/figure>\n<\/div>\n<p>Os integrantes s\u00e3o alvos da Opera\u00e7\u00e3o Legado, deflagrada pelo Departamento de Homic\u00eddios e Prote\u00e7\u00e3o \u00e0 Pessoa, na manh\u00e3 desta ter\u00e7a (13).<\/p><\/div>\n","protected":false},"author":1,"featured_media":85916,"comment_status":"closed","ping_status":"closed","sticky":false,"template":"","format":"gallery","meta":{"footnotes":""},"categories":[8,9,6,57,56,10],"tags":[],"class_list":["post-85915","post","type-post","status-publish","format-gallery","has-post-thumbnail","hentry","category-bahia","category-brasil","category-feira-de-santana","category-mundo","category-policia","category-politica","post_format-post-format-gallery"],"featured_image_urls":{"full":["https:\/\/noticiasbahia360.com.br\/wp-content\/uploads\/2025\/05\/policia-civil-operacao-foto-divulgacao-.jpg",1200,762,false],"thumbnail":["https:\/\/noticiasbahia360.com.br\/wp-content\/uploads\/2025\/05\/policia-civil-operacao-foto-divulgacao--150x150.jpg",150,150,true],"medium":["https:\/\/noticiasbahia360.com.br\/wp-content\/uploads\/2025\/05\/policia-civil-operacao-foto-divulgacao--300x191.jpg",300,191,true],"medium_large":["https:\/\/noticiasbahia360.com.br\/wp-content\/uploads\/2025\/05\/policia-civil-operacao-foto-divulgacao--768x488.jpg",640,407,true],"large":["https:\/\/noticiasbahia360.com.br\/wp-content\/uploads\/2025\/05\/policia-civil-operacao-foto-divulgacao--1024x650.jpg",640,406,true],"1536x1536":["https:\/\/noticiasbahia360.com.br\/wp-content\/uploads\/2025\/05\/policia-civil-operacao-foto-divulgacao-.jpg",1200,762,false],"2048x2048":["https:\/\/noticiasbahia360.com.br\/wp-content\/uploads\/2025\/05\/policia-civil-operacao-foto-divulgacao-.jpg",1200,762,false],"chromenews-featured":["https:\/\/noticiasbahia360.com.br\/wp-content\/uploads\/2025\/05\/policia-civil-operacao-foto-divulgacao--1024x650.jpg",1024,650,true],"chromenews-large":["https:\/\/noticiasbahia360.com.br\/wp-content\/uploads\/2025\/05\/policia-civil-operacao-foto-divulgacao--825x575.jpg",825,575,true],"chromenews-medium":["https:\/\/noticiasbahia360.com.br\/wp-content\/uploads\/2025\/05\/policia-civil-operacao-foto-divulgacao--590x410.jpg",590,410,true]},"author_info":{"display_name":"noticiasbahia360.com.br","author_link":"https:\/\/noticiasbahia360.com.br\/?author=1"},"category_info":"<a href=\"https:\/\/noticiasbahia360.com.br\/?cat=8\" rel=\"category\">Bahia<\/a> <a href=\"https:\/\/noticiasbahia360.com.br\/?cat=9\" rel=\"category\">Brasil<\/a> <a href=\"https:\/\/noticiasbahia360.com.br\/?cat=6\" rel=\"category\">Feira de Santana<\/a> <a href=\"https:\/\/noticiasbahia360.com.br\/?cat=57\" rel=\"category\">Mundo<\/a> <a href=\"https:\/\/noticiasbahia360.com.br\/?cat=56\" rel=\"category\">Pol\u00edcia<\/a> <a href=\"https:\/\/noticiasbahia360.com.br\/?cat=10\" rel=\"category\">Pol\u00edtica<\/a>","tag_info":"Pol\u00edtica","comment_count":"0","_links":{"self":[{"href":"https:\/\/noticiasbahia360.com.br\/index.php?rest_route=\/wp\/v2\/posts\/85915","targetHints":{"allow":["GET"]}}],"collection":[{"href":"https:\/\/noticiasbahia360.com.br\/index.php?rest_route=\/wp\/v2\/posts"}],"about":[{"href":"https:\/\/noticiasbahia360.com.br\/index.php?rest_route=\/wp\/v2\/types\/post"}],"author":[{"embeddable":true,"href":"https:\/\/noticiasbahia360.com.br\/index.php?rest_route=\/wp\/v2\/users\/1"}],"replies":[{"embeddable":true,"href":"https:\/\/noticiasbahia360.com.br\/index.php?rest_route=%2Fwp%2Fv2%2Fcomments&post=85915"}],"version-history":[{"count":0,"href":"https:\/\/noticiasbahia360.com.br\/index.php?rest_route=\/wp\/v2\/posts\/85915\/revisions"}],"wp:featuredmedia":[{"embeddable":true,"href":"https:\/\/noticiasbahia360.com.br\/index.php?rest_route=\/wp\/v2\/media\/85916"}],"wp:attachment":[{"href":"https:\/\/noticiasbahia360.com.br\/index.php?rest_route=%2Fwp%2Fv2%2Fmedia&parent=85915"}],"wp:term":[{"taxonomy":"category","embeddable":true,"href":"https:\/\/noticiasbahia360.com.br\/index.php?rest_route=%2Fwp%2Fv2%2Fcategories&post=85915"},{"taxonomy":"post_tag","embeddable":true,"href":"https:\/\/noticiasbahia360.com.br\/index.php?rest_route=%2Fwp%2Fv2%2Ftags&post=85915"}],"curies":[{"name":"wp","href":"https:\/\/api.w.org\/{rel}","templated":true}]}}