{"id":85919,"date":"2025-05-13T08:55:58","date_gmt":"2025-05-13T11:55:58","guid":{"rendered":"https:\/\/noticiasbahia360.com.br\/?p=85919"},"modified":"2025-05-13T08:55:58","modified_gmt":"2025-05-13T11:55:58","slug":"atleta-baiano-de-itamaraju-e-campeao-mundial-de-slackline-com-quebra-de-recorde","status":"publish","type":"post","link":"https:\/\/noticiasbahia360.com.br\/?p=85919","title":{"rendered":"Atleta baiano de Itamaraju \u00e9 campe\u00e3o mundial de slackline, com quebra de recorde"},"content":{"rendered":"<div>\n<div>\n<figure><img decoding=\"async\" src=\"http:\/\/noticiasbahia360.com.br\/wp-content\/uploads\/2025\/05\/atlta-baiano-foto-divulgacao-.jpg\" alt=\"\"><figcaption>Foto: Divulga\u00e7\u00e3o <\/figcaption><\/figure>\n<\/div>\n<p>O atleta baiano Matheus Vidal, de 30 anos, se tornou o n\u00famero 01 do mundo na modalidade de slackline ap\u00f3s o t\u00edtulo conquistado na copa mundial realizada na B\u00e9lgica no final de abril. \u00danico latino-americano a participar da prova, o itamarajuense travou uma disputa bastante acirrada com seu principal advers\u00e1rio, o alem\u00e3o Sascha Grill, e mostrou superioridade na t\u00e9cnica, no equil\u00edbrio e na velocidade, fechando a prova em 46 segundos e 76 mil\u00e9simos, cravando novo recorde mundial.<\/p>\n<p>\u201cEstou muito feliz com o resultado. \u00c9 sempre uma honra muito grande representar o Brasil e a Bahia em competi\u00e7\u00f5es internacionais. Volto para casa com a certeza que dei o meu melhor\u201d, comemora Matheus Vidal, que esta semana visitou a sede da Superintend\u00eancia dos Desportos do Estado da Bahia (Sudesb), autarquia da Secretaria do Trabalho, Emprego, Renda e Esporte, para agradecer o apoio do Governo do Estado na concess\u00e3o da passagem que o trouxe de volta da B\u00e9lgica.<\/p>\n<p>Segundo contou, voltar para o Brasil est\u00e1 sendo crucial para o treinamento que precisa mergulhar para o pr\u00f3ximo desafio, que \u00e9 o segundo mundial\/2025 e que acontecer\u00e1 em Paris, capital da Fran\u00e7a, de 13 a 15 de junho. As passagens de ida e volta \u00e0 Fran\u00e7a tamb\u00e9m j\u00e1 est\u00e3o garantidas pela Sudesb.<\/p>\n<p>\u201cSe permanecesse na B\u00e9lgica at\u00e9 a prova de Paris, como era inicialmente a \u00fanica op\u00e7\u00e3o poss\u00edvel, teria que trabalhar para me sustentar, n\u00e3o sobrando tempo para me dedicar aos treinos. Por isso, agrade\u00e7o muito a Sudesb pela possibilidade deste retorno que, com certeza, far\u00e1 toda diferen\u00e7a na minha participa\u00e7\u00e3o no pr\u00f3ximo mundial\u201d, afirmou Matheus.<\/p>\n<p>Amor \u00e0 primeira vista \u2013 Quem v\u00ea Matheus hoje se destacando nesse esporte, n\u00e3o imagina que ele come\u00e7ou a praticar a modalidade h\u00e1 apenas oito anos, quando tinha 22 anos. Foi o seu chefe quem lhe apresentou um v\u00eddeo entre uma instala\u00e7\u00e3o ou outra de antena digital, emprego que tinha \u00e0 \u00e9poca em Itamaraju.<\/p>\n<p>Foi amor \u00e0 primeira vista com o esporte de equil\u00edbrio sobre fitas. \u201cQuando vi a imagem, pensei imediatamente: \u00e9 isso que quero fazer na vida\u201d, conta, de forma emocionada, o hoje campe\u00e3o Matheus, que ao mostrar tanta habilidade \u00e9 conhecido no mundo do slackine como o \u201cMago do Equil\u00edbrio\u201d.<\/p>\n<p>O recorde da B\u00e9lgica n\u00e3o foi a primeiro a ser quebrado por Matheus Vidal. Em 2022, bateu o recorde de maior highline urbano das Am\u00e9ricas (outra varia\u00e7\u00e3o do esporte). A aventura foi em S\u00e3o Paulo, na estrutura montada no Vale do Pacaembu (centro da capital), quando atravessou, numa altura de 68 metros, os 510 metros de fita com olhos vendados. Recorde anterior era de 333 metros.<\/p>\n<p>A modalidade ainda \u00e9 pouco praticada no Brasil. \u201cNo nosso pa\u00eds, temos em torno de oitocentos praticantes de highline, sendo apenas quatro deles baianos. Mod\u00e9stia \u00e0 parte, eu sou o que tem mais t\u00edtulo no Brasil, e estou invicto desde 2017\u201d, conta, orgulhoso, o Mago do Equil\u00edbrio, sem perder a humildade de quem tem origem simples e que precisou, desde muito cedo, trabalhar pensando em um futuro melhor para sua fam\u00edlia de pescadores.<\/p>\n<p>Depois que conheceu a brasiliense Alice Amaral, Matheus deixou o Cap\u00e3o, distrito do munic\u00edpio de Palmeiras, na Chapada Diamantina, onde morou por oito meses, e foi morar em Cocalzinho de Goi\u00e1s, onde a fam\u00edlia da companheira tem um s\u00edtio. L\u00e1, treina duro e tamb\u00e9m d\u00e1 aulas para se manterem. Mas o sonho \u00e9 mesmo voltar para a Bahia, mais precisamente para Itamaraju e regi\u00e3o, onde est\u00e3o suas ra\u00edzes e suas origens.<\/p>\n<p>\u201cQuero voltar para Itamaraju e ensinar o skaline e o highline para as crian\u00e7as, para os jovens. N\u00e3o tive nenhum acesso \u00e0 arte e ao esporte quando era mais novo, mas sonho em transformar vidas no meu estado\u201d, conclui, de forma positiva, o Mago do Equil\u00edbrio.<\/p>\n<p><em>Siga o Acorda Cidade no<\/em><a href=\"https:\/\/news.google.com\/search?q=acorda%20cidade&amp;hl=pt-BR&amp;gl=BR&amp;ceid=BR%3Apt-419\"><strong><em>\u00a0Google Not\u00edcias<\/em><\/strong><\/a><em>\u00a0e receba os principais destaques do dia. Participe tamb\u00e9m dos nossos canais no\u00a0<\/em><a href=\"https:\/\/www.whatsapp.com\/channel\/0029Va6Rb4v3WHTNnsh8WI3N\"><strong><em>WhatsApp<\/em><\/strong><\/a><em>\u00a0e\u00a0<\/em><a href=\"https:\/\/www.youtube.com\/@acordacidadenoticias\/videos\"><strong>YouTube<\/strong><\/a><em>\u00a0e do grupo no\u00a0<\/em><a href=\"https:\/\/t.me\/+sSz0khrgARA0ZmRh\"><strong><em>Telegram<\/em><\/strong><\/a><\/p>\n<\/div>\n","protected":false},"excerpt":{"rendered":"<div>\n<div>\n<figure><img decoding=\"async\" src=\"https:\/\/uploads.acordacidade.com.br\/2025\/05\/atlta-baiano-foto-divulgacao-.jpg\" alt=\"\"><figcaption>Foto: Divulga\u00e7\u00e3o <\/figcaption><\/figure>\n<\/div>\n<p>O itamarajuense travou uma disputa bastante acirrada com seu principal advers\u00e1rio, o alem\u00e3o Sascha Grill, e mostrou superioridade na t\u00e9cnica.<\/p><\/div>\n","protected":false},"author":1,"featured_media":85920,"comment_status":"closed","ping_status":"closed","sticky":false,"template":"","format":"gallery","meta":{"footnotes":""},"categories":[8,9,6,57,56,10],"tags":[],"class_list":["post-85919","post","type-post","status-publish","format-gallery","has-post-thumbnail","hentry","category-bahia","category-brasil","category-feira-de-santana","category-mundo","category-policia","category-politica","post_format-post-format-gallery"],"featured_image_urls":{"full":["https:\/\/noticiasbahia360.com.br\/wp-content\/uploads\/2025\/05\/atlta-baiano-foto-divulgacao-.jpg",1200,800,false],"thumbnail":["https:\/\/noticiasbahia360.com.br\/wp-content\/uploads\/2025\/05\/atlta-baiano-foto-divulgacao--150x150.jpg",150,150,true],"medium":["https:\/\/noticiasbahia360.com.br\/wp-content\/uploads\/2025\/05\/atlta-baiano-foto-divulgacao--300x200.jpg",300,200,true],"medium_large":["https:\/\/noticiasbahia360.com.br\/wp-content\/uploads\/2025\/05\/atlta-baiano-foto-divulgacao--768x512.jpg",640,427,true],"large":["https:\/\/noticiasbahia360.com.br\/wp-content\/uploads\/2025\/05\/atlta-baiano-foto-divulgacao--1024x683.jpg",640,427,true],"1536x1536":["https:\/\/noticiasbahia360.com.br\/wp-content\/uploads\/2025\/05\/atlta-baiano-foto-divulgacao-.jpg",1200,800,false],"2048x2048":["https:\/\/noticiasbahia360.com.br\/wp-content\/uploads\/2025\/05\/atlta-baiano-foto-divulgacao-.jpg",1200,800,false],"chromenews-featured":["https:\/\/noticiasbahia360.com.br\/wp-content\/uploads\/2025\/05\/atlta-baiano-foto-divulgacao--1024x683.jpg",1024,683,true],"chromenews-large":["https:\/\/noticiasbahia360.com.br\/wp-content\/uploads\/2025\/05\/atlta-baiano-foto-divulgacao--825x575.jpg",825,575,true],"chromenews-medium":["https:\/\/noticiasbahia360.com.br\/wp-content\/uploads\/2025\/05\/atlta-baiano-foto-divulgacao--590x410.jpg",590,410,true]},"author_info":{"display_name":"noticiasbahia360.com.br","author_link":"https:\/\/noticiasbahia360.com.br\/?author=1"},"category_info":"<a href=\"https:\/\/noticiasbahia360.com.br\/?cat=8\" rel=\"category\">Bahia<\/a> <a href=\"https:\/\/noticiasbahia360.com.br\/?cat=9\" rel=\"category\">Brasil<\/a> <a href=\"https:\/\/noticiasbahia360.com.br\/?cat=6\" rel=\"category\">Feira de Santana<\/a> <a href=\"https:\/\/noticiasbahia360.com.br\/?cat=57\" rel=\"category\">Mundo<\/a> <a href=\"https:\/\/noticiasbahia360.com.br\/?cat=56\" rel=\"category\">Pol\u00edcia<\/a> <a href=\"https:\/\/noticiasbahia360.com.br\/?cat=10\" rel=\"category\">Pol\u00edtica<\/a>","tag_info":"Pol\u00edtica","comment_count":"0","_links":{"self":[{"href":"https:\/\/noticiasbahia360.com.br\/index.php?rest_route=\/wp\/v2\/posts\/85919","targetHints":{"allow":["GET"]}}],"collection":[{"href":"https:\/\/noticiasbahia360.com.br\/index.php?rest_route=\/wp\/v2\/posts"}],"about":[{"href":"https:\/\/noticiasbahia360.com.br\/index.php?rest_route=\/wp\/v2\/types\/post"}],"author":[{"embeddable":true,"href":"https:\/\/noticiasbahia360.com.br\/index.php?rest_route=\/wp\/v2\/users\/1"}],"replies":[{"embeddable":true,"href":"https:\/\/noticiasbahia360.com.br\/index.php?rest_route=%2Fwp%2Fv2%2Fcomments&post=85919"}],"version-history":[{"count":0,"href":"https:\/\/noticiasbahia360.com.br\/index.php?rest_route=\/wp\/v2\/posts\/85919\/revisions"}],"wp:featuredmedia":[{"embeddable":true,"href":"https:\/\/noticiasbahia360.com.br\/index.php?rest_route=\/wp\/v2\/media\/85920"}],"wp:attachment":[{"href":"https:\/\/noticiasbahia360.com.br\/index.php?rest_route=%2Fwp%2Fv2%2Fmedia&parent=85919"}],"wp:term":[{"taxonomy":"category","embeddable":true,"href":"https:\/\/noticiasbahia360.com.br\/index.php?rest_route=%2Fwp%2Fv2%2Fcategories&post=85919"},{"taxonomy":"post_tag","embeddable":true,"href":"https:\/\/noticiasbahia360.com.br\/index.php?rest_route=%2Fwp%2Fv2%2Ftags&post=85919"}],"curies":[{"name":"wp","href":"https:\/\/api.w.org\/{rel}","templated":true}]}}