{"id":85921,"date":"2025-05-13T09:09:36","date_gmt":"2025-05-13T12:09:36","guid":{"rendered":"https:\/\/noticiasbahia360.com.br\/?p=85921"},"modified":"2025-05-13T09:09:36","modified_gmt":"2025-05-13T12:09:36","slug":"profissao-do-futuro-mercado-de-automacao-cresce-com-forca-total-no-pais","status":"publish","type":"post","link":"https:\/\/noticiasbahia360.com.br\/?p=85921","title":{"rendered":"Profiss\u00e3o do futuro? mercado de automa\u00e7\u00e3o cresce com for\u00e7a total no pa\u00eds"},"content":{"rendered":"<div>\n<div>\n<figure><img decoding=\"async\" src=\"http:\/\/noticiasbahia360.com.br\/wp-content\/uploads\/2025\/05\/Torneio-SESI-de-Robotica-2023-Foto-Lucas-Moura_Coperphoto_Sistema-FIEB-69.jpg\" alt=\"Festival do Sesi\"><figcaption>Foto: Lucas Moura\/Copherphoto<\/figcaption><\/figure>\n<\/div>\n<p>A incorpora\u00e7\u00e3o da intelig\u00eancia artificial (IA) \u00e0 automa\u00e7\u00e3o de processos deixou de ser uma proje\u00e7\u00e3o futura. Hoje, ela j\u00e1 redefine fluxos de trabalho em empresas de todos os portes e cria um novo perfil profissional: o gestor de automa\u00e7\u00e3o com dom\u00ednio de tecnologias inteligentes. A mudan\u00e7a exige atualiza\u00e7\u00e3o, mas tamb\u00e9m abre espa\u00e7o para uma atua\u00e7\u00e3o mais estrat\u00e9gica e valorizada dentro das organiza\u00e7\u00f5es.<\/p>\n<p>Segundo o relat\u00f3rio Future of Jobs 2023, do F\u00f3rum Econ\u00f4mico Mundial, a converg\u00eancia entre automa\u00e7\u00e3o e IA deve transformar mais de 40% das tarefas de trabalho at\u00e9 2027. \u00c1reas como atendimento ao cliente, marketing e finan\u00e7as \u2014 setores em que a automa\u00e7\u00e3o j\u00e1 atua com intensidade \u2014 devem liderar essa transi\u00e7\u00e3o.<\/p>\n<p>Luciana Papini, especialista em automa\u00e7\u00e3o e respons\u00e1vel pela capacita\u00e7\u00e3o de mais de 5.700 profissionais na \u00e1rea, observa uma clara evolu\u00e7\u00e3o no papel do gestor. \u201cO profissional que trabalha com automa\u00e7\u00e3o agora precisa entender como a IA se encaixa em cada processo e de que forma ela potencializa os resultados. A entrega passa a ser mais anal\u00edtica, personalizada e decisiva\u201d, afirma.<\/p>\n<p><strong>O que muda com a IA integrada \u00e0 automa\u00e7\u00e3o<\/strong><\/p>\n<p>Na pr\u00e1tica, a intelig\u00eancia artificial adiciona uma camada de complexidade \u00e0s automa\u00e7\u00f5es tradicionais. Em vez de sistemas baseados apenas em regras fixas, surgem fluxos adapt\u00e1veis, que analisam comportamento do usu\u00e1rio, antecipam necessidades e ajustam respostas de forma aut\u00f4noma.<\/p>\n<p><strong>Entre as novas compet\u00eancias exigidas do gestor de automa\u00e7\u00e3o, destacam-se<\/strong>:<\/p>\n<ul class=\"wp-block-list\">\n<li>An\u00e1lise de dados aplicada \u00e0 tomada de decis\u00e3o automatizada<\/li>\n<li>Integra\u00e7\u00e3o de ferramentas com modelos de IA, como chatbots com processamento de linguagem natural (NLP)<\/li>\n<li>Mapeamento de jornadas din\u00e2micas do cliente<\/li>\n<li>Segmenta\u00e7\u00e3o inteligente de audi\u00eancias e previs\u00e3o de comportamento<\/li>\n<\/ul>\n<p>\u201cO dom\u00ednio t\u00e9cnico continua importante, mas o diferencial agora est\u00e1 na capacidade de pensar estrategicamente. A IA n\u00e3o substitui o gestor de automa\u00e7\u00e3o. Ela valoriza esse papel\u201d, pontua Luciana.<\/p>\n<p><strong>Impactos diretos na opera\u00e7\u00e3o das empresas<\/strong><\/p>\n<p>A combina\u00e7\u00e3o de IA e automa\u00e7\u00e3o tem gerado avan\u00e7os consistentes. Um levantamento da consultoria McKinsey mostra que empresas que adotaram essas solu\u00e7\u00f5es registraram aumento m\u00e9dio de 20% na produtividade em setores como vendas, atendimento e opera\u00e7\u00f5es.<\/p>\n<p><strong>Entre os principais ganhos, est\u00e3o:<\/strong><\/p>\n<ul class=\"wp-block-list\">\n<li>Redu\u00e7\u00e3o de falhas operacionais<\/li>\n<li>Agilidade nas respostas ao cliente<\/li>\n<li>Aumento da convers\u00e3o em vendas<\/li>\n<li>Gera\u00e7\u00e3o autom\u00e1tica de relat\u00f3rios com insights estrat\u00e9gicos<\/li>\n<li>Personaliza\u00e7\u00e3o de experi\u00eancias com base em dados comportamentais<\/li>\n<\/ul>\n<p>Luciana destaca que o impacto positivo n\u00e3o se restringe \u00e0s grandes corpora\u00e7\u00f5es. \u201cHoje, at\u00e9 um microempreendedor consegue automatizar o atendimento no WhatsApp com ferramentas de IA. Isso amplia o acesso e entrega performance com baixo custo operacional\u201d, afirma.<\/p>\n<p><strong>Mercado promissor e carreira em ascens\u00e3o<\/strong><\/p>\n<p>O aquecimento do mercado de automa\u00e7\u00e3o reflete diretamente na valoriza\u00e7\u00e3o dos profissionais da \u00e1rea. Dados do portal Glassdoor indicam que um gerente de automa\u00e7\u00e3o no regime CLT recebe, em m\u00e9dia, R$12 mil mensais, podendo ultrapassar R$17 mil, dependendo da experi\u00eancia e do porte da empresa. Profissionais que atuam como prestadores de servi\u00e7o chegam a faturar mais de R$30 mil mensais com a oferta de pacotes personalizados de automa\u00e7\u00e3o com IA.<\/p>\n<p>A expectativa \u00e9 que esse crescimento continue. Estudo da IDC aponta que, at\u00e9 2026, 75% das grandes empresas adotar\u00e3o plataformas automatizadas com IA para embasar decis\u00f5es em tempo real. Para Papini, isso refor\u00e7a a import\u00e2ncia do gestor de automa\u00e7\u00e3o como elo entre dados, estrat\u00e9gia e resultado.<\/p>\n<p>\u201cAutomatizar com intelig\u00eancia \u00e9 o que define a nova gera\u00e7\u00e3o de neg\u00f3cios. Empresas que n\u00e3o se adaptarem v\u00e3o perder competitividade. E profissionais que dominarem essa nova linguagem ter\u00e3o lugar garantido no mercado\u201d, conclui.<\/p>\n<p><em>Siga o Acorda Cidade no<\/em><a href=\"https:\/\/news.google.com\/search?q=acorda%20cidade&amp;hl=pt-BR&amp;gl=BR&amp;ceid=BR%3Apt-419\"><strong><em>\u00a0Google Not\u00edcias<\/em><\/strong><\/a><em>\u00a0e receba os principais destaques do dia. Participe tamb\u00e9m dos nossos canais no\u00a0<\/em><a href=\"https:\/\/www.whatsapp.com\/channel\/0029Va6Rb4v3WHTNnsh8WI3N\"><strong><em>WhatsApp<\/em><\/strong><\/a><em>\u00a0e\u00a0<\/em><a href=\"https:\/\/www.youtube.com\/@acordacidadenoticias\/videos\"><strong>YouTube<\/strong><\/a><em>\u00a0e do grupo no\u00a0<\/em><a href=\"https:\/\/t.me\/+sSz0khrgARA0ZmRh\"><strong><em>Telegram<\/em><\/strong><\/a><\/p>\n<\/div>\n","protected":false},"excerpt":{"rendered":"<div>\n<div>\n<figure><img decoding=\"async\" src=\"https:\/\/uploads.acordacidade.com.br\/wp-content\/uploads\/2023\/03\/12150025\/Torneio-SESI-de-Robotica-2023-Foto-Lucas-Moura_Coperphoto_Sistema-FIEB-69.jpg\" alt=\"Festival do Sesi\"><figcaption>Foto: Lucas Moura\/Copherphoto<\/figcaption><\/figure>\n<\/div>\n<p>A mudan\u00e7a exige atualiza\u00e7\u00e3o, mas tamb\u00e9m abre espa\u00e7o para uma atua\u00e7\u00e3o mais estrat\u00e9gica e valorizada dentro das organiza\u00e7\u00f5es.<\/p><\/div>\n","protected":false},"author":1,"featured_media":85922,"comment_status":"closed","ping_status":"closed","sticky":false,"template":"","format":"gallery","meta":{"footnotes":""},"categories":[8,9,6,57,56,10],"tags":[],"class_list":["post-85921","post","type-post","status-publish","format-gallery","has-post-thumbnail","hentry","category-bahia","category-brasil","category-feira-de-santana","category-mundo","category-policia","category-politica","post_format-post-format-gallery"],"featured_image_urls":{"full":["https:\/\/noticiasbahia360.com.br\/wp-content\/uploads\/2025\/05\/Torneio-SESI-de-Robotica-2023-Foto-Lucas-Moura_Coperphoto_Sistema-FIEB-69.jpg",640,426,false],"thumbnail":["https:\/\/noticiasbahia360.com.br\/wp-content\/uploads\/2025\/05\/Torneio-SESI-de-Robotica-2023-Foto-Lucas-Moura_Coperphoto_Sistema-FIEB-69-150x150.jpg",150,150,true],"medium":["https:\/\/noticiasbahia360.com.br\/wp-content\/uploads\/2025\/05\/Torneio-SESI-de-Robotica-2023-Foto-Lucas-Moura_Coperphoto_Sistema-FIEB-69-300x200.jpg",300,200,true],"medium_large":["https:\/\/noticiasbahia360.com.br\/wp-content\/uploads\/2025\/05\/Torneio-SESI-de-Robotica-2023-Foto-Lucas-Moura_Coperphoto_Sistema-FIEB-69.jpg",640,426,false],"large":["https:\/\/noticiasbahia360.com.br\/wp-content\/uploads\/2025\/05\/Torneio-SESI-de-Robotica-2023-Foto-Lucas-Moura_Coperphoto_Sistema-FIEB-69.jpg",640,426,false],"1536x1536":["https:\/\/noticiasbahia360.com.br\/wp-content\/uploads\/2025\/05\/Torneio-SESI-de-Robotica-2023-Foto-Lucas-Moura_Coperphoto_Sistema-FIEB-69.jpg",640,426,false],"2048x2048":["https:\/\/noticiasbahia360.com.br\/wp-content\/uploads\/2025\/05\/Torneio-SESI-de-Robotica-2023-Foto-Lucas-Moura_Coperphoto_Sistema-FIEB-69.jpg",640,426,false],"chromenews-featured":["https:\/\/noticiasbahia360.com.br\/wp-content\/uploads\/2025\/05\/Torneio-SESI-de-Robotica-2023-Foto-Lucas-Moura_Coperphoto_Sistema-FIEB-69.jpg",640,426,false],"chromenews-large":["https:\/\/noticiasbahia360.com.br\/wp-content\/uploads\/2025\/05\/Torneio-SESI-de-Robotica-2023-Foto-Lucas-Moura_Coperphoto_Sistema-FIEB-69.jpg",640,426,false],"chromenews-medium":["https:\/\/noticiasbahia360.com.br\/wp-content\/uploads\/2025\/05\/Torneio-SESI-de-Robotica-2023-Foto-Lucas-Moura_Coperphoto_Sistema-FIEB-69-590x410.jpg",590,410,true]},"author_info":{"display_name":"noticiasbahia360.com.br","author_link":"https:\/\/noticiasbahia360.com.br\/?author=1"},"category_info":"<a href=\"https:\/\/noticiasbahia360.com.br\/?cat=8\" rel=\"category\">Bahia<\/a> <a href=\"https:\/\/noticiasbahia360.com.br\/?cat=9\" rel=\"category\">Brasil<\/a> <a href=\"https:\/\/noticiasbahia360.com.br\/?cat=6\" rel=\"category\">Feira de Santana<\/a> <a href=\"https:\/\/noticiasbahia360.com.br\/?cat=57\" rel=\"category\">Mundo<\/a> <a href=\"https:\/\/noticiasbahia360.com.br\/?cat=56\" rel=\"category\">Pol\u00edcia<\/a> <a href=\"https:\/\/noticiasbahia360.com.br\/?cat=10\" rel=\"category\">Pol\u00edtica<\/a>","tag_info":"Pol\u00edtica","comment_count":"0","_links":{"self":[{"href":"https:\/\/noticiasbahia360.com.br\/index.php?rest_route=\/wp\/v2\/posts\/85921","targetHints":{"allow":["GET"]}}],"collection":[{"href":"https:\/\/noticiasbahia360.com.br\/index.php?rest_route=\/wp\/v2\/posts"}],"about":[{"href":"https:\/\/noticiasbahia360.com.br\/index.php?rest_route=\/wp\/v2\/types\/post"}],"author":[{"embeddable":true,"href":"https:\/\/noticiasbahia360.com.br\/index.php?rest_route=\/wp\/v2\/users\/1"}],"replies":[{"embeddable":true,"href":"https:\/\/noticiasbahia360.com.br\/index.php?rest_route=%2Fwp%2Fv2%2Fcomments&post=85921"}],"version-history":[{"count":0,"href":"https:\/\/noticiasbahia360.com.br\/index.php?rest_route=\/wp\/v2\/posts\/85921\/revisions"}],"wp:featuredmedia":[{"embeddable":true,"href":"https:\/\/noticiasbahia360.com.br\/index.php?rest_route=\/wp\/v2\/media\/85922"}],"wp:attachment":[{"href":"https:\/\/noticiasbahia360.com.br\/index.php?rest_route=%2Fwp%2Fv2%2Fmedia&parent=85921"}],"wp:term":[{"taxonomy":"category","embeddable":true,"href":"https:\/\/noticiasbahia360.com.br\/index.php?rest_route=%2Fwp%2Fv2%2Fcategories&post=85921"},{"taxonomy":"post_tag","embeddable":true,"href":"https:\/\/noticiasbahia360.com.br\/index.php?rest_route=%2Fwp%2Fv2%2Ftags&post=85921"}],"curies":[{"name":"wp","href":"https:\/\/api.w.org\/{rel}","templated":true}]}}