{"id":85923,"date":"2025-05-13T09:09:37","date_gmt":"2025-05-13T12:09:37","guid":{"rendered":"https:\/\/noticiasbahia360.com.br\/?p=85923"},"modified":"2025-05-13T09:09:37","modified_gmt":"2025-05-13T12:09:37","slug":"cooperfeira-tem-novo-presidente-eleito-beto-falcao-anuncia-reestruturacao-fiscal-e-revitalizacao-do-ville-gourmet","status":"publish","type":"post","link":"https:\/\/noticiasbahia360.com.br\/?p=85923","title":{"rendered":"Cooperfeira tem novo presidente eleito: Beto Falc\u00e3o anuncia reestrutura\u00e7\u00e3o fiscal e revitaliza\u00e7\u00e3o do Ville Gourmet"},"content":{"rendered":"<div>\n<div>\n<figure><img decoding=\"async\" src=\"http:\/\/noticiasbahia360.com.br\/wp-content\/uploads\/2025\/05\/Cooperfeira-.jpg\" alt=\"Cooperfeira tem novo presidente eleito: Beto Falc\u00e3o anuncia reestrutura\u00e7\u00e3o fiscal e revitaliza\u00e7\u00e3o do Ville Gourmet\"><figcaption>Foto: Divulga\u00e7\u00e3o <\/figcaption><\/figure>\n<\/div>\n<p>A Cooperfeira tem novo presidente. Em assembleia realizada na \u00faltima segunda-feira (12), o pecuarista Beto Falc\u00e3o foi eleito para comandar a Cooperativa de Pecu\u00e1ria de <a href=\"https:\/\/www.acordacidade.com.br\/tag\/feira-de-santana\/\">Feira de Santana<\/a> pelos pr\u00f3ximos dois anos.<\/p>\n<figure class=\"wp-block-image size-large\"><img fetchpriority=\"high\" data-dominant-color=\"7e7c6d\" data-has-transparency=\"false\" style=\"--dominant-color: #7e7c6d;\" fetchpriority=\"high\" decoding=\"async\" width=\"1024\" height=\"660\" sizes=\"(max-width: 1024px) 100vw, 1024px\" src=\"http:\/\/noticiasbahia360.com.br\/wp-content\/uploads\/2025\/05\/m0F576Bh-Cooperfeira-tem-novo-presidente-1024x660-1.webp\" alt=\"Cooperfeira tem novo presidente eleito: Beto Falc\u00e3o anuncia reestrutura\u00e7\u00e3o fiscal e revitaliza\u00e7\u00e3o do Ville Gourmet\" class=\"wp-image-552724 not-transparent\" srcset=\"https:\/\/uploads.acordacidade.com.br\/2025\/05\/m0F576Bh-Cooperfeira-tem-novo-presidente--300x194.webp 300w, http:\/\/noticiasbahia360.com.br\/wp-content\/uploads\/2025\/05\/m0F576Bh-Cooperfeira-tem-novo-presidente-1024x660-1.webp 1024w, https:\/\/uploads.acordacidade.com.br\/2025\/05\/m0F576Bh-Cooperfeira-tem-novo-presidente--768x495.webp 768w, https:\/\/uploads.acordacidade.com.br\/2025\/05\/m0F576Bh-Cooperfeira-tem-novo-presidente--150x97.webp 150w, https:\/\/uploads.acordacidade.com.br\/2025\/05\/m0F576Bh-Cooperfeira-tem-novo-presidente-.webp 1200w\"><figcaption class=\"wp-element-caption\">Foto: Divulga\u00e7\u00e3o <\/figcaption><\/figure>\n<p>Beto Falc\u00e3o, como \u00e9 conhecido, j\u00e1 vinha exercendo a presid\u00eancia interinamente h\u00e1 sete meses. Agora, com o cargo oficializado, ele apresentou um plano de gest\u00e3o que inclui reestrutura\u00e7\u00e3o fiscal e financeira, al\u00e9m da continuidade nas negocia\u00e7\u00f5es de d\u00e9bitos e acordos judiciais.<\/p>\n<p>Entre os destaques est\u00e1 a revitaliza\u00e7\u00e3o do Ville Gourmet, espa\u00e7o de lazer e gastronomia da cooperativa. A proposta \u00e9 atrair novos empreendimentos e garantir benef\u00edcios para os cooperados.<\/p>\n<p>Outro foco da nova gest\u00e3o \u00e9 a moderniza\u00e7\u00e3o do frigor\u00edfico Frifeira, a amplia\u00e7\u00e3o da loja de produtos agropecu\u00e1rios e a retomada da compra de gado para abate.<\/p>\n<figure class=\"wp-block-image size-large\"><img data-dominant-color=\"7a8475\" data-has-transparency=\"false\" style=\"--dominant-color: #7a8475;\" decoding=\"async\" width=\"1024\" height=\"582\" sizes=\"(max-width: 1024px) 100vw, 1024px\" src=\"http:\/\/noticiasbahia360.com.br\/wp-content\/uploads\/2025\/05\/TOXJHTEu-Cooperfeira-tem-novo-presidente-eleito-1024x582-1.webp\" alt=\"Cooperfeira\" class=\"wp-image-552726 not-transparent\" srcset=\"https:\/\/uploads.acordacidade.com.br\/2025\/05\/TOXJHTEu-Cooperfeira-tem-novo-presidente-eleito-300x171.webp 300w, http:\/\/noticiasbahia360.com.br\/wp-content\/uploads\/2025\/05\/TOXJHTEu-Cooperfeira-tem-novo-presidente-eleito-1024x582-1.webp 1024w, https:\/\/uploads.acordacidade.com.br\/2025\/05\/TOXJHTEu-Cooperfeira-tem-novo-presidente-eleito-768x436.webp 768w, https:\/\/uploads.acordacidade.com.br\/2025\/05\/TOXJHTEu-Cooperfeira-tem-novo-presidente-eleito-150x85.webp 150w, https:\/\/uploads.acordacidade.com.br\/2025\/05\/TOXJHTEu-Cooperfeira-tem-novo-presidente-eleito.webp 1200w\"><figcaption class=\"wp-element-caption\">Foto: Divulga\u00e7\u00e3o <\/figcaption><\/figure>\n<p>Segundo o presidente, a meta \u00e9 fortalecer a Cooperfeira, valorizar os cooperados e colocar a institui\u00e7\u00e3o em posi\u00e7\u00e3o de destaque na economia regional.<\/p>\n<h2 class=\"wp-block-heading\" id=\"h-cooperfeira\">Cooperfeira<\/h2>\n<p>Com mais de 800 cooperados e centenas de empregos diretos e indiretos, a Cooperfeira \u00e9 refer\u00eancia na produ\u00e7\u00e3o pecu\u00e1ria da Bahia. Seu frigor\u00edfico, o Frifeira, opera com inspe\u00e7\u00e3o federal e atende criadores de diversas regi\u00f5es do estado. A cooperativa atua com foco em qualidade, seguran\u00e7a alimentar e sustentabilidade.<\/p>\n<p><em>Siga o Acorda Cidade no<\/em><a href=\"https:\/\/news.google.com\/search?q=acorda%20cidade&amp;hl=pt-BR&amp;gl=BR&amp;ceid=BR%3Apt-419\"><strong><em>\u00a0Google Not\u00edcias<\/em><\/strong><\/a><em>\u00a0e receba os principais destaques do dia. Participe tamb\u00e9m dos nossos canais no\u00a0<\/em><a href=\"https:\/\/www.whatsapp.com\/channel\/0029Va6Rb4v3WHTNnsh8WI3N\"><strong><em>WhatsApp<\/em><\/strong><\/a><em>\u00a0e\u00a0<\/em><a href=\"https:\/\/www.youtube.com\/@acordacidadenoticias\/videos\"><strong>YouTube<\/strong><\/a><em>\u00a0e do grupo no\u00a0<\/em><a href=\"https:\/\/t.me\/+sSz0khrgARA0ZmRh\"><strong><em>Telegram<\/em><\/strong><\/a><em>.<\/em><\/p>\n<\/div>\n","protected":false},"excerpt":{"rendered":"<div>\n<div>\n<figure><img decoding=\"async\" src=\"https:\/\/uploads.acordacidade.com.br\/2025\/05\/Cooperfeira-.jpg\" alt=\"Cooperfeira tem novo presidente eleito: Beto Falc\u00e3o anuncia reestrutura\u00e7\u00e3o fiscal e revitaliza\u00e7\u00e3o do Ville Gourmet\"><figcaption>Foto: Divulga\u00e7\u00e3o <\/figcaption><\/figure>\n<\/div>\n<p>Entre os focos da nova gest\u00e3o est\u00e3o a moderniza\u00e7\u00e3o do frigor\u00edfico Frifeira e a retomada da compra de gado para abate.<\/p><\/div>\n","protected":false},"author":1,"featured_media":85924,"comment_status":"closed","ping_status":"closed","sticky":false,"template":"","format":"gallery","meta":{"footnotes":""},"categories":[8,9,6,57,56,10],"tags":[],"class_list":["post-85923","post","type-post","status-publish","format-gallery","has-post-thumbnail","hentry","category-bahia","category-brasil","category-feira-de-santana","category-mundo","category-policia","category-politica","post_format-post-format-gallery"],"featured_image_urls":{"full":["https:\/\/noticiasbahia360.com.br\/wp-content\/uploads\/2025\/05\/Cooperfeira-.jpg",1200,684,false],"thumbnail":["https:\/\/noticiasbahia360.com.br\/wp-content\/uploads\/2025\/05\/Cooperfeira--150x150.jpg",150,150,true],"medium":["https:\/\/noticiasbahia360.com.br\/wp-content\/uploads\/2025\/05\/Cooperfeira--300x171.jpg",300,171,true],"medium_large":["https:\/\/noticiasbahia360.com.br\/wp-content\/uploads\/2025\/05\/Cooperfeira--768x438.jpg",640,365,true],"large":["https:\/\/noticiasbahia360.com.br\/wp-content\/uploads\/2025\/05\/Cooperfeira--1024x584.jpg",640,365,true],"1536x1536":["https:\/\/noticiasbahia360.com.br\/wp-content\/uploads\/2025\/05\/Cooperfeira-.jpg",1200,684,false],"2048x2048":["https:\/\/noticiasbahia360.com.br\/wp-content\/uploads\/2025\/05\/Cooperfeira-.jpg",1200,684,false],"chromenews-featured":["https:\/\/noticiasbahia360.com.br\/wp-content\/uploads\/2025\/05\/Cooperfeira--1024x584.jpg",1024,584,true],"chromenews-large":["https:\/\/noticiasbahia360.com.br\/wp-content\/uploads\/2025\/05\/Cooperfeira--825x575.jpg",825,575,true],"chromenews-medium":["https:\/\/noticiasbahia360.com.br\/wp-content\/uploads\/2025\/05\/Cooperfeira--590x410.jpg",590,410,true]},"author_info":{"display_name":"noticiasbahia360.com.br","author_link":"https:\/\/noticiasbahia360.com.br\/?author=1"},"category_info":"<a href=\"https:\/\/noticiasbahia360.com.br\/?cat=8\" rel=\"category\">Bahia<\/a> <a href=\"https:\/\/noticiasbahia360.com.br\/?cat=9\" rel=\"category\">Brasil<\/a> <a href=\"https:\/\/noticiasbahia360.com.br\/?cat=6\" rel=\"category\">Feira de Santana<\/a> <a href=\"https:\/\/noticiasbahia360.com.br\/?cat=57\" rel=\"category\">Mundo<\/a> <a href=\"https:\/\/noticiasbahia360.com.br\/?cat=56\" rel=\"category\">Pol\u00edcia<\/a> <a href=\"https:\/\/noticiasbahia360.com.br\/?cat=10\" rel=\"category\">Pol\u00edtica<\/a>","tag_info":"Pol\u00edtica","comment_count":"0","_links":{"self":[{"href":"https:\/\/noticiasbahia360.com.br\/index.php?rest_route=\/wp\/v2\/posts\/85923","targetHints":{"allow":["GET"]}}],"collection":[{"href":"https:\/\/noticiasbahia360.com.br\/index.php?rest_route=\/wp\/v2\/posts"}],"about":[{"href":"https:\/\/noticiasbahia360.com.br\/index.php?rest_route=\/wp\/v2\/types\/post"}],"author":[{"embeddable":true,"href":"https:\/\/noticiasbahia360.com.br\/index.php?rest_route=\/wp\/v2\/users\/1"}],"replies":[{"embeddable":true,"href":"https:\/\/noticiasbahia360.com.br\/index.php?rest_route=%2Fwp%2Fv2%2Fcomments&post=85923"}],"version-history":[{"count":0,"href":"https:\/\/noticiasbahia360.com.br\/index.php?rest_route=\/wp\/v2\/posts\/85923\/revisions"}],"wp:featuredmedia":[{"embeddable":true,"href":"https:\/\/noticiasbahia360.com.br\/index.php?rest_route=\/wp\/v2\/media\/85924"}],"wp:attachment":[{"href":"https:\/\/noticiasbahia360.com.br\/index.php?rest_route=%2Fwp%2Fv2%2Fmedia&parent=85923"}],"wp:term":[{"taxonomy":"category","embeddable":true,"href":"https:\/\/noticiasbahia360.com.br\/index.php?rest_route=%2Fwp%2Fv2%2Fcategories&post=85923"},{"taxonomy":"post_tag","embeddable":true,"href":"https:\/\/noticiasbahia360.com.br\/index.php?rest_route=%2Fwp%2Fv2%2Ftags&post=85923"}],"curies":[{"name":"wp","href":"https:\/\/api.w.org\/{rel}","templated":true}]}} 