{"id":85927,"date":"2025-05-13T09:30:22","date_gmt":"2025-05-13T12:30:22","guid":{"rendered":"https:\/\/noticiasbahia360.com.br\/?p=85927"},"modified":"2025-05-13T09:30:22","modified_gmt":"2025-05-13T12:30:22","slug":"inss-beneficiarios-vitimas-de-descontos-serao-notificados-a-partir-desta-terca","status":"publish","type":"post","link":"https:\/\/noticiasbahia360.com.br\/?p=85927","title":{"rendered":"INSS: benefici\u00e1rios v\u00edtimas de descontos ser\u00e3o notificados a partir desta ter\u00e7a"},"content":{"rendered":"<div>\n<div>\n<figure><img decoding=\"async\" src=\"http:\/\/noticiasbahia360.com.br\/wp-content\/uploads\/2025\/05\/beneficiarios-vitimas-de-descontos-serao-notificados-a-partir-desta-terca.jpg\" alt=\"benefici\u00e1rios v\u00edtimas de descontos ser\u00e3o notificados a partir desta ter\u00e7a\"><figcaption>Foto: Jo\u00e9dson Alves\/Ag\u00eancia Brasil<br \/>\n<\/figcaption><\/figure>\n<\/div>\n<p>Ag\u00eancia Brasil \u2013 A partir desta ter\u00e7a-feira (13), os aposentados e pensionistas que sofreram descontos em seus benef\u00edcios por meio de associa\u00e7\u00f5es ir\u00e3o receber uma notifica\u00e7\u00e3o do Instituto Nacional do Seguro Social (<a href=\"https:\/\/www.acordacidade.com.br\/tag\/inss\/\">INSS<\/a>). A mensagem ser\u00e1 enviada pelo aplicativo <a href=\"https:\/\/meu.inss.gov.br\/#\/login\">Meu INSS<\/a>.<\/p>\n<p>Na mensagem, ir\u00e3o constar os descontos (valores) e os nomes das entidades.<\/p>\n<p>O aposentado ou pensionista que for notificado dever\u00e1 indicar se autorizou ou n\u00e3o o desconto j\u00e1 na quarta-feira (14).<\/p>\n<p>Se o benefici\u00e1rio informar que n\u00e3o autorizou, poder\u00e1 pedir o ressarcimento dos valores tamb\u00e9m na quarta-feira.<\/p>\n<p>No total, segundo o INSS, 9 milh\u00f5es de benefici\u00e1rios receber\u00e3o a mensagem.<\/p>\n<p>Os aposentados e pensionistas v\u00edtimas de descontos n\u00e3o autorizados de mensalidades associativas ser\u00e3o ressarcidos pelos preju\u00edzos sofridos entre mar\u00e7o de 2020 e mar\u00e7o de 2025.<\/p>\n<h2 class=\"wp-block-heading\" id=\"h-alerta\">Alerta<\/h2>\n<p><strong>O INSS alerta que:<\/strong><\/p>\n<ul class=\"wp-block-list\">\n<li>A notifica\u00e7\u00e3o ser\u00e1 enviada somente pelo aplicativo Meu INSS<\/li>\n<li>N\u00e3o haver\u00e1 contato por telefone, envio de SMS para celular. O INSS n\u00e3o tem intermedi\u00e1rios.<\/li>\n<li>Em caso de d\u00favida, ligue para central de teleatendimento 135. A central funcional de segunda a s\u00e1bado, das 7h \u00e0s 22h.<\/li>\n<li>Acesse o aplicativo Meu INSS para facilitar que as notifica\u00e7\u00f5es apare\u00e7am automaticamente em seu celular.<\/li>\n<\/ul>\n<h2 class=\"wp-block-heading\" id=\"h-como-sera-o-reembolso\">Como ser\u00e1 o reembolso<\/h2>\n<p>Assim que o benefici\u00e1rio informar que n\u00e3o autorizou o desconto, o INSS ir\u00e1 acionar a associa\u00e7\u00e3o para que fa\u00e7a o pagamento e apresente documenta\u00e7\u00e3o.<\/p>\n<p>O instituto informa que o aposentado e pensionista n\u00e3o precisa apresentar qualquer documento.<\/p>\n<p>A associa\u00e7\u00e3o ter\u00e1 15 dias \u00fateis para fazer o pagamento. As que n\u00e3o realizarem ser\u00e3o acionadas judicialmente.<\/p>\n<p><em>Com informa\u00e7\u00f5es do INSS e Ag\u00eancia Gov<\/em><\/p>\n<p><em>Siga o Acorda Cidade no<\/em><a href=\"https:\/\/news.google.com\/search?q=acorda%20cidade&amp;hl=pt-BR&amp;gl=BR&amp;ceid=BR%3Apt-419\"><strong><em>\u00a0Google Not\u00edcias<\/em><\/strong><\/a><em>\u00a0e receba os principais destaques do dia. Participe tamb\u00e9m dos nossos canais no\u00a0<\/em><a href=\"https:\/\/www.whatsapp.com\/channel\/0029Va6Rb4v3WHTNnsh8WI3N\"><strong><em>WhatsApp<\/em><\/strong><\/a><em>\u00a0e\u00a0<\/em><a href=\"https:\/\/www.youtube.com\/@acordacidadenoticias\/videos\"><strong>YouTube<\/strong><\/a><em>\u00a0e do grupo no\u00a0<\/em><a href=\"https:\/\/t.me\/+sSz0khrgARA0ZmRh\"><strong><em>Telegram<\/em><\/strong><\/a><em>.<\/em><\/p>\n<\/div>\n","protected":false},"excerpt":{"rendered":"<div>\n<div>\n<figure><img decoding=\"async\" src=\"https:\/\/uploads.acordacidade.com.br\/2025\/05\/beneficiarios-vitimas-de-descontos-serao-notificados-a-partir-desta-terca.jpg\" alt=\"benefici\u00e1rios v\u00edtimas de descontos ser\u00e3o notificados a partir desta ter\u00e7a\"><figcaption>Foto: Jo\u00e9dson Alves\/Ag\u00eancia Brasil<br \/>\n<\/figcaption><\/figure>\n<\/div>\n<p>Quem indicar que n\u00e3o autorizou desconto poder\u00e1 pedir reembolso<\/p><\/div>\n","protected":false},"author":1,"featured_media":85928,"comment_status":"closed","ping_status":"closed","sticky":false,"template":"","format":"gallery","meta":{"footnotes":""},"categories":[8,9,6,57,56,10],"tags":[],"class_list":["post-85927","post","type-post","status-publish","format-gallery","has-post-thumbnail","hentry","category-bahia","category-brasil","category-feira-de-santana","category-mundo","category-policia","category-politica","post_format-post-format-gallery"],"featured_image_urls":{"full":["https:\/\/noticiasbahia360.com.br\/wp-content\/uploads\/2025\/05\/beneficiarios-vitimas-de-descontos-serao-notificados-a-partir-desta-terca.jpg",1200,718,false],"thumbnail":["https:\/\/noticiasbahia360.com.br\/wp-content\/uploads\/2025\/05\/beneficiarios-vitimas-de-descontos-serao-notificados-a-partir-desta-terca-150x150.jpg",150,150,true],"medium":["https:\/\/noticiasbahia360.com.br\/wp-content\/uploads\/2025\/05\/beneficiarios-vitimas-de-descontos-serao-notificados-a-partir-desta-terca-300x180.jpg",300,180,true],"medium_large":["https:\/\/noticiasbahia360.com.br\/wp-content\/uploads\/2025\/05\/beneficiarios-vitimas-de-descontos-serao-notificados-a-partir-desta-terca-768x460.jpg",640,383,true],"large":["https:\/\/noticiasbahia360.com.br\/wp-content\/uploads\/2025\/05\/beneficiarios-vitimas-de-descontos-serao-notificados-a-partir-desta-terca-1024x613.jpg",640,383,true],"1536x1536":["https:\/\/noticiasbahia360.com.br\/wp-content\/uploads\/2025\/05\/beneficiarios-vitimas-de-descontos-serao-notificados-a-partir-desta-terca.jpg",1200,718,false],"2048x2048":["https:\/\/noticiasbahia360.com.br\/wp-content\/uploads\/2025\/05\/beneficiarios-vitimas-de-descontos-serao-notificados-a-partir-desta-terca.jpg",1200,718,false],"chromenews-featured":["https:\/\/noticiasbahia360.com.br\/wp-content\/uploads\/2025\/05\/beneficiarios-vitimas-de-descontos-serao-notificados-a-partir-desta-terca-1024x613.jpg",1024,613,true],"chromenews-large":["https:\/\/noticiasbahia360.com.br\/wp-content\/uploads\/2025\/05\/beneficiarios-vitimas-de-descontos-serao-notificados-a-partir-desta-terca-825x575.jpg",825,575,true],"chromenews-medium":["https:\/\/noticiasbahia360.com.br\/wp-content\/uploads\/2025\/05\/beneficiarios-vitimas-de-descontos-serao-notificados-a-partir-desta-terca-590x410.jpg",590,410,true]},"author_info":{"display_name":"noticiasbahia360.com.br","author_link":"https:\/\/noticiasbahia360.com.br\/?author=1"},"category_info":"<a href=\"https:\/\/noticiasbahia360.com.br\/?cat=8\" rel=\"category\">Bahia<\/a> <a href=\"https:\/\/noticiasbahia360.com.br\/?cat=9\" rel=\"category\">Brasil<\/a> <a href=\"https:\/\/noticiasbahia360.com.br\/?cat=6\" rel=\"category\">Feira de Santana<\/a> <a href=\"https:\/\/noticiasbahia360.com.br\/?cat=57\" rel=\"category\">Mundo<\/a> <a href=\"https:\/\/noticiasbahia360.com.br\/?cat=56\" rel=\"category\">Pol\u00edcia<\/a> <a href=\"https:\/\/noticiasbahia360.com.br\/?cat=10\" rel=\"category\">Pol\u00edtica<\/a>","tag_info":"Pol\u00edtica","comment_count":"0","_links":{"self":[{"href":"https:\/\/noticiasbahia360.com.br\/index.php?rest_route=\/wp\/v2\/posts\/85927","targetHints":{"allow":["GET"]}}],"collection":[{"href":"https:\/\/noticiasbahia360.com.br\/index.php?rest_route=\/wp\/v2\/posts"}],"about":[{"href":"https:\/\/noticiasbahia360.com.br\/index.php?rest_route=\/wp\/v2\/types\/post"}],"author":[{"embeddable":true,"href":"https:\/\/noticiasbahia360.com.br\/index.php?rest_route=\/wp\/v2\/users\/1"}],"replies":[{"embeddable":true,"href":"https:\/\/noticiasbahia360.com.br\/index.php?rest_route=%2Fwp%2Fv2%2Fcomments&post=85927"}],"version-history":[{"count":0,"href":"https:\/\/noticiasbahia360.com.br\/index.php?rest_route=\/wp\/v2\/posts\/85927\/revisions"}],"wp:featuredmedia":[{"embeddable":true,"href":"https:\/\/noticiasbahia360.com.br\/index.php?rest_route=\/wp\/v2\/media\/85928"}],"wp:attachment":[{"href":"https:\/\/noticiasbahia360.com.br\/index.php?rest_route=%2Fwp%2Fv2%2Fmedia&parent=85927"}],"wp:term":[{"taxonomy":"category","embeddable":true,"href":"https:\/\/noticiasbahia360.com.br\/index.php?rest_route=%2Fwp%2Fv2%2Fcategories&post=85927"},{"taxonomy":"post_tag","embeddable":true,"href":"https:\/\/noticiasbahia360.com.br\/index.php?rest_route=%2Fwp%2Fv2%2Ftags&post=85927"}],"curies":[{"name":"wp","href":"https:\/\/api.w.org\/{rel}","templated":true}]}}