{"id":85933,"date":"2025-05-13T09:54:13","date_gmt":"2025-05-13T12:54:13","guid":{"rendered":"https:\/\/noticiasbahia360.com.br\/?p=85933"},"modified":"2025-05-13T09:54:13","modified_gmt":"2025-05-13T12:54:13","slug":"mais-de-90-professores-aprovados-em-concurso-publico-sao-convocados","status":"publish","type":"post","link":"https:\/\/noticiasbahia360.com.br\/?p=85933","title":{"rendered":"Mais de 90 professores aprovados em concurso p\u00fablico s\u00e3o convocados"},"content":{"rendered":"<div>\n<div>\n<figure><img decoding=\"async\" src=\"http:\/\/noticiasbahia360.com.br\/wp-content\/uploads\/2025\/05\/Foto-ACM-Secom-escola-rede-municipal.jpg\" alt=\"Foto: ACM - professores - convocados\"><figcaption>Foto: ACM<\/figcaption><\/figure>\n<\/div>\n<p>A Prefeitura de Feira de Santana convocou nesta ter\u00e7a-feira (13), por meio da Secretaria Municipal de Educa\u00e7\u00e3o, mais 98 professores aprovados no Concurso P\u00fablico Edital n\u00ba 01\/2024. A rela\u00e7\u00e3o dos convocados foi publicada na edi\u00e7\u00e3o do Di\u00e1rio Oficial Eletr\u00f4nico do munic\u00edpio.<\/p>\n<p>Foram chamados profissionais das seguintes disciplinas: Artes (7), Geografia (11), Hist\u00f3ria (4), Ingl\u00eas (5), Portugu\u00eas (20), Matem\u00e1tica (15) e Pedagogia (36). Inicialmente, o certame previa o preenchimento de 100 vagas para a \u00e1rea da educa\u00e7\u00e3o, mas, diante das necessidades da administra\u00e7\u00e3o municipal, esse n\u00famero foi ampliado para 300.<\/p>\n<p>Os candidatos convocados dever\u00e3o comparecer ao Departamento de Gest\u00e3o de Pessoas da Secretaria Municipal de Administra\u00e7\u00e3o, localizado na Avenida Sampaio, n\u00ba 344, Centro, no prazo de 30 dias corridos a partir da data de publica\u00e7\u00e3o do edital. \u00c9 necess\u00e1rio apresentar todos os documentos e exames exigidos para admiss\u00e3o, conforme especificado em anexo.<\/p>\n<p>A prefeitura alerta que a aus\u00eancia no prazo estipulado ou a n\u00e3o apresenta\u00e7\u00e3o da documenta\u00e7\u00e3o implicar\u00e1 na perda do direito \u00e0 nomea\u00e7\u00e3o e ao ingresso no servi\u00e7o p\u00fablico municipal.<\/p>\n<h2 class=\"wp-block-heading\" id=\"h-mais-convocacoes-a-caminho\">Mais convoca\u00e7\u00f5es a caminho<\/h2>\n<p>Segundo a administra\u00e7\u00e3o municipal, novas convoca\u00e7\u00f5es para outros cargos do concurso ocorrer\u00e3o em breve, de acordo com a demanda dos setores p\u00fablicos. O certame, que contou com mais de 52 mil inscritos, ofereceu ao todo 567 vagas para cargos de diferentes n\u00edveis de escolaridade.<\/p>\n<p>Organizado pelo Instituto Brasileiro de Forma\u00e7\u00e3o e Capacita\u00e7\u00e3o (IBFC), o concurso teve todas as etapas conduzidas com transpar\u00eancia e ampla divulga\u00e7\u00e3o. Os resultados est\u00e3o dispon\u00edveis no site do IBFC [<a href=\"http:\/\/www.ibfc.org.br\/\" target=\"_blank\" rel=\"noreferrer noopener\">www.ibfc.org.br<\/a>] e tamb\u00e9m na se\u00e7\u00e3o \u201cConcurso P\u00fablico\u201d do site oficial da Prefeitura de Feira de Santana.<\/p>\n<p>A prefeitura refor\u00e7a a import\u00e2ncia de os candidatos acompanharem frequentemente os portais oficiais para n\u00e3o perderem prazos e informa\u00e7\u00f5es relevantes sobre o processo de nomea\u00e7\u00e3o.<\/p>\n<p><a href=\"http:\/\/chrome-extension\/\/efaidnbmnnnibpcajpcglclefindmkaj\/https:\/\/feiradesantana.ba.gov.br\/arquivos\/2585848N13052025.pdf\" target=\"_blank\" rel=\"noreferrer noopener\">Confira a rela\u00e7\u00e3o dos convocados clicando aqui. <\/a><\/p>\n<p><em>Com informa\u00e7\u00f5es da Secretaria Municipal de Comunica\u00e7\u00e3o Social (Secom)<\/em><\/p>\n<p><em>Siga o Acorda Cidade no<\/em><a href=\"https:\/\/news.google.com\/search?q=acorda%20cidade&amp;hl=pt-BR&amp;gl=BR&amp;ceid=BR%3Apt-419\"><strong><em>\u00a0Google Not\u00edcias<\/em><\/strong><\/a><em>\u00a0e receba os principais destaques do dia. Participe tamb\u00e9m dos nossos canais no\u00a0<\/em><a href=\"https:\/\/www.whatsapp.com\/channel\/0029Va6Rb4v3WHTNnsh8WI3N\"><\/a><a href=\"https:\/\/www.acordacidade.com.br\/tag\/whatsapp\/\"><strong><em>WhatsApp<\/em><\/strong><\/a><em>\u00a0e\u00a0<\/em><a href=\"https:\/\/www.youtube.com\/@acordacidadenoticias\/videos\"><\/a><a href=\"https:\/\/www.acordacidade.com.br\/tag\/youtube\/\"><strong>YouTube<\/strong><\/a><em>\u00a0e do grupo no\u00a0<\/em><a href=\"https:\/\/t.me\/+sSz0khrgARA0ZmRh\"><\/a><a href=\"https:\/\/www.acordacidade.com.br\/tag\/telegram\/\"><strong><em>Telegram<\/em><\/strong><\/a><em>.<\/em><\/p>\n<\/div>\n","protected":false},"excerpt":{"rendered":"<div>\n<div>\n<figure><img decoding=\"async\" src=\"https:\/\/uploads.acordacidade.com.br\/wp-content\/uploads\/2022\/05\/25103559\/Foto-ACM-Secom-escola-rede-municipal.jpg\" alt=\"Foto: ACM - professores - convocados\"><figcaption>Foto: ACM<\/figcaption><\/figure>\n<\/div>\n<p>Convocados t\u00eam 30 dias para apresentar documenta\u00e7\u00e3o exigida.<\/p><\/div>\n","protected":false},"author":1,"featured_media":85934,"comment_status":"closed","ping_status":"closed","sticky":false,"template":"","format":"gallery","meta":{"footnotes":""},"categories":[8,9,6,57,56,10],"tags":[],"class_list":["post-85933","post","type-post","status-publish","format-gallery","has-post-thumbnail","hentry","category-bahia","category-brasil","category-feira-de-santana","category-mundo","category-policia","category-politica","post_format-post-format-gallery"],"featured_image_urls":{"full":["https:\/\/noticiasbahia360.com.br\/wp-content\/uploads\/2025\/05\/Foto-ACM-Secom-escola-rede-municipal.jpg",503,315,false],"thumbnail":["https:\/\/noticiasbahia360.com.br\/wp-content\/uploads\/2025\/05\/Foto-ACM-Secom-escola-rede-municipal-150x150.jpg",150,150,true],"medium":["https:\/\/noticiasbahia360.com.br\/wp-content\/uploads\/2025\/05\/Foto-ACM-Secom-escola-rede-municipal-300x188.jpg",300,188,true],"medium_large":["https:\/\/noticiasbahia360.com.br\/wp-content\/uploads\/2025\/05\/Foto-ACM-Secom-escola-rede-municipal.jpg",503,315,false],"large":["https:\/\/noticiasbahia360.com.br\/wp-content\/uploads\/2025\/05\/Foto-ACM-Secom-escola-rede-municipal.jpg",503,315,false],"1536x1536":["https:\/\/noticiasbahia360.com.br\/wp-content\/uploads\/2025\/05\/Foto-ACM-Secom-escola-rede-municipal.jpg",503,315,false],"2048x2048":["https:\/\/noticiasbahia360.com.br\/wp-content\/uploads\/2025\/05\/Foto-ACM-Secom-escola-rede-municipal.jpg",503,315,false],"chromenews-featured":["https:\/\/noticiasbahia360.com.br\/wp-content\/uploads\/2025\/05\/Foto-ACM-Secom-escola-rede-municipal.jpg",503,315,false],"chromenews-large":["https:\/\/noticiasbahia360.com.br\/wp-content\/uploads\/2025\/05\/Foto-ACM-Secom-escola-rede-municipal.jpg",503,315,false],"chromenews-medium":["https:\/\/noticiasbahia360.com.br\/wp-content\/uploads\/2025\/05\/Foto-ACM-Secom-escola-rede-municipal.jpg",503,315,false]},"author_info":{"display_name":"noticiasbahia360.com.br","author_link":"https:\/\/noticiasbahia360.com.br\/?author=1"},"category_info":"<a href=\"https:\/\/noticiasbahia360.com.br\/?cat=8\" rel=\"category\">Bahia<\/a> <a href=\"https:\/\/noticiasbahia360.com.br\/?cat=9\" rel=\"category\">Brasil<\/a> <a href=\"https:\/\/noticiasbahia360.com.br\/?cat=6\" rel=\"category\">Feira de Santana<\/a> <a href=\"https:\/\/noticiasbahia360.com.br\/?cat=57\" rel=\"category\">Mundo<\/a> <a href=\"https:\/\/noticiasbahia360.com.br\/?cat=56\" rel=\"category\">Pol\u00edcia<\/a> <a href=\"https:\/\/noticiasbahia360.com.br\/?cat=10\" rel=\"category\">Pol\u00edtica<\/a>","tag_info":"Pol\u00edtica","comment_count":"0","_links":{"self":[{"href":"https:\/\/noticiasbahia360.com.br\/index.php?rest_route=\/wp\/v2\/posts\/85933","targetHints":{"allow":["GET"]}}],"collection":[{"href":"https:\/\/noticiasbahia360.com.br\/index.php?rest_route=\/wp\/v2\/posts"}],"about":[{"href":"https:\/\/noticiasbahia360.com.br\/index.php?rest_route=\/wp\/v2\/types\/post"}],"author":[{"embeddable":true,"href":"https:\/\/noticiasbahia360.com.br\/index.php?rest_route=\/wp\/v2\/users\/1"}],"replies":[{"embeddable":true,"href":"https:\/\/noticiasbahia360.com.br\/index.php?rest_route=%2Fwp%2Fv2%2Fcomments&post=85933"}],"version-history":[{"count":0,"href":"https:\/\/noticiasbahia360.com.br\/index.php?rest_route=\/wp\/v2\/posts\/85933\/revisions"}],"wp:featuredmedia":[{"embeddable":true,"href":"https:\/\/noticiasbahia360.com.br\/index.php?rest_route=\/wp\/v2\/media\/85934"}],"wp:attachment":[{"href":"https:\/\/noticiasbahia360.com.br\/index.php?rest_route=%2Fwp%2Fv2%2Fmedia&parent=85933"}],"wp:term":[{"taxonomy":"category","embeddable":true,"href":"https:\/\/noticiasbahia360.com.br\/index.php?rest_route=%2Fwp%2Fv2%2Fcategories&post=85933"},{"taxonomy":"post_tag","embeddable":true,"href":"https:\/\/noticiasbahia360.com.br\/index.php?rest_route=%2Fwp%2Fv2%2Ftags&post=85933"}],"curies":[{"name":"wp","href":"https:\/\/api.w.org\/{rel}","templated":true}]}}