{"id":85935,"date":"2025-05-13T10:04:28","date_gmt":"2025-05-13T13:04:28","guid":{"rendered":"https:\/\/noticiasbahia360.com.br\/?p=85935"},"modified":"2025-05-13T10:04:28","modified_gmt":"2025-05-13T13:04:28","slug":"como-transformar-um-galho-de-alecrim-em-uma-muda-resistente-e-perfumada","status":"publish","type":"post","link":"https:\/\/noticiasbahia360.com.br\/?p=85935","title":{"rendered":"Como transformar um galho de alecrim em uma muda resistente e perfumada"},"content":{"rendered":"<div>\n<div>\n<figure><img decoding=\"async\" src=\"http:\/\/noticiasbahia360.com.br\/wp-content\/uploads\/2025\/05\/a9GTRazi-Como-transformar-um-galho-de-alecrim-em-uma-muda-resistente-e-perfumada-1.webp\" alt=\"Como transformar um galho de alecrim em uma muda resistente e perfumada\"><figcaption>Imagem criada com IA<\/figcaption><\/figure>\n<\/div>\n<p>Quem cultiva plantas arom\u00e1ticas sabe que o <strong>alecrim<\/strong> \u00e9 mais do que uma erva para temperar pratos: ele \u00e9 s\u00edmbolo de vitalidade, mem\u00f3ria e prote\u00e7\u00e3o. E o melhor? \u00c9 poss\u00edvel multiplicar essa <a href=\"https:\/\/www.acordacidade.com.br\/tag\/plantas\/\">planta<\/a> incr\u00edvel a partir de um simples galho, transformando-o em uma <strong>muda de alecrim resistente e perfumada<\/strong> com pouco esfor\u00e7o e sem gastar quase nada. Se voc\u00ea j\u00e1 tem um ramo de alecrim em casa \u2014 seja do mercado ou da horta de um amigo \u2014 est\u00e1 a poucos passos de iniciar o seu pr\u00f3prio cultivo.<\/p>\n<h2 class=\"wp-block-heading\" id=\"h-como-fazer-uma-muda-de-alecrim-a-partir-de-um-galho\">Como fazer uma muda de alecrim a partir de um galho<\/h2>\n<p>O m\u00e9todo mais eficiente e acess\u00edvel para propagar o alecrim \u00e9 atrav\u00e9s da estaquia. Essa t\u00e9cnica consiste em cortar um peda\u00e7o saud\u00e1vel do ramo e estimul\u00e1-lo a criar ra\u00edzes. \u00c9 simples, mas exige aten\u00e7\u00e3o a alguns detalhes importantes para garantir uma muda forte e cheia de aroma.<\/p>\n<h3 class=\"wp-block-heading\" id=\"h-escolha-o-galho-ideal-para-a-muda-de-alecrim\">Escolha o galho ideal para a muda de alecrim<\/h3>\n<p>O primeiro passo \u00e9 selecionar um galho saud\u00e1vel, com aproximadamente 10 a 15 cm de comprimento. D\u00ea prefer\u00eancia a ramos que n\u00e3o estejam floridos e que apresentem boa colora\u00e7\u00e3o, sem manchas ou sinais de ressecamento. Os galhos mais jovens, flex\u00edveis, mas j\u00e1 firmes, costumam ter maior taxa de enraizamento.<\/p>\n<h3 class=\"wp-block-heading\" id=\"h-remova-as-folhas-da-parte-inferior\">Remova as folhas da parte inferior<\/h3>\n<p>Para facilitar o desenvolvimento das ra\u00edzes, retire as folhas da metade inferior do galho, deixando apenas a parte superior com folhas. Isso evita que as folhas fiquem submersas na \u00e1gua ou soterradas na terra, o que poderia favorecer o apodrecimento.<\/p>\n<h3 class=\"wp-block-heading\" id=\"h-enraizar-o-alecrim-na-agua-ou-diretamente-na-terra\">Enraizar o alecrim na \u00e1gua ou diretamente na terra?<\/h3>\n<p>Voc\u00ea pode enraizar o galho de alecrim tanto na \u00e1gua quanto diretamente na terra. Cada m\u00e9todo tem suas vantagens:<\/p>\n<ul class=\"wp-block-list\">\n<li><strong>Na \u00e1gua<\/strong>: \u00e9 mais f\u00e1cil acompanhar o surgimento das ra\u00edzes e evitar o excesso de umidade. Use um copo de vidro com \u00e1gua filtrada, trocando a \u00e1gua a cada dois dias. Deixe o recipiente em local iluminado, mas sem sol direto.<\/li>\n<li><strong>Na terra<\/strong>: o enraizamento \u00e9 mais natural e a planta sofre menos na hora do transplante. Use um substrato leve, bem drenado, e mantenha a terra \u00famida (mas n\u00e3o encharcada) nos primeiros dias.<\/li>\n<\/ul>\n<p>Ambos os m\u00e9todos podem levar de 2 a 4 semanas para mostrar sinais de enraizamento.<\/p>\n<h3 class=\"wp-block-heading\" id=\"h-cuidados-nos-primeiros-dias-apos-o-plantio\">Cuidados nos primeiros dias ap\u00f3s o plantio<\/h3>\n<p>Quando as ra\u00edzes estiverem com pelo menos 3 cm, \u00e9 hora de plantar a muda (se ela estiver na \u00e1gua) ou deix\u00e1-la crescer firme (caso j\u00e1 esteja na terra). Nessa fase inicial, evite o excesso de sol direto, ventos fortes e mudan\u00e7as bruscas de temperatura. Mantenha o solo levemente \u00famido e observe o comportamento da planta.<\/p>\n<h2 class=\"wp-block-heading\" id=\"h-onde-plantar-alecrim-para-que-ele-cresca-forte\">Onde plantar alecrim para que ele cres\u00e7a forte<\/h2>\n<p>O alecrim gosta de locais ensolarados, com pelo menos 6 horas de sol direto por dia. Escolha um vaso com boa drenagem ou um canteiro com terra leve e rica em mat\u00e9ria org\u00e2nica. Evite solos muito compactos ou que acumulam \u00e1gua, pois o alecrim detesta encharcamento e pode apodrecer rapidamente.<\/p>\n<h3 class=\"wp-block-heading\" id=\"h-quando-regar-sua-muda-de-alecrim\">Quando regar sua muda de alecrim<\/h3>\n<p>O segredo \u00e9 regar somente quando a terra estiver seca ao toque. Em regi\u00f5es mais quentes, isso pode significar regar a cada dois ou tr\u00eas dias. J\u00e1 em climas mais \u00famidos ou frios, uma vez por semana pode ser suficiente. O alecrim \u00e9 uma planta r\u00fastica e tolera bem per\u00edodos curtos de seca.<\/p>\n<h3 class=\"wp-block-heading\" id=\"h-como-fazer-o-alecrim-crescer-mais-perfumado\">Como fazer o alecrim crescer mais perfumado<\/h3>\n<p>A intensidade do perfume do alecrim est\u00e1 ligada \u00e0 sa\u00fade da planta e \u00e0 exposi\u00e7\u00e3o solar. Quanto mais luz solar e melhor o solo, mais \u00f3leos essenciais ele produz. Al\u00e9m disso, voc\u00ea pode estimular a ramifica\u00e7\u00e3o (e consequentemente o aroma) podando os galhos de tempos em tempos. Use uma tesoura limpa e corte logo acima de um n\u00f3.<\/p>\n<figure class=\"wp-block-image size-large\"><img fetchpriority=\"high\" data-dominant-color=\"1b1b10\" data-has-transparency=\"false\" style=\"--dominant-color: #1b1b10;\" fetchpriority=\"high\" decoding=\"async\" width=\"1024\" height=\"683\" sizes=\"(max-width: 1024px) 100vw, 1024px\" src=\"http:\/\/noticiasbahia360.com.br\/wp-content\/uploads\/2025\/05\/3TvsuxLb-Como-transformar-um-galho-de-alecrim-em-uma-muda-resistente-e-perfumada-2-1024x683-1.webp\" alt=\"Como transformar um galho de alecrim em uma muda resistente e perfumada\" class=\"wp-image-552777 not-transparent\" srcset=\"https:\/\/uploads.acordacidade.com.br\/2025\/05\/3TvsuxLb-Como-transformar-um-galho-de-alecrim-em-uma-muda-resistente-e-perfumada-2-300x200.webp 300w, http:\/\/noticiasbahia360.com.br\/wp-content\/uploads\/2025\/05\/3TvsuxLb-Como-transformar-um-galho-de-alecrim-em-uma-muda-resistente-e-perfumada-2-1024x683-1.webp 1024w, https:\/\/uploads.acordacidade.com.br\/2025\/05\/3TvsuxLb-Como-transformar-um-galho-de-alecrim-em-uma-muda-resistente-e-perfumada-2-768x512.webp 768w, https:\/\/uploads.acordacidade.com.br\/2025\/05\/3TvsuxLb-Como-transformar-um-galho-de-alecrim-em-uma-muda-resistente-e-perfumada-2-150x100.webp 150w, https:\/\/uploads.acordacidade.com.br\/2025\/05\/3TvsuxLb-Como-transformar-um-galho-de-alecrim-em-uma-muda-resistente-e-perfumada-2.webp 1536w\"><figcaption class=\"wp-element-caption\">Imagem criada com IA<\/figcaption><\/figure>\n<h2 class=\"wp-block-heading\" id=\"h-dicas-extras-para-ter-um-alecrim-de-dar-inveja\">Dicas extras para ter um alecrim de dar inveja<\/h2>\n<h3 class=\"wp-block-heading\" id=\"h-use-canela-ou-mel-para-ajudar-no-enraizamento\">Use canela ou mel para ajudar no enraizamento<\/h3>\n<p>Antes de colocar o galho na \u00e1gua ou na terra, mergulhe a base em canela em p\u00f3 ou mel puro. Ambos t\u00eam propriedades antif\u00fangicas e estimulam o crescimento das ra\u00edzes.<\/p>\n<h3 class=\"wp-block-heading\" id=\"h-alecrim-tambem-pode-ser-cultivado-na-cozinha\">Alecrim tamb\u00e9m pode ser cultivado na cozinha<\/h3>\n<p>Se voc\u00ea mora em apartamento, pode cultivar seu alecrim em vasos na cozinha, desde que receba luz natural. Al\u00e9m de perfumar o ambiente, ainda ter\u00e1 tempero fresco sempre \u00e0 m\u00e3o.<\/p>\n<h3 class=\"wp-block-heading\" id=\"h-nao-plante-junto-com-hortela\">N\u00e3o plante junto com hortel\u00e3<\/h3>\n<p>Evite plantar alecrim junto com hortel\u00e3 no mesmo vaso, pois a hortel\u00e3 se espalha demais e pode sufocar o alecrim. Eles t\u00eam necessidades diferentes e preferem espa\u00e7os separados.<\/p>\n<p>Cultivar o alecrim a partir de um galho \u00e9 uma daquelas tarefas que parecem simples \u2014 e s\u00e3o \u2014, mas trazem uma sensa\u00e7\u00e3o de conex\u00e3o com a natureza e com as tradi\u00e7\u00f5es antigas. Em pouco tempo, voc\u00ea ver\u00e1 aquele galhinho virar um arbusto forte, perfumado e cheio de vida. E o melhor: feito por suas pr\u00f3prias m\u00e3os.<\/p>\n<\/div>\n","protected":false},"excerpt":{"rendered":"<div>\n<div>\n<figure><img decoding=\"async\" src=\"https:\/\/uploads.acordacidade.com.br\/2025\/05\/a9GTRazi-Como-transformar-um-galho-de-alecrim-em-uma-muda-resistente-e-perfumada-1.webp\" alt=\"Como transformar um galho de alecrim em uma muda resistente e perfumada\"><figcaption>Imagem criada com IA<\/figcaption><\/figure>\n<\/div>\n<p>Aprenda a transformar um galho de alecrim em uma muda forte, arom\u00e1tica e pronta para temperar ou decorar seu jardim.<\/p><\/div>\n","protected":false},"author":1,"featured_media":85936,"comment_status":"closed","ping_status":"closed","sticky":false,"template":"","format":"gallery","meta":{"footnotes":""},"categories":[8,9,6,57,56,10],"tags":[],"class_list":["post-85935","post","type-post","status-publish","format-gallery","has-post-thumbnail","hentry","category-bahia","category-brasil","category-feira-de-santana","category-mundo","category-policia","category-politica","post_format-post-format-gallery"],"featured_image_urls":{"full":["https:\/\/noticiasbahia360.com.br\/wp-content\/uploads\/2025\/05\/a9GTRazi-Como-transformar-um-galho-de-alecrim-em-uma-muda-resistente-e-perfumada-1.webp",1536,1024,false],"thumbnail":["https:\/\/noticiasbahia360.com.br\/wp-content\/uploads\/2025\/05\/a9GTRazi-Como-transformar-um-galho-de-alecrim-em-uma-muda-resistente-e-perfumada-1-150x150.webp",150,150,true],"medium":["https:\/\/noticiasbahia360.com.br\/wp-content\/uploads\/2025\/05\/a9GTRazi-Como-transformar-um-galho-de-alecrim-em-uma-muda-resistente-e-perfumada-1-300x200.webp",300,200,true],"medium_large":["https:\/\/noticiasbahia360.com.br\/wp-content\/uploads\/2025\/05\/a9GTRazi-Como-transformar-um-galho-de-alecrim-em-uma-muda-resistente-e-perfumada-1-768x512.webp",640,427,true],"large":["https:\/\/noticiasbahia360.com.br\/wp-content\/uploads\/2025\/05\/a9GTRazi-Como-transformar-um-galho-de-alecrim-em-uma-muda-resistente-e-perfumada-1-1024x683.webp",640,427,true],"1536x1536":["https:\/\/noticiasbahia360.com.br\/wp-content\/uploads\/2025\/05\/a9GTRazi-Como-transformar-um-galho-de-alecrim-em-uma-muda-resistente-e-perfumada-1.webp",1536,1024,false],"2048x2048":["https:\/\/noticiasbahia360.com.br\/wp-content\/uploads\/2025\/05\/a9GTRazi-Como-transformar-um-galho-de-alecrim-em-uma-muda-resistente-e-perfumada-1.webp",1536,1024,false],"chromenews-featured":["https:\/\/noticiasbahia360.com.br\/wp-content\/uploads\/2025\/05\/a9GTRazi-Como-transformar-um-galho-de-alecrim-em-uma-muda-resistente-e-perfumada-1-1024x683.webp",1024,683,true],"chromenews-large":["https:\/\/noticiasbahia360.com.br\/wp-content\/uploads\/2025\/05\/a9GTRazi-Como-transformar-um-galho-de-alecrim-em-uma-muda-resistente-e-perfumada-1-825x575.webp",825,575,true],"chromenews-medium":["https:\/\/noticiasbahia360.com.br\/wp-content\/uploads\/2025\/05\/a9GTRazi-Como-transformar-um-galho-de-alecrim-em-uma-muda-resistente-e-perfumada-1-590x410.webp",590,410,true]},"author_info":{"display_name":"noticiasbahia360.com.br","author_link":"https:\/\/noticiasbahia360.com.br\/?author=1"},"category_info":"<a href=\"https:\/\/noticiasbahia360.com.br\/?cat=8\" rel=\"category\">Bahia<\/a> <a href=\"https:\/\/noticiasbahia360.com.br\/?cat=9\" rel=\"category\">Brasil<\/a> <a href=\"https:\/\/noticiasbahia360.com.br\/?cat=6\" rel=\"category\">Feira de Santana<\/a> <a href=\"https:\/\/noticiasbahia360.com.br\/?cat=57\" rel=\"category\">Mundo<\/a> <a href=\"https:\/\/noticiasbahia360.com.br\/?cat=56\" rel=\"category\">Pol\u00edcia<\/a> <a href=\"https:\/\/noticiasbahia360.com.br\/?cat=10\" rel=\"category\">Pol\u00edtica<\/a>","tag_info":"Pol\u00edtica","comment_count":"0","_links":{"self":[{"href":"https:\/\/noticiasbahia360.com.br\/index.php?rest_route=\/wp\/v2\/posts\/85935","targetHints":{"allow":["GET"]}}],"collection":[{"href":"https:\/\/noticiasbahia360.com.br\/index.php?rest_route=\/wp\/v2\/posts"}],"about":[{"href":"https:\/\/noticiasbahia360.com.br\/index.php?rest_route=\/wp\/v2\/types\/post"}],"author":[{"embeddable":true,"href":"https:\/\/noticiasbahia360.com.br\/index.php?rest_route=\/wp\/v2\/users\/1"}],"replies":[{"embeddable":true,"href":"https:\/\/noticiasbahia360.com.br\/index.php?rest_route=%2Fwp%2Fv2%2Fcomments&post=85935"}],"version-history":[{"count":0,"href":"https:\/\/noticiasbahia360.com.br\/index.php?rest_route=\/wp\/v2\/posts\/85935\/revisions"}],"wp:featuredmedia":[{"embeddable":true,"href":"https:\/\/noticiasbahia360.com.br\/index.php?rest_route=\/wp\/v2\/media\/85936"}],"wp:attachment":[{"href":"https:\/\/noticiasbahia360.com.br\/index.php?rest_route=%2Fwp%2Fv2%2Fmedia&parent=85935"}],"wp:term":[{"taxonomy":"category","embeddable":true,"href":"https:\/\/noticiasbahia360.com.br\/index.php?rest_route=%2Fwp%2Fv2%2Fcategories&post=85935"},{"taxonomy":"post_tag","embeddable":true,"href":"https:\/\/noticiasbahia360.com.br\/index.php?rest_route=%2Fwp%2Fv2%2Ftags&post=85935"}],"curies":[{"name":"wp","href":"https:\/\/api.w.org\/{rel}","templated":true}]}}