{"id":85940,"date":"2025-05-13T10:38:30","date_gmt":"2025-05-13T13:38:30","guid":{"rendered":"https:\/\/noticiasbahia360.com.br\/?p=85940"},"modified":"2025-05-13T10:38:30","modified_gmt":"2025-05-13T13:38:30","slug":"passeio-de-cicloturismo-em-riachao-do-jacuipe-acontece-neste-domingo-18","status":"publish","type":"post","link":"https:\/\/noticiasbahia360.com.br\/?p=85940","title":{"rendered":"Passeio de cicloturismo em Riach\u00e3o do Jacu\u00edpe acontece neste domingo (18)"},"content":{"rendered":"<div>\n<div>\n<figure><img decoding=\"async\" src=\"http:\/\/noticiasbahia360.com.br\/wp-content\/uploads\/2025\/05\/cicloturismo-foto-divulgacao-.jpg\" alt=\"Passeio\"><figcaption>Foto: Divulga\u00e7\u00e3o <\/figcaption><\/figure>\n<\/div>\n<p>Neste domingo, dia 18 de maio, a cidade de Riach\u00e3o do Jacu\u00edpe ser\u00e1 palco de um dos maiores eventos de cicloturismo da Bahia. Com um percurso de 35 km, o passeio promete unir esporte, lazer, natureza e muita cultura nordestina, reunindo ciclistas de mais de 100 cidades do estado. A expectativa \u00e9 atrair mais de 3 mil participantes, transformando o munic\u00edpio em um grande ponto de encontro para amantes da bicicleta e da divers\u00e3o sobre duas rodas.<\/p>\n<p>A programa\u00e7\u00e3o come\u00e7a logo cedo, \u00e0s 6h30 da manh\u00e3, com um caf\u00e9 da manh\u00e3 refor\u00e7ado para os participantes. \u00c0s 8h30, os ciclistas iniciam o percurso, que contar\u00e1 com paradas estrat\u00e9gicas a cada 10 ou 15 km para hidrata\u00e7\u00e3o, registros fotogr\u00e1ficos e momentos de muito forr\u00f3, valorizando a cultura local e garantindo o clima festivo do evento.<\/p>\n<p>Durante o trajeto, os participantes ter\u00e3o a oportunidade de contemplar belas paisagens naturais do munic\u00edpio, refor\u00e7ando o potencial tur\u00edstico da regi\u00e3o. No retorno \u00e0 cidade, a anima\u00e7\u00e3o continua com apresenta\u00e7\u00f5es musicais ao vivo na Pra\u00e7a da Igreja, onde bandas locais v\u00e3o embalar o p\u00fablico em um encerramento vibrante.<\/p>\n<p>O evento \u00e9 organizado pela UCRJ \u2013 Uni\u00e3o dos Ciclistas de Riach\u00e3o do Jacu\u00edpe \u2013 com o apoio da Prefeitura Municipal. A iniciativa destaca o crescimento do cicloturismo na Bahia e fortalece Riach\u00e3o como refer\u00eancia no calend\u00e1rio estadual para os praticantes da modalidade.<\/p>\n<p>Al\u00e9m de promover o esporte e o lazer, o evento tamb\u00e9m impulsiona a economia local. A cidade j\u00e1 sente os reflexos positivos da movimenta\u00e7\u00e3o: pousadas e hot\u00e9is est\u00e3o com alta taxa de ocupa\u00e7\u00e3o, restaurantes registram aumento na demanda e o com\u00e9rcio em geral se beneficia com o grande fluxo de visitantes. \u00c9 uma verdadeira inje\u00e7\u00e3o de \u00e2nimo para diversos setores da cidade.<\/p>\n<p>Prepare sua bike, chame os amigos e venha pedalar com a gente! Riach\u00e3o do Jacu\u00edpe espera por voc\u00ea para um dia inesquec\u00edvel de aventura, m\u00fasica, natureza e confraterniza\u00e7\u00e3o.<\/p>\n<p><em>Siga o Acorda Cidade no<\/em><a href=\"https:\/\/news.google.com\/search?q=acorda%20cidade&amp;hl=pt-BR&amp;gl=BR&amp;ceid=BR%3Apt-419\"><strong><em>\u00a0Google Not\u00edcias<\/em><\/strong><\/a><em>\u00a0e receba os principais destaques do dia. Participe tamb\u00e9m dos nossos canais no\u00a0<\/em><a href=\"https:\/\/www.whatsapp.com\/channel\/0029Va6Rb4v3WHTNnsh8WI3N\"><strong><em>WhatsApp<\/em><\/strong><\/a><em>\u00a0e\u00a0<\/em><a href=\"https:\/\/www.youtube.com\/@acordacidadenoticias\/videos\"><strong>YouTube<\/strong><\/a><em>\u00a0e do grupo no\u00a0<\/em><a href=\"https:\/\/t.me\/+sSz0khrgARA0ZmRh\"><strong><em>Telegram<\/em><\/strong><\/a><\/p>\n<\/div>\n","protected":false},"excerpt":{"rendered":"<div>\n<div>\n<figure><img decoding=\"async\" src=\"https:\/\/uploads.acordacidade.com.br\/2025\/05\/cicloturismo-foto-divulgacao-.jpg\" alt=\"Passeio\"><figcaption>Foto: Divulga\u00e7\u00e3o <\/figcaption><\/figure>\n<\/div>\n<p>O passeio promete unir esporte, lazer, natureza e muita cultura nordestina, reunindo ciclistas de mais de 100 cidades do estado.<\/p><\/div>\n","protected":false},"author":1,"featured_media":85941,"comment_status":"closed","ping_status":"closed","sticky":false,"template":"","format":"gallery","meta":{"footnotes":""},"categories":[8,9,6,57,56,10],"tags":[],"class_list":["post-85940","post","type-post","status-publish","format-gallery","has-post-thumbnail","hentry","category-bahia","category-brasil","category-feira-de-santana","category-mundo","category-policia","category-politica","post_format-post-format-gallery"],"featured_image_urls":{"full":["https:\/\/noticiasbahia360.com.br\/wp-content\/uploads\/2025\/05\/cicloturismo-foto-divulgacao-.jpg",1200,800,false],"thumbnail":["https:\/\/noticiasbahia360.com.br\/wp-content\/uploads\/2025\/05\/cicloturismo-foto-divulgacao--150x150.jpg",150,150,true],"medium":["https:\/\/noticiasbahia360.com.br\/wp-content\/uploads\/2025\/05\/cicloturismo-foto-divulgacao--300x200.jpg",300,200,true],"medium_large":["https:\/\/noticiasbahia360.com.br\/wp-content\/uploads\/2025\/05\/cicloturismo-foto-divulgacao--768x512.jpg",640,427,true],"large":["https:\/\/noticiasbahia360.com.br\/wp-content\/uploads\/2025\/05\/cicloturismo-foto-divulgacao--1024x683.jpg",640,427,true],"1536x1536":["https:\/\/noticiasbahia360.com.br\/wp-content\/uploads\/2025\/05\/cicloturismo-foto-divulgacao-.jpg",1200,800,false],"2048x2048":["https:\/\/noticiasbahia360.com.br\/wp-content\/uploads\/2025\/05\/cicloturismo-foto-divulgacao-.jpg",1200,800,false],"chromenews-featured":["https:\/\/noticiasbahia360.com.br\/wp-content\/uploads\/2025\/05\/cicloturismo-foto-divulgacao--1024x683.jpg",1024,683,true],"chromenews-large":["https:\/\/noticiasbahia360.com.br\/wp-content\/uploads\/2025\/05\/cicloturismo-foto-divulgacao--825x575.jpg",825,575,true],"chromenews-medium":["https:\/\/noticiasbahia360.com.br\/wp-content\/uploads\/2025\/05\/cicloturismo-foto-divulgacao--590x410.jpg",590,410,true]},"author_info":{"display_name":"noticiasbahia360.com.br","author_link":"https:\/\/noticiasbahia360.com.br\/?author=1"},"category_info":"<a href=\"https:\/\/noticiasbahia360.com.br\/?cat=8\" rel=\"category\">Bahia<\/a> <a href=\"https:\/\/noticiasbahia360.com.br\/?cat=9\" rel=\"category\">Brasil<\/a> <a href=\"https:\/\/noticiasbahia360.com.br\/?cat=6\" rel=\"category\">Feira de Santana<\/a> <a href=\"https:\/\/noticiasbahia360.com.br\/?cat=57\" rel=\"category\">Mundo<\/a> <a href=\"https:\/\/noticiasbahia360.com.br\/?cat=56\" rel=\"category\">Pol\u00edcia<\/a> <a href=\"https:\/\/noticiasbahia360.com.br\/?cat=10\" rel=\"category\">Pol\u00edtica<\/a>","tag_info":"Pol\u00edtica","comment_count":"0","_links":{"self":[{"href":"https:\/\/noticiasbahia360.com.br\/index.php?rest_route=\/wp\/v2\/posts\/85940","targetHints":{"allow":["GET"]}}],"collection":[{"href":"https:\/\/noticiasbahia360.com.br\/index.php?rest_route=\/wp\/v2\/posts"}],"about":[{"href":"https:\/\/noticiasbahia360.com.br\/index.php?rest_route=\/wp\/v2\/types\/post"}],"author":[{"embeddable":true,"href":"https:\/\/noticiasbahia360.com.br\/index.php?rest_route=\/wp\/v2\/users\/1"}],"replies":[{"embeddable":true,"href":"https:\/\/noticiasbahia360.com.br\/index.php?rest_route=%2Fwp%2Fv2%2Fcomments&post=85940"}],"version-history":[{"count":0,"href":"https:\/\/noticiasbahia360.com.br\/index.php?rest_route=\/wp\/v2\/posts\/85940\/revisions"}],"wp:featuredmedia":[{"embeddable":true,"href":"https:\/\/noticiasbahia360.com.br\/index.php?rest_route=\/wp\/v2\/media\/85941"}],"wp:attachment":[{"href":"https:\/\/noticiasbahia360.com.br\/index.php?rest_route=%2Fwp%2Fv2%2Fmedia&parent=85940"}],"wp:term":[{"taxonomy":"category","embeddable":true,"href":"https:\/\/noticiasbahia360.com.br\/index.php?rest_route=%2Fwp%2Fv2%2Fcategories&post=85940"},{"taxonomy":"post_tag","embeddable":true,"href":"https:\/\/noticiasbahia360.com.br\/index.php?rest_route=%2Fwp%2Fv2%2Ftags&post=85940"}],"curies":[{"name":"wp","href":"https:\/\/api.w.org\/{rel}","templated":true}]}} 